{"id":43291,"date":"2025-09-09T08:24:43","date_gmt":"2025-09-09T08:24:43","guid":{"rendered":"https:\/\/radiojehona.com\/?p=43291"},"modified":"2025-09-09T08:24:44","modified_gmt":"2025-09-09T08:24:44","slug":"azet-papritur-anulon-te-gjitha-koncertet-njofton-publikun-per-arsyen","status":"publish","type":"post","link":"https:\/\/radiojehona.mk\/?p=43291","title":{"rendered":"Azet papritur anulon t\u00eb gjitha koncertet, njofton publikun p\u00ebr arsyen"},"content":{"rendered":"\n<figure class=\"wp-block-image size-full\"><img fetchpriority=\"high\" decoding=\"async\" width=\"696\" height=\"383\" src=\"https:\/\/radiojehona.com\/wp-content\/uploads\/2025\/09\/IMG_4248-696x383-1.jpeg\" alt=\"\" class=\"wp-image-43292\" srcset=\"https:\/\/radiojehona.mk\/wp-content\/uploads\/2025\/09\/IMG_4248-696x383-1.jpeg 696w, https:\/\/radiojehona.mk\/wp-content\/uploads\/2025\/09\/IMG_4248-696x383-1-300x165.jpeg 300w\" sizes=\"(max-width: 696px) 100vw, 696px\" \/><\/figure>\n\n\n\n<p><a href=\"https:\/\/tetovasot.com\/wp-content\/uploads\/2025\/09\/IMG_4248-696x383-1.jpeg\"><\/a><\/p>\n\n\n\n<p>Reperi i njohur Azet ka ndar\u00eb nj\u00eb njoftim t\u00eb r\u00ebnd\u00ebsish\u00ebm p\u00ebrmes rrjeteve sociale.<\/p>\n\n\n\n<p>Azet ka b\u00ebr\u00eb t\u00eb ditur se p\u00ebr shkak t\u00eb arsyeve familjare \u00ebsht\u00eb i detyruar t\u00eb anuloj\u00eb t\u00eb gjitha koncertet e planifikuara p\u00ebr k\u00ebt\u00eb vit, p\u00ebrfshir\u00eb edhe Release-Show e parashikuar m\u00eb 19 shtator.<\/p>\n\n\n\n<p>\u201cM\u00eb vjen v\u00ebrtet\u00eb shum\u00eb keq, sepse isha gati dhe i g\u00ebzuar q\u00eb do t\u2019ju takoja, por p\u00ebr momentin nuk \u00ebsht\u00eb e mundur p\u00ebr mua t\u00eb mbaj k\u00ebto shfaqje,\u201d shkruan ai.<\/p>\n\n\n\n<p>Megjithat\u00eb, Azet nuk la fansat pa nj\u00eb lajm t\u00eb mir\u00eb. Ai konfirmoi se m\u00eb 19 shtator do t\u00eb publikohet albumi i tij i ri \u201cPlayboys im AMG\u201d, nj\u00eb projekt q\u00eb mezi pret ta ndaj\u00eb me publikun. P\u00ebrve\u00e7 albumit, do t\u00eb vij\u00eb edhe nj\u00eb k\u00ebng\u00eb e fundit me nj\u00eb kombinim unik, t\u00eb cilin ai premton se nuk e ka sjell\u00eb m\u00eb par\u00eb.<\/p>\n\n\n\n<p>Artisti theksoi se ndonj\u00ebher\u00eb n\u00eb jet\u00eb ndodhin gj\u00ebra t\u00eb paparashikuara q\u00eb t\u00eb detyrojn\u00eb t\u00eb t\u00ebrhiqesh p\u00ebrkoh\u00ebsisht, por siguroi publikun se do t\u00eb rikthehet m\u00eb i fort\u00eb se kurr\u00eb:<\/p>\n\n\n\n<p>\u201cDuhet t\u00eb t\u00ebrhiqem p\u00ebr nj\u00eb koh\u00eb, por do t\u00eb kthehem m\u00eb i fort\u00eb se asnj\u00ebher\u00eb!\u201d<\/p>\n\n\n\n<p>N\u00eb fund, Azet fal\u00ebnderoi fansat p\u00ebr mir\u00ebkuptimin dhe mb\u00ebshtetjen e vazhdueshme:<br>\u201cFaleminderit shum\u00eb p\u00ebr mb\u00ebshtetjen tuaj dhe mir\u00ebkuptimin.\u201d<\/p>\n","protected":false},"excerpt":{"rendered":"<p>Reperi i njohur Azet ka ndar&euml; nj&euml; njoftim t&euml; r&euml;nd&euml;sish&euml;m p&euml;rmes rrjeteve sociale. Azet ka b&euml;r&euml; t&euml; ditur se p&euml;r shkak t&euml; arsyeve familjare &euml;sht&euml; i detyruar t&euml; anuloj&euml; t&euml; gjitha koncertet e planifikuara p&euml;r k&euml;t&euml; vit, p&euml;rfshir&euml; edhe Release-Show e parashikuar m&euml; 19 shtator. &ldquo;M&euml; vjen v&euml;rtet&euml; shum&euml; keq, sepse isha gati dhe i [&hellip;]<\/p>\n","protected":false},"author":2,"featured_media":43292,"comment_status":"open","ping_status":"closed","sticky":false,"template":"","format":"standard","meta":{"_monsterinsights_skip_tracking":false,"_monsterinsights_sitenote_active":false,"_monsterinsights_sitenote_note":"","_monsterinsights_sitenote_category":0,"footnotes":""},"categories":[7],"tags":[],"class_list":["post-43291","post","type-post","status-publish","format-standard","has-post-thumbnail","hentry","category-showbizz"],"_links":{"self":[{"href":"https:\/\/radiojehona.mk\/index.php?rest_route=\/wp\/v2\/posts\/43291","targetHints":{"allow":["GET"]}}],"collection":[{"href":"https:\/\/radiojehona.mk\/index.php?rest_route=\/wp\/v2\/posts"}],"about":[{"href":"https:\/\/radiojehona.mk\/index.php?rest_route=\/wp\/v2\/types\/post"}],"author":[{"embeddable":true,"href":"https:\/\/radiojehona.mk\/index.php?rest_route=\/wp\/v2\/users\/2"}],"replies":[{"embeddable":true,"href":"https:\/\/radiojehona.mk\/index.php?rest_route=%2Fwp%2Fv2%2Fcomments&post=43291"}],"version-history":[{"count":1,"href":"https:\/\/radiojehona.mk\/index.php?rest_route=\/wp\/v2\/posts\/43291\/revisions"}],"predecessor-version":[{"id":43293,"href":"https:\/\/radiojehona.mk\/index.php?rest_route=\/wp\/v2\/posts\/43291\/revisions\/43293"}],"wp:featuredmedia":[{"embeddable":true,"href":"https:\/\/radiojehona.mk\/index.php?rest_route=\/wp\/v2\/media\/43292"}],"wp:attachment":[{"href":"https:\/\/radiojehona.mk\/index.php?rest_route=%2Fwp%2Fv2%2Fmedia&parent=43291"}],"wp:term":[{"taxonomy":"category","embeddable":true,"href":"https:\/\/radiojehona.mk\/index.php?rest_route=%2Fwp%2Fv2%2Fcategories&post=43291"},{"taxonomy":"post_tag","embeddable":true,"href":"https:\/\/radiojehona.mk\/index.php?rest_route=%2Fwp%2Fv2%2Ftags&post=43291"}],"curies":[{"name":"wp","href":"https:\/\/api.w.org\/{rel}","templated":true}]}}