{"id":43285,"date":"2025-09-09T08:22:23","date_gmt":"2025-09-09T08:22:23","guid":{"rendered":"https:\/\/radiojehona.com\/?p=43285"},"modified":"2025-09-09T08:22:24","modified_gmt":"2025-09-09T08:22:24","slug":"treni-ne-meksike-perplaset-me-autobusin-10-viktima-dhe-61-te-plagosur","status":"publish","type":"post","link":"https:\/\/radiojehona.mk\/?p=43285","title":{"rendered":"Treni n\u00eb Meksik\u00eb p\u00ebrplaset me autobusin, 10 viktima dhe 61 t\u00eb plagosur"},"content":{"rendered":"\n<figure class=\"wp-block-image size-full\"><img fetchpriority=\"high\" decoding=\"async\" width=\"900\" height=\"540\" src=\"https:\/\/radiojehona.com\/wp-content\/uploads\/2025\/09\/auto_Capture-36-600x3601757400192-1.jpg\" alt=\"\" class=\"wp-image-43286\" srcset=\"https:\/\/radiojehona.mk\/wp-content\/uploads\/2025\/09\/auto_Capture-36-600x3601757400192-1.jpg 900w, https:\/\/radiojehona.mk\/wp-content\/uploads\/2025\/09\/auto_Capture-36-600x3601757400192-1-300x180.jpg 300w, https:\/\/radiojehona.mk\/wp-content\/uploads\/2025\/09\/auto_Capture-36-600x3601757400192-1-768x461.jpg 768w\" sizes=\"(max-width: 900px) 100vw, 900px\" \/><\/figure>\n\n\n\n<p>Dhjet\u00eb persona u vran\u00eb dhe t\u00eb pakt\u00ebn 61 u plagos\u00ebn n\u00eb Meksik\u00ebn Qendrore kur nj\u00eb tren mallrash u p\u00ebrplas me nj\u00eb autobus pasagjer\u00ebsh me dy kate, t\u00eb cilin operatori i trenit tha se po p\u00ebrpiqej ta kalonte p\u00ebrpara trenit n\u00eb l\u00ebvizje.<\/p>\n\n\n\n<p>Imazhet nga vendi i ngjarjes treguan pjes\u00ebn e p\u00ebrparme t\u00eb autobusit t\u00eb p\u00ebrplasur dhe korniz\u00ebn e tij metalike t\u00eb d\u00ebmtuar r\u00ebnd\u00eb, nd\u00ebrsa ekipet e ndihm\u00ebs s\u00eb shpejt\u00eb rrethuan zon\u00ebn.<\/p>\n\n\n\n<p>P\u00ebrplasja ndodhi n\u00eb nj\u00eb zon\u00eb industriale n\u00eb autostrad\u00ebn midis Atlacomulcos, nj\u00eb qytet rreth 115 km n\u00eb veriper\u00ebndim t\u00eb kryeqytetit Mexico City, dhe Maravatiot, n\u00eb shtetin e af\u00ebrt Michoacan, than\u00eb autoritetet lokale.<\/p>\n","protected":false},"excerpt":{"rendered":"<p>Dhjet&euml; persona u vran&euml; dhe t&euml; pakt&euml;n 61 u plagos&euml;n n&euml; Meksik&euml;n Qendrore kur nj&euml; tren mallrash u p&euml;rplas me nj&euml; autobus pasagjer&euml;sh me dy kate, t&euml; cilin operatori i trenit tha se po p&euml;rpiqej ta kalonte p&euml;rpara trenit n&euml; l&euml;vizje. Imazhet nga vendi i ngjarjes treguan pjes&euml;n e p&euml;rparme t&euml; autobusit t&euml; p&euml;rplasur dhe [&hellip;]<\/p>\n","protected":false},"author":2,"featured_media":43286,"comment_status":"open","ping_status":"closed","sticky":false,"template":"","format":"standard","meta":{"_monsterinsights_skip_tracking":false,"_monsterinsights_sitenote_active":false,"_monsterinsights_sitenote_note":"","_monsterinsights_sitenote_category":0,"footnotes":""},"categories":[569],"tags":[],"class_list":["post-43285","post","type-post","status-publish","format-standard","has-post-thumbnail","hentry","category-bota"],"_links":{"self":[{"href":"https:\/\/radiojehona.mk\/index.php?rest_route=\/wp\/v2\/posts\/43285","targetHints":{"allow":["GET"]}}],"collection":[{"href":"https:\/\/radiojehona.mk\/index.php?rest_route=\/wp\/v2\/posts"}],"about":[{"href":"https:\/\/radiojehona.mk\/index.php?rest_route=\/wp\/v2\/types\/post"}],"author":[{"embeddable":true,"href":"https:\/\/radiojehona.mk\/index.php?rest_route=\/wp\/v2\/users\/2"}],"replies":[{"embeddable":true,"href":"https:\/\/radiojehona.mk\/index.php?rest_route=%2Fwp%2Fv2%2Fcomments&post=43285"}],"version-history":[{"count":1,"href":"https:\/\/radiojehona.mk\/index.php?rest_route=\/wp\/v2\/posts\/43285\/revisions"}],"predecessor-version":[{"id":43287,"href":"https:\/\/radiojehona.mk\/index.php?rest_route=\/wp\/v2\/posts\/43285\/revisions\/43287"}],"wp:featuredmedia":[{"embeddable":true,"href":"https:\/\/radiojehona.mk\/index.php?rest_route=\/wp\/v2\/media\/43286"}],"wp:attachment":[{"href":"https:\/\/radiojehona.mk\/index.php?rest_route=%2Fwp%2Fv2%2Fmedia&parent=43285"}],"wp:term":[{"taxonomy":"category","embeddable":true,"href":"https:\/\/radiojehona.mk\/index.php?rest_route=%2Fwp%2Fv2%2Fcategories&post=43285"},{"taxonomy":"post_tag","embeddable":true,"href":"https:\/\/radiojehona.mk\/index.php?rest_route=%2Fwp%2Fv2%2Ftags&post=43285"}],"curies":[{"name":"wp","href":"https:\/\/api.w.org\/{rel}","templated":true}]}}