{"id":43282,"date":"2025-09-09T08:20:51","date_gmt":"2025-09-09T08:20:51","guid":{"rendered":"https:\/\/radiojehona.com\/?p=43282"},"modified":"2025-09-09T08:20:52","modified_gmt":"2025-09-09T08:20:52","slug":"destabiliteti-politik-kercenon-edhe-ekonomine-ne-france-borxhi-i-brendshem-krijon-rrezik-per-eurozonen","status":"publish","type":"post","link":"https:\/\/radiojehona.mk\/?p=43282","title":{"rendered":"Destabiliteti politik k\u00ebrc\u00ebnon edhe ekonomin\u00eb n\u00eb Franc\u00eb, borxhi i brendsh\u00ebm krijon rrezik p\u00ebr Eurozon\u00ebn"},"content":{"rendered":"\n<figure class=\"wp-block-image size-full\"><img fetchpriority=\"high\" decoding=\"async\" width=\"611\" height=\"348\" src=\"https:\/\/radiojehona.com\/wp-content\/uploads\/2025\/09\/fdsgsdfgdsfg.jpg\" alt=\"\" class=\"wp-image-43283\" srcset=\"https:\/\/radiojehona.mk\/wp-content\/uploads\/2025\/09\/fdsgsdfgdsfg.jpg 611w, https:\/\/radiojehona.mk\/wp-content\/uploads\/2025\/09\/fdsgsdfgdsfg-300x171.jpg 300w\" sizes=\"(max-width: 611px) 100vw, 611px\" \/><\/figure>\n\n\n\n<p>Borxhi sovran n\u00eb rritje i Franc\u00ebs, i shoq\u00ebruar me grindjet e brendshme politike, mund t\u00eb k\u00ebrc\u00ebnoj\u00eb stabilitetin fiskal t\u00eb Eurozon\u00ebs, raportoi Deutsche Welle, duke cituar nj\u00eb ekspert.<\/p>\n\n\n\n<figure class=\"wp-block-image\"><img decoding=\"async\" src=\"https:\/\/ads.balkanweb.com\/www\/delivery\/lg.php?bannerid=0&amp;campaignid=0&amp;zoneid=426&amp;loc=https%3A%2F%2Fwww.balkanweb.com%2Fdestabiliteti-politik-kercenon-edhe-ekonomine-ne-france-borxhi-i-brendshem-krijon-rrezik-per-eurozonen%2F&amp;referer=https%3A%2F%2Ffax.al%2F&amp;cb=a6f4658a4b\" alt=\"\"\/><\/figure>\n\n\n\n<p>Franca ka nj\u00eb nga borxhet komb\u00ebtare m\u00eb t\u00eb larta n\u00eb BE, aktualisht n\u00eb 3.35 trilion\u00eb euro (3.9 trilion\u00eb dollar\u00eb) \u2013 rreth 113% e PBB-s\u00eb. Raporti pritet t\u00eb rritet n\u00eb 125% deri n\u00eb vitin 2030. Deficiti i saj buxhetor parashikohet t\u00eb jet\u00eb 5.4\u20135.8% k\u00ebt\u00eb vit, shum\u00eb mbi limitin prej 3% t\u00eb bllokut.<\/p>\n\n\n\n<p>Friedrich Heinemann i Qendr\u00ebs ZEW Leibniz p\u00ebr K\u00ebrkime Ekonomike Evropiane n\u00eb Mannheim t\u00eb Gjermanis\u00eb, i tha gazet\u00ebs n\u00eb nj\u00eb artikull t\u00eb botuar t\u00eb shtun\u00ebn se \u201cduhet t\u00eb shqet\u00ebsohemi. Eurozona nuk \u00ebsht\u00eb e q\u00ebndrueshme n\u00eb k\u00ebt\u00eb pik\u00eb\u201d.<\/p>\n\n\n\n<p>Nj\u00eb plan drastik shtr\u00ebngimi i propozuar nga kryeministri i qeveris\u00eb s\u00eb pakic\u00ebs franceze, Francois Bayrou, shkaktoi nj\u00eb vot\u00eb mosbesimi q\u00eb ai e humbi t\u00eb h\u00ebn\u00ebn n\u00eb mbr\u00ebmje. Plani p\u00ebrfshinte shkurtimin e vendeve t\u00eb pun\u00ebs n\u00eb sektorin publik, frenimin e shpenzimeve t\u00eb mir\u00ebqenies, si dhe heqjen e dy festave zyrtare. Tubimi Komb\u00ebtar i krahut t\u00eb djatht\u00eb, Socialist\u00ebt dhe partia e majt\u00eb France Unbowed e kund\u00ebrshtuan me forc\u00eb propozimin.<\/p>\n\n\n\n<figure class=\"wp-block-image\"><img decoding=\"async\" src=\"https:\/\/ads.balkanweb.com\/www\/delivery\/lg.php?bannerid=0&amp;campaignid=0&amp;zoneid=629&amp;loc=https%3A%2F%2Fwww.balkanweb.com%2Fdestabiliteti-politik-kercenon-edhe-ekonomine-ne-france-borxhi-i-brendshem-krijon-rrezik-per-eurozonen%2F&amp;referer=https%3A%2F%2Ffax.al%2F&amp;cb=f473fb2ca9\" alt=\"\"\/><\/figure>\n\n\n\n<p>Nj\u00eb sondazh i Elabe p\u00ebrpara votimit tregoi gjithashtu se shumica e t\u00eb anketuarve ishin kund\u00ebr masave.<\/p>\n\n\n\n<p>Heinemann i tha DW se dyshon se Franca do t\u00eb gjej\u00eb nj\u00eb rrug\u00ebdalje s\u00eb shpejti, duke pasur parasysh grindjet e ashpra politike.<\/p>\n\n\n\n<p>N\u00eb korrik, Bloomberg, duke cituar ekspert\u00ebt e ING Groep NV, pohoi n\u00eb m\u00ebnyr\u00eb t\u00eb ngjashme se borxhi n\u00eb rritje i Franc\u00ebs mund t\u00eb jet\u00eb nj\u00eb \u201cbomb\u00eb me tik-tak\u201d p\u00ebr stabilitetin financiar t\u00eb BE-s\u00eb.<\/p>\n\n\n\n<p>Pavar\u00ebsisht deficitit t\u00eb konsideruesh\u00ebm buxhetor, Franca planifikon t\u00eb rris\u00eb shpenzimet ushtarake n\u00eb 64 miliard\u00eb euro n\u00eb vitin 2027, dyfishi i asaj q\u00eb shpenzoi vendi n\u00eb vitin 2017.<\/p>\n\n\n\n<p>Presidenti Emmanuel Macron ka p\u00ebrmendur vazhdimisht nj\u00eb k\u00ebrc\u00ebnim t\u00eb supozuar rus. Kremlini i ka hedhur posht\u00eb vazhdimisht pretendimet si \u201ct\u00eb pakuptimta\u201d, duke akuzuar BE-n\u00eb p\u00ebr militarizim t\u00eb shpejt\u00eb.<\/p>\n\n\n\n<p>N\u00eb maj, shtetet an\u00ebtare miratuan nj\u00eb program borxhi prej 150 miliard\u00eb eurosh (169 miliard\u00eb dollar\u00eb) p\u00ebr prokurimin e arm\u00ebve.<\/p>\n","protected":false},"excerpt":{"rendered":"<p>Borxhi sovran n&euml; rritje i Franc&euml;s, i shoq&euml;ruar me grindjet e brendshme politike, mund t&euml; k&euml;rc&euml;noj&euml; stabilitetin fiskal t&euml; Eurozon&euml;s, raportoi Deutsche Welle, duke cituar nj&euml; ekspert. Franca ka nj&euml; nga borxhet komb&euml;tare m&euml; t&euml; larta n&euml; BE, aktualisht n&euml; 3.35 trilion&euml; euro (3.9 trilion&euml; dollar&euml;) &ndash; rreth 113% e PBB-s&euml;. Raporti pritet t&euml; rritet [&hellip;]<\/p>\n","protected":false},"author":2,"featured_media":43283,"comment_status":"open","ping_status":"closed","sticky":false,"template":"","format":"standard","meta":{"_monsterinsights_skip_tracking":false,"_monsterinsights_sitenote_active":false,"_monsterinsights_sitenote_note":"","_monsterinsights_sitenote_category":0,"footnotes":""},"categories":[569],"tags":[],"class_list":["post-43282","post","type-post","status-publish","format-standard","has-post-thumbnail","hentry","category-bota"],"_links":{"self":[{"href":"https:\/\/radiojehona.mk\/index.php?rest_route=\/wp\/v2\/posts\/43282","targetHints":{"allow":["GET"]}}],"collection":[{"href":"https:\/\/radiojehona.mk\/index.php?rest_route=\/wp\/v2\/posts"}],"about":[{"href":"https:\/\/radiojehona.mk\/index.php?rest_route=\/wp\/v2\/types\/post"}],"author":[{"embeddable":true,"href":"https:\/\/radiojehona.mk\/index.php?rest_route=\/wp\/v2\/users\/2"}],"replies":[{"embeddable":true,"href":"https:\/\/radiojehona.mk\/index.php?rest_route=%2Fwp%2Fv2%2Fcomments&post=43282"}],"version-history":[{"count":1,"href":"https:\/\/radiojehona.mk\/index.php?rest_route=\/wp\/v2\/posts\/43282\/revisions"}],"predecessor-version":[{"id":43284,"href":"https:\/\/radiojehona.mk\/index.php?rest_route=\/wp\/v2\/posts\/43282\/revisions\/43284"}],"wp:featuredmedia":[{"embeddable":true,"href":"https:\/\/radiojehona.mk\/index.php?rest_route=\/wp\/v2\/media\/43283"}],"wp:attachment":[{"href":"https:\/\/radiojehona.mk\/index.php?rest_route=%2Fwp%2Fv2%2Fmedia&parent=43282"}],"wp:term":[{"taxonomy":"category","embeddable":true,"href":"https:\/\/radiojehona.mk\/index.php?rest_route=%2Fwp%2Fv2%2Fcategories&post=43282"},{"taxonomy":"post_tag","embeddable":true,"href":"https:\/\/radiojehona.mk\/index.php?rest_route=%2Fwp%2Fv2%2Ftags&post=43282"}],"curies":[{"name":"wp","href":"https:\/\/api.w.org\/{rel}","templated":true}]}}