{"id":43278,"date":"2025-09-09T08:19:29","date_gmt":"2025-09-09T08:19:29","guid":{"rendered":"https:\/\/radiojehona.com\/?p=43278"},"modified":"2025-09-09T08:19:29","modified_gmt":"2025-09-09T08:19:29","slug":"myftinia-e-dibres-dhuroi-parcelen-per-treg-te-ri-por-menaxhimi-nga-komuna-mbetet-pezull","status":"publish","type":"post","link":"https:\/\/radiojehona.mk\/?p=43278","title":{"rendered":"Myftinia e Dibr\u00ebs dhuroi parcel\u00ebn p\u00ebr treg t\u00eb ri, por menaxhimi nga komuna mbetet pezull"},"content":{"rendered":"\n<figure class=\"wp-block-image size-full\"><img fetchpriority=\"high\" decoding=\"async\" width=\"900\" height=\"645\" src=\"https:\/\/radiojehona.com\/wp-content\/uploads\/2025\/09\/14-00-REDAKT.-tregu-i-qytetit-te-Dibres.jpg\" alt=\"\" class=\"wp-image-43280\" srcset=\"https:\/\/radiojehona.mk\/wp-content\/uploads\/2025\/09\/14-00-REDAKT.-tregu-i-qytetit-te-Dibres.jpg 900w, https:\/\/radiojehona.mk\/wp-content\/uploads\/2025\/09\/14-00-REDAKT.-tregu-i-qytetit-te-Dibres-300x215.jpg 300w, https:\/\/radiojehona.mk\/wp-content\/uploads\/2025\/09\/14-00-REDAKT.-tregu-i-qytetit-te-Dibres-768x550.jpg 768w\" sizes=\"(max-width: 900px) 100vw, 900px\" \/><\/figure>\n\n\n\n<p>P\u00ebr shkak t\u00eb kushteve minimale p\u00ebr tregtim q\u00eb ekzistonin n\u00eb tregun e gjelb\u00ebr t\u00eb vjet\u00ebr, i cili ndodhet pran\u00eb Qendr\u00ebs Tregtare \u201cMDH\u201d, Myftinia e Dibr\u00ebs, n\u00eb nj\u00eb parcel\u00eb t\u00eb saj, pas nd\u00ebrtimit t\u00eb Bulevardit \u201cIliria\u201d, aty ku dikur ishin vreshtat e vjetra, me q\u00ebllim q\u00eb t\u2019u mund\u00ebsoj\u00eb banor\u00ebve kushte m\u00eb t\u00eb mira p\u00ebr tregtim, nd\u00ebrtoi para disa vitesh tregun e gjelb\u00ebr n\u00eb pjes\u00ebn e re t\u00eb qytetit. Ky \u00ebsht\u00eb nj\u00eb lokacion q\u00eb, sipas sip\u00ebrfaqes, plot\u00ebson nevojat e nj\u00eb tregu modern. Megjithat\u00eb, q\u00eb nga nd\u00ebrtimi e deri m\u00eb sot, Myftinia ka tentuar q\u00eb tregun t\u2019ia jap\u00eb me qira Nd\u00ebrmarrjes komunale t\u00eb qytetit, pasi vet\u00eb nuk ka mund\u00ebsi t\u00eb menaxhoj\u00eb me t\u00eb. Bisedimet rreth menaxhimit jan\u00eb ende n\u00eb zhvillim, nd\u00ebrkoh\u00eb q\u00eb dibran\u00ebt e shfryt\u00ebzojn\u00eb k\u00ebt\u00eb treg \u00e7do t\u00eb shtun\u00eb, kur n\u00eb Dib\u00ebr zhvillohet pazari i zakonsh\u00ebm me pjes\u00ebmarrje masive.<\/p>\n\n\n\n<p>N\u00eb k\u00ebt\u00eb treg ka edhe tregtar\u00eb, sidomos nga qytetet e tjera, t\u00eb cil\u00ebt shesin prodhime bujq\u00ebsore dhe pajisje t\u00eb ndryshme, por p\u00ebr t\u00eb mos paguar taks\u00ebn, i ekspozojn\u00eb mallrat para hyrjes s\u00eb tregut. Kjo gj\u00eb krijon nj\u00eb ambient t\u00eb pad\u00ebshiruesh\u00ebm p\u00ebr dibran\u00ebt dhe p\u00ebr bler\u00ebsit q\u00eb vijn\u00eb nga zonat rurale t\u00eb Shqip\u00ebris\u00eb.<\/p>\n\n\n\n<p>N\u00eb nj\u00eb bised\u00eb q\u00eb pat\u00ebm me Myftinin\u00eb e Dibr\u00ebs, n\u00eb lidhje me tregun q\u00eb aktualisht p\u00ebrdoret nga qytetar\u00ebt, na u informua se deri tani jan\u00eb realizuar shum\u00eb takime me udh\u00ebheq\u00ebsin\u00eb e komun\u00ebs dhe me nd\u00ebrmarrjen komunale. Myftiu i Dibr\u00ebs, Reshat Ka\u00e7allniku, p\u00ebr gazet\u00ebn Koha deklaroi se duhet t\u00eb gjendet nj\u00eb m\u00ebnyr\u00eb ligjore dhe efikase p\u00ebr menaxhimin e tregut.<\/p>\n\n\n\n<p>\u201cNe si Myftini ofrojm\u00eb nj\u00eb zgjidhje q\u00eb tregun e gjelb\u00ebr ta menaxhoj\u00eb nd\u00ebrmarrja komunale \u2018Standardi\u2019, e cila \u00ebsht\u00eb themeluar nga Komuna e Dibr\u00ebs. Ky ka qen\u00eb dhe mbetet propozimi yn\u00eb. Nga ana tjet\u00ebr, tregun e ofrojm\u00eb me qira shum\u00eb modeste. Ne nuk kemi t\u00eb drejt\u00eb ligjore t\u00eb themelojm\u00eb nj\u00eb nd\u00ebrmarrje p\u00ebr menaxhimin e tregut, dhe k\u00ebt\u00eb duhet ta b\u00ebj\u00eb nd\u00ebrmarrja komunale e Dibr\u00ebs, ashtu si\u00e7 e p\u00ebrcakton ligji dhe si\u00e7 ka qen\u00eb m\u00eb par\u00eb. Ky treg u nd\u00ebrtua n\u00eb interes t\u00eb qytetar\u00ebve dibran\u00eb\u201d, tha Myftiu Ka\u00e7allniku.<\/p>\n\n\n\n<p>Ai shtoi se bisedimet p\u00ebr menaxhimin e tregut vazhdojn\u00eb dhe se \u00ebsht\u00eb optimist se me nj\u00eb qira t\u00eb ul\u00ebt dhe modeste do t\u00eb gjendet nj\u00eb zgjidhje. P\u00ebr situat\u00ebn e tregut \u00ebsht\u00eb diskutuar edhe n\u00eb seanc\u00ebn e K\u00ebshillit t\u00eb Komun\u00ebs, ku disa nga k\u00ebshilltar\u00ebt k\u00ebrkuan q\u00eb tregu i gjelb\u00ebr t\u00eb plot\u00ebsoj\u00eb t\u00eb gjitha kushtet e nevojshme p\u00ebr shitje. Kryetari i Dibr\u00ebs, Hekuran Duka, p\u00ebr gazet\u00ebn Koha tha se po zhvillohen bisedime p\u00ebr menaxhimin e tregut.<\/p>\n\n\n\n<p>\u201cTregu i gjelb\u00ebr duhet t\u00eb ket\u00eb t\u00eb gjitha karakteristikat p\u00ebr plasmanin adekuat t\u00eb prodhimeve bujq\u00ebsore dhe blegtorale. Jemi n\u00eb bisedime me Myftinin\u00eb, e cila na informoi se \u00ebsht\u00eb e gatshme ta jap\u00eb me qira. Besoj se bisedimet do t\u00eb japin rezultate, sepse duhet t\u00eb gjendet nj\u00eb zgjidhje ligjore, pasi p\u00ebr momentin tregu i vet\u00ebm legal mbetet ai i vjetri\u201d, tha Duka.<\/p>\n\n\n\n<p>Nd\u00ebrkoh\u00eb, p\u00ebrderisa vazhdojn\u00eb bisedimet p\u00ebr menaxhimin, \u00e7do t\u00eb shtun\u00eb, kur mbahet pazari, shum\u00eb tregtar\u00eb vendosin mallrat e tyre jasht\u00eb hyrjes s\u00eb tregut p\u00ebr t\u00eb shmangur pages\u00ebn e taksave. Kjo zon\u00eb nuk \u00ebsht\u00eb e asfaltuar dhe gjat\u00eb reshjeve t\u00eb shiut shnd\u00ebrrohet n\u00eb kaos, sidomos p\u00ebr \u00e7\u00ebshtjen e past\u00ebrtis\u00eb. Bisedimet p\u00ebr nj\u00eb zgjidhje t\u00eb q\u00ebndrueshme p\u00ebr menaxhimin e tregut vazhdojn\u00eb dhe p\u00ebrsh\u00ebndeten nga qytetar\u00ebt dibran\u00eb, t\u00eb cil\u00ebt presin q\u00eb sa m\u00eb shpejt t\u00eb arrihet nj\u00eb marr\u00ebveshje, n\u00eb m\u00ebnyr\u00eb q\u00eb t\u00eb rregullohet edhe funksionimi i shitjes s\u00eb prodhimeve n\u00eb treg.<\/p>\n\n\n\n<p><\/p>\n","protected":false},"excerpt":{"rendered":"<p>P&euml;r shkak t&euml; kushteve minimale p&euml;r tregtim q&euml; ekzistonin n&euml; tregun e gjelb&euml;r t&euml; vjet&euml;r, i cili ndodhet pran&euml; Qendr&euml;s Tregtare &ldquo;MDH&rdquo;, Myftinia e Dibr&euml;s, n&euml; nj&euml; parcel&euml; t&euml; saj, pas nd&euml;rtimit t&euml; Bulevardit &ldquo;Iliria&rdquo;, aty ku dikur ishin vreshtat e vjetra, me q&euml;llim q&euml; t&rsquo;u mund&euml;soj&euml; banor&euml;ve kushte m&euml; t&euml; mira p&euml;r tregtim, nd&euml;rtoi [&hellip;]<\/p>\n","protected":false},"author":2,"featured_media":43280,"comment_status":"open","ping_status":"closed","sticky":false,"template":"","format":"standard","meta":{"_monsterinsights_skip_tracking":false,"_monsterinsights_sitenote_active":false,"_monsterinsights_sitenote_note":"","_monsterinsights_sitenote_category":0,"footnotes":""},"categories":[1],"tags":[],"class_list":["post-43278","post","type-post","status-publish","format-standard","has-post-thumbnail","hentry","category-vendi"],"_links":{"self":[{"href":"https:\/\/radiojehona.mk\/index.php?rest_route=\/wp\/v2\/posts\/43278","targetHints":{"allow":["GET"]}}],"collection":[{"href":"https:\/\/radiojehona.mk\/index.php?rest_route=\/wp\/v2\/posts"}],"about":[{"href":"https:\/\/radiojehona.mk\/index.php?rest_route=\/wp\/v2\/types\/post"}],"author":[{"embeddable":true,"href":"https:\/\/radiojehona.mk\/index.php?rest_route=\/wp\/v2\/users\/2"}],"replies":[{"embeddable":true,"href":"https:\/\/radiojehona.mk\/index.php?rest_route=%2Fwp%2Fv2%2Fcomments&post=43278"}],"version-history":[{"count":1,"href":"https:\/\/radiojehona.mk\/index.php?rest_route=\/wp\/v2\/posts\/43278\/revisions"}],"predecessor-version":[{"id":43281,"href":"https:\/\/radiojehona.mk\/index.php?rest_route=\/wp\/v2\/posts\/43278\/revisions\/43281"}],"wp:featuredmedia":[{"embeddable":true,"href":"https:\/\/radiojehona.mk\/index.php?rest_route=\/wp\/v2\/media\/43280"}],"wp:attachment":[{"href":"https:\/\/radiojehona.mk\/index.php?rest_route=%2Fwp%2Fv2%2Fmedia&parent=43278"}],"wp:term":[{"taxonomy":"category","embeddable":true,"href":"https:\/\/radiojehona.mk\/index.php?rest_route=%2Fwp%2Fv2%2Fcategories&post=43278"},{"taxonomy":"post_tag","embeddable":true,"href":"https:\/\/radiojehona.mk\/index.php?rest_route=%2Fwp%2Fv2%2Ftags&post=43278"}],"curies":[{"name":"wp","href":"https:\/\/api.w.org\/{rel}","templated":true}]}}