{"id":43275,"date":"2025-09-09T08:17:15","date_gmt":"2025-09-09T08:17:15","guid":{"rendered":"https:\/\/radiojehona.com\/?p=43275"},"modified":"2025-09-09T08:17:16","modified_gmt":"2025-09-09T08:17:16","slug":"qmk-zjarre-aktive-ne-likove-dhe-studenican","status":"publish","type":"post","link":"https:\/\/radiojehona.mk\/?p=43275","title":{"rendered":"QMK: Zjarre aktive n\u00eb Likov\u00eb dhe Studeni\u00e7an"},"content":{"rendered":"\n<figure class=\"wp-block-image size-full\"><img fetchpriority=\"high\" decoding=\"async\" width=\"696\" height=\"392\" src=\"https:\/\/radiojehona.com\/wp-content\/uploads\/2025\/09\/QMK-696x392-1.jpg\" alt=\"\" class=\"wp-image-43276\" srcset=\"https:\/\/radiojehona.mk\/wp-content\/uploads\/2025\/09\/QMK-696x392-1.jpg 696w, https:\/\/radiojehona.mk\/wp-content\/uploads\/2025\/09\/QMK-696x392-1-300x169.jpg 300w\" sizes=\"(max-width: 696px) 100vw, 696px\" \/><\/figure>\n\n\n\n<p>Gjat\u00eb 24 or\u00ebve t\u00eb fundit, n\u00eb t\u00eb gjith\u00eb vendin jan\u00eb regjistruar 33 zjarre n\u00eb ambiente t\u00eb hapura, nga t\u00eb cilat dy jan\u00eb aktive, dy jan\u00eb n\u00ebn kontroll dhe 29 jan\u00eb shuar. Zjarret aktive jan\u00eb n\u00eb fshatin Nikushtak, Komuna e Likov\u00ebs, dhe n\u00eb territorin e Komun\u00ebs s\u00eb Studeni\u00e7anit, pran\u00eb fshatrave Varvara dhe Dra\u00e7evic\u00eb, ku jan\u00eb prekur pyje t\u00eb p\u00ebrziera dhe bim\u00ebsi e ul\u00ebt.<\/p>\n\n\n\n<p>Si\u00e7 njoftojn\u00eb nga Qendra p\u00ebr Menaxhim me Kriza (QMK), zjarret n\u00eb komun\u00ebn e Berov\u00ebs dhe n\u00eb komun\u00ebn e Gazi Bab\u00ebs, jan\u00eb v\u00ebn\u00eb n\u00ebn kontroll.<\/p>\n\n\n\n<p>\u201cN\u00eb rajonin e Shkupit, jan\u00eb shuar zjarret n\u00eb territorin e komun\u00ebs s\u00eb Gjor\u00e7e Petrov \u2013 rruga \u201cShar Planina\u201d (deponi e mbeturinave), komun\u00ebs s\u00eb Gazi Bab\u00ebs \u2013 fshati Rastak (me bim\u00ebsi t\u00eb ul\u00ebt) dhe Kamnik (me bim\u00ebsi t\u00eb ul\u00ebt), komun\u00ebs s\u00eb Sopishtes \u2013 fshati Jabolci \u2013 Govrlevska Krasta (me bim\u00ebsi t\u00eb ul\u00ebt) dhe komun\u00ebs s\u00eb Sarajit \u2013 fshati Rash\u00e7e (me bim\u00ebsi t\u00eb ul\u00ebt)\u201d.<\/p>\n\n\n\n<p>\u201cZjarret jan\u00eb shuar edhe n\u00eb komunat e Manastirit, Dollnenit, Resnj\u00ebs, Krushev\u00ebs, Strumic\u00eb, Strug\u00ebs, Kavadarit, \u00c7eshinov\u00ebs-Obleshev\u00ebs, Del\u00e7ev\u00ebs, Ko\u00e7anit, Likov\u00ebs, Kumanov\u00ebs, Staro Nagori\u00e7anit, Tetov\u00ebs dhe Gostivarit\u201d, thon\u00eb nga MPB.<\/p>\n","protected":false},"excerpt":{"rendered":"<p>Gjat&euml; 24 or&euml;ve t&euml; fundit, n&euml; t&euml; gjith&euml; vendin jan&euml; regjistruar 33 zjarre n&euml; ambiente t&euml; hapura, nga t&euml; cilat dy jan&euml; aktive, dy jan&euml; n&euml;n kontroll dhe 29 jan&euml; shuar. Zjarret aktive jan&euml; n&euml; fshatin Nikushtak, Komuna e Likov&euml;s, dhe n&euml; territorin e Komun&euml;s s&euml; Studeni&ccedil;anit, pran&euml; fshatrave Varvara dhe Dra&ccedil;evic&euml;, ku jan&euml; prekur [&hellip;]<\/p>\n","protected":false},"author":2,"featured_media":43276,"comment_status":"open","ping_status":"closed","sticky":false,"template":"","format":"standard","meta":{"_monsterinsights_skip_tracking":false,"_monsterinsights_sitenote_active":false,"_monsterinsights_sitenote_note":"","_monsterinsights_sitenote_category":0,"footnotes":""},"categories":[1],"tags":[],"class_list":["post-43275","post","type-post","status-publish","format-standard","has-post-thumbnail","hentry","category-vendi"],"_links":{"self":[{"href":"https:\/\/radiojehona.mk\/index.php?rest_route=\/wp\/v2\/posts\/43275","targetHints":{"allow":["GET"]}}],"collection":[{"href":"https:\/\/radiojehona.mk\/index.php?rest_route=\/wp\/v2\/posts"}],"about":[{"href":"https:\/\/radiojehona.mk\/index.php?rest_route=\/wp\/v2\/types\/post"}],"author":[{"embeddable":true,"href":"https:\/\/radiojehona.mk\/index.php?rest_route=\/wp\/v2\/users\/2"}],"replies":[{"embeddable":true,"href":"https:\/\/radiojehona.mk\/index.php?rest_route=%2Fwp%2Fv2%2Fcomments&post=43275"}],"version-history":[{"count":1,"href":"https:\/\/radiojehona.mk\/index.php?rest_route=\/wp\/v2\/posts\/43275\/revisions"}],"predecessor-version":[{"id":43277,"href":"https:\/\/radiojehona.mk\/index.php?rest_route=\/wp\/v2\/posts\/43275\/revisions\/43277"}],"wp:featuredmedia":[{"embeddable":true,"href":"https:\/\/radiojehona.mk\/index.php?rest_route=\/wp\/v2\/media\/43276"}],"wp:attachment":[{"href":"https:\/\/radiojehona.mk\/index.php?rest_route=%2Fwp%2Fv2%2Fmedia&parent=43275"}],"wp:term":[{"taxonomy":"category","embeddable":true,"href":"https:\/\/radiojehona.mk\/index.php?rest_route=%2Fwp%2Fv2%2Fcategories&post=43275"},{"taxonomy":"post_tag","embeddable":true,"href":"https:\/\/radiojehona.mk\/index.php?rest_route=%2Fwp%2Fv2%2Ftags&post=43275"}],"curies":[{"name":"wp","href":"https:\/\/api.w.org\/{rel}","templated":true}]}}