{"id":43272,"date":"2025-09-09T07:39:45","date_gmt":"2025-09-09T07:39:45","guid":{"rendered":"https:\/\/radiojehona.com\/?p=43272"},"modified":"2025-09-09T07:39:45","modified_gmt":"2025-09-09T07:39:45","slug":"lamm-komunikacioni-ne-mbare-vendin-zhvillohet-pa-pengesa","status":"publish","type":"post","link":"https:\/\/radiojehona.mk\/?p=43272","title":{"rendered":"LAMM: Komunikacioni n\u00eb mbar\u00eb vendin zhvillohet pa pengesa"},"content":{"rendered":"\n<figure class=\"wp-block-image size-large\"><img fetchpriority=\"high\" decoding=\"async\" width=\"1024\" height=\"611\" src=\"https:\/\/radiojehona.com\/wp-content\/uploads\/2025\/09\/IMG_2498-1024x611.jpeg\" alt=\"\" class=\"wp-image-43273\" srcset=\"https:\/\/radiojehona.mk\/wp-content\/uploads\/2025\/09\/IMG_2498-1024x611.jpeg 1024w, https:\/\/radiojehona.mk\/wp-content\/uploads\/2025\/09\/IMG_2498-300x179.jpeg 300w, https:\/\/radiojehona.mk\/wp-content\/uploads\/2025\/09\/IMG_2498-768x458.jpeg 768w, https:\/\/radiojehona.mk\/wp-content\/uploads\/2025\/09\/IMG_2498.jpeg 1125w\" sizes=\"(max-width: 1024px) 100vw, 1024px\" \/><\/figure>\n\n\n\n<p>Komunikacioni n\u00eb t\u00eb gjitha rrug\u00ebt shtet\u00ebrore po zhvillohet pa probleme, n\u00eb rrug\u00eb kryesisht t\u00eb thata. Intensiteti i trafikut n\u00eb rrug\u00ebt jasht\u00eb zonave urbane \u00ebsht\u00eb mesatar. N\u00eb pikat kufitare, n\u00eb an\u00ebn maqedonase nuk ka vonesa m\u00eb t\u00eb gjata p\u00ebr hyrje dhe dalje nga vendi, shkruan Alsat.<\/p>\n\n\n\n<p>Lidhja Auto Moto e Maqedonis\u00eb (LAMM) rekomandon shpejt\u00ebsi t\u00eb rregulluar, duke respektuar sinjalistik\u00ebn e vendosur t\u00eb trafikut dhe menaxhim t\u00eb kujdessh\u00ebm t\u00eb automjeteve, ve\u00e7an\u00ebrisht n\u00eb rrug\u00ebt n\u00ebp\u00ebr lugina dhe gryka, ku ekziston mund\u00ebsia e rr\u00ebshqitjeve t\u00eb dheut. Kjo vlen ve\u00e7an\u00ebrisht p\u00ebr seksionet Katllanov\u00eb \u2013 Veles, Mavrov\u00eb \u2013 Dib\u00ebr \u2013 Strug\u00eb, Vinic\u00eb \u2013 Berov\u00eb dhe Ko\u00e7an \u2013 Del\u00e7ev\u00eb.<\/p>\n","protected":false},"excerpt":{"rendered":"<p>Komunikacioni n&euml; t&euml; gjitha rrug&euml;t shtet&euml;rore po zhvillohet pa probleme, n&euml; rrug&euml; kryesisht t&euml; thata. Intensiteti i trafikut n&euml; rrug&euml;t jasht&euml; zonave urbane &euml;sht&euml; mesatar. N&euml; pikat kufitare, n&euml; an&euml;n maqedonase nuk ka vonesa m&euml; t&euml; gjata p&euml;r hyrje dhe dalje nga vendi, shkruan Alsat. Lidhja Auto Moto e Maqedonis&euml; (LAMM) rekomandon shpejt&euml;si t&euml; rregulluar, [&hellip;]<\/p>\n","protected":false},"author":2,"featured_media":43273,"comment_status":"open","ping_status":"closed","sticky":false,"template":"","format":"standard","meta":{"_monsterinsights_skip_tracking":false,"_monsterinsights_sitenote_active":false,"_monsterinsights_sitenote_note":"","_monsterinsights_sitenote_category":0,"footnotes":""},"categories":[1],"tags":[],"class_list":["post-43272","post","type-post","status-publish","format-standard","has-post-thumbnail","hentry","category-vendi"],"_links":{"self":[{"href":"https:\/\/radiojehona.mk\/index.php?rest_route=\/wp\/v2\/posts\/43272","targetHints":{"allow":["GET"]}}],"collection":[{"href":"https:\/\/radiojehona.mk\/index.php?rest_route=\/wp\/v2\/posts"}],"about":[{"href":"https:\/\/radiojehona.mk\/index.php?rest_route=\/wp\/v2\/types\/post"}],"author":[{"embeddable":true,"href":"https:\/\/radiojehona.mk\/index.php?rest_route=\/wp\/v2\/users\/2"}],"replies":[{"embeddable":true,"href":"https:\/\/radiojehona.mk\/index.php?rest_route=%2Fwp%2Fv2%2Fcomments&post=43272"}],"version-history":[{"count":1,"href":"https:\/\/radiojehona.mk\/index.php?rest_route=\/wp\/v2\/posts\/43272\/revisions"}],"predecessor-version":[{"id":43274,"href":"https:\/\/radiojehona.mk\/index.php?rest_route=\/wp\/v2\/posts\/43272\/revisions\/43274"}],"wp:featuredmedia":[{"embeddable":true,"href":"https:\/\/radiojehona.mk\/index.php?rest_route=\/wp\/v2\/media\/43273"}],"wp:attachment":[{"href":"https:\/\/radiojehona.mk\/index.php?rest_route=%2Fwp%2Fv2%2Fmedia&parent=43272"}],"wp:term":[{"taxonomy":"category","embeddable":true,"href":"https:\/\/radiojehona.mk\/index.php?rest_route=%2Fwp%2Fv2%2Fcategories&post=43272"},{"taxonomy":"post_tag","embeddable":true,"href":"https:\/\/radiojehona.mk\/index.php?rest_route=%2Fwp%2Fv2%2Ftags&post=43272"}],"curies":[{"name":"wp","href":"https:\/\/api.w.org\/{rel}","templated":true}]}}