{"id":43269,"date":"2025-09-09T07:38:19","date_gmt":"2025-09-09T07:38:19","guid":{"rendered":"https:\/\/radiojehona.com\/?p=43269"},"modified":"2025-09-09T07:38:19","modified_gmt":"2025-09-09T07:38:19","slug":"dy-komisione-do-te-mbajne-mbledhje-ne-kuvend","status":"publish","type":"post","link":"https:\/\/radiojehona.mk\/?p=43269","title":{"rendered":"DY KOMISIONE DO T\u00cb MBAJN\u00cb MBLEDHJE N\u00cb KUVEND"},"content":{"rendered":"\n<figure class=\"wp-block-image size-large\"><img fetchpriority=\"high\" decoding=\"async\" width=\"1024\" height=\"767\" src=\"https:\/\/radiojehona.com\/wp-content\/uploads\/2025\/09\/IMG_2497-1024x767.jpeg\" alt=\"\" class=\"wp-image-43270\" srcset=\"https:\/\/radiojehona.mk\/wp-content\/uploads\/2025\/09\/IMG_2497-1024x767.jpeg 1024w, https:\/\/radiojehona.mk\/wp-content\/uploads\/2025\/09\/IMG_2497-300x225.jpeg 300w, https:\/\/radiojehona.mk\/wp-content\/uploads\/2025\/09\/IMG_2497-768x575.jpeg 768w, https:\/\/radiojehona.mk\/wp-content\/uploads\/2025\/09\/IMG_2497.jpeg 1125w\" sizes=\"(max-width: 1024px) 100vw, 1024px\" \/><\/figure>\n\n\n\n<p><strong>\u00a0\u00a0<\/strong>N\u00eb Kuvend sot do t\u00eb mbajn\u00eb mbledhje dy komisione \u2013 Komisioni p\u00ebr Transport, Transformim Digjital, Mjedis Jet\u00ebsor dhe Planifikim Hap\u00ebsinor dhe Komisioni p\u00ebr Ligjv\u00ebn\u00ebs Juridik.<\/p>\n\n\n\n<p>Para an\u00ebtar\u00ebve t\u00eb dy komisioneve kuvendore jan\u00eb dy pika t\u00eb ngjashme \u2013 Propozim ligji\u00a0 p\u00ebr qasje n\u00eb faqet e internetit dhe aplikacionet mobile t\u00eb institucioneve t\u00eb sektorit publik dhe Propozim ligji p\u00ebr kontrollin e emetimeve industriale, t\u00eb dyja n\u00eb lexim t\u00eb dyt\u00eb.<\/p>\n","protected":false},"excerpt":{"rendered":"<p>&nbsp;&nbsp;N&euml; Kuvend sot do t&euml; mbajn&euml; mbledhje dy komisione &ndash; Komisioni p&euml;r Transport, Transformim Digjital, Mjedis Jet&euml;sor dhe Planifikim Hap&euml;sinor dhe Komisioni p&euml;r Ligjv&euml;n&euml;s Juridik. Para an&euml;tar&euml;ve t&euml; dy komisioneve kuvendore jan&euml; dy pika t&euml; ngjashme &ndash; Propozim ligji&nbsp; p&euml;r qasje n&euml; faqet e internetit dhe aplikacionet mobile t&euml; institucioneve t&euml; sektorit publik dhe Propozim [&hellip;]<\/p>\n","protected":false},"author":2,"featured_media":43270,"comment_status":"open","ping_status":"closed","sticky":false,"template":"","format":"standard","meta":{"_monsterinsights_skip_tracking":false,"_monsterinsights_sitenote_active":false,"_monsterinsights_sitenote_note":"","_monsterinsights_sitenote_category":0,"footnotes":""},"categories":[1],"tags":[],"class_list":["post-43269","post","type-post","status-publish","format-standard","has-post-thumbnail","hentry","category-vendi"],"_links":{"self":[{"href":"https:\/\/radiojehona.mk\/index.php?rest_route=\/wp\/v2\/posts\/43269","targetHints":{"allow":["GET"]}}],"collection":[{"href":"https:\/\/radiojehona.mk\/index.php?rest_route=\/wp\/v2\/posts"}],"about":[{"href":"https:\/\/radiojehona.mk\/index.php?rest_route=\/wp\/v2\/types\/post"}],"author":[{"embeddable":true,"href":"https:\/\/radiojehona.mk\/index.php?rest_route=\/wp\/v2\/users\/2"}],"replies":[{"embeddable":true,"href":"https:\/\/radiojehona.mk\/index.php?rest_route=%2Fwp%2Fv2%2Fcomments&post=43269"}],"version-history":[{"count":1,"href":"https:\/\/radiojehona.mk\/index.php?rest_route=\/wp\/v2\/posts\/43269\/revisions"}],"predecessor-version":[{"id":43271,"href":"https:\/\/radiojehona.mk\/index.php?rest_route=\/wp\/v2\/posts\/43269\/revisions\/43271"}],"wp:featuredmedia":[{"embeddable":true,"href":"https:\/\/radiojehona.mk\/index.php?rest_route=\/wp\/v2\/media\/43270"}],"wp:attachment":[{"href":"https:\/\/radiojehona.mk\/index.php?rest_route=%2Fwp%2Fv2%2Fmedia&parent=43269"}],"wp:term":[{"taxonomy":"category","embeddable":true,"href":"https:\/\/radiojehona.mk\/index.php?rest_route=%2Fwp%2Fv2%2Fcategories&post=43269"},{"taxonomy":"post_tag","embeddable":true,"href":"https:\/\/radiojehona.mk\/index.php?rest_route=%2Fwp%2Fv2%2Ftags&post=43269"}],"curies":[{"name":"wp","href":"https:\/\/api.w.org\/{rel}","templated":true}]}}