{"id":43266,"date":"2025-09-08T17:46:51","date_gmt":"2025-09-08T17:46:51","guid":{"rendered":"https:\/\/radiojehona.com\/?p=43266"},"modified":"2025-09-08T17:46:52","modified_gmt":"2025-09-08T17:46:52","slug":"prodhuesit-evropiane-te-automjeteve-i-drejtohen-be-se-per-shpetim","status":"publish","type":"post","link":"https:\/\/radiojehona.mk\/?p=43266","title":{"rendered":"Prodhuesit evropian\u00eb t\u00eb automjeteve i drejtohen BE-s\u00eb p\u00ebr shp\u00ebtim"},"content":{"rendered":"\n<figure class=\"wp-block-image size-large\"><img fetchpriority=\"high\" decoding=\"async\" width=\"1024\" height=\"725\" src=\"https:\/\/radiojehona.com\/wp-content\/uploads\/2025\/09\/IMG_2496-1024x725.jpeg\" alt=\"\" class=\"wp-image-43267\" srcset=\"https:\/\/radiojehona.mk\/wp-content\/uploads\/2025\/09\/IMG_2496-1024x725.jpeg 1024w, https:\/\/radiojehona.mk\/wp-content\/uploads\/2025\/09\/IMG_2496-300x212.jpeg 300w, https:\/\/radiojehona.mk\/wp-content\/uploads\/2025\/09\/IMG_2496-768x543.jpeg 768w, https:\/\/radiojehona.mk\/wp-content\/uploads\/2025\/09\/IMG_2496.jpeg 1125w\" sizes=\"(max-width: 1024px) 100vw, 1024px\" \/><\/figure>\n\n\n\n<p>Kriza aktuale q\u00eb po prek industrin\u00eb evropiane t\u00eb automobilave po cil\u00ebsohet k\u00ebrc\u00ebnim p\u00ebr t\u00eb ardhmen ekonomike t\u00eb Evrop\u00ebs. A do t\u00eb ofroj\u00eb zgjidhje samiti midis sektorit t\u00eb automobilave dhe Ursula von der Leyenit t\u00eb premten?<\/p>\n\n\n\n<p>Industria e automjeteve n\u00eb Evrop\u00eb \u00ebsht\u00eb \u201cn\u00eb rrezik vdekjeprur\u00ebs\u201d, tha disa muaj m\u00eb par\u00eb shefi i industris\u00eb s\u00eb BE-s\u00eb, St\u00e9phane S\u00e9journ\u00e9, raportoi \u201cEuronews\u201d.<\/p>\n\n\n\n<p>Shitjet e ngadalta, \u00e7mimet e larta t\u00eb energjis\u00eb, konkurrenca globale n\u00eb rritje dhe nj\u00eb mjedis rregullator e tregtar i pasigurt e kan\u00eb zhytur sektorin n\u00eb kriz\u00eb.<\/p>\n\n\n\n<p>\u201cEkziston rreziku q\u00eb harta e ardhshme e industris\u00eb globale t\u00eb makinave t\u00eb vizatohet pa Evrop\u00ebn\u201d, pati th\u00ebn\u00eb S\u00e9journ\u00e9 n\u00eb prill.<\/p>\n\n\n\n<p>P\u00ebr t\u00eb p\u00ebrballuar sfidat m\u00eb urgjente t\u00eb sektorit, Presidentja e Komisionit t\u00eb BE-s\u00eb, Ursula von der Leyen, do t\u00eb pres\u00eb drejtuesit m\u00eb t\u00eb lart\u00eb t\u00eb industris\u00eb s\u00eb makinave n\u00eb Bruksel t\u00eb premten.<\/p>\n\n\n\n<p>\u00cbsht\u00eb takimi i tret\u00eb dhe i fundit i kriz\u00ebs s\u00eb k\u00ebtij lloji k\u00ebt\u00eb vit, pjes\u00eb e asaj q\u00eb Komisioni e ka quajtur \u201cDialogu Strategjik mbi t\u00eb Ardhmen e Industris\u00eb s\u00eb Automobilave\u201d.<\/p>\n\n\n\n<p>Aktualisht, pjesa e tregut t\u00eb automjeteve elektrike me bateri n\u00eb Evrop\u00eb stagnon n\u00eb rreth 15% &#8211; jo e mjaftueshme p\u00ebr p\u00ebrparim t\u00eb nj\u00eb teknologjie q\u00eb konsiderohet vendimtare p\u00ebr t\u00eb ardhmen.<\/p>\n","protected":false},"excerpt":{"rendered":"<p>Kriza aktuale q&euml; po prek industrin&euml; evropiane t&euml; automobilave po cil&euml;sohet k&euml;rc&euml;nim p&euml;r t&euml; ardhmen ekonomike t&euml; Evrop&euml;s. A do t&euml; ofroj&euml; zgjidhje samiti midis sektorit t&euml; automobilave dhe Ursula von der Leyenit t&euml; premten? Industria e automjeteve n&euml; Evrop&euml; &euml;sht&euml; &ldquo;n&euml; rrezik vdekjeprur&euml;s&rdquo;, tha disa muaj m&euml; par&euml; shefi i industris&euml; s&euml; BE-s&euml;, St&eacute;phane [&hellip;]<\/p>\n","protected":false},"author":2,"featured_media":43267,"comment_status":"open","ping_status":"closed","sticky":false,"template":"","format":"standard","meta":{"_monsterinsights_skip_tracking":false,"_monsterinsights_sitenote_active":false,"_monsterinsights_sitenote_note":"","_monsterinsights_sitenote_category":0,"footnotes":""},"categories":[569],"tags":[],"class_list":["post-43266","post","type-post","status-publish","format-standard","has-post-thumbnail","hentry","category-bota"],"_links":{"self":[{"href":"https:\/\/radiojehona.mk\/index.php?rest_route=\/wp\/v2\/posts\/43266","targetHints":{"allow":["GET"]}}],"collection":[{"href":"https:\/\/radiojehona.mk\/index.php?rest_route=\/wp\/v2\/posts"}],"about":[{"href":"https:\/\/radiojehona.mk\/index.php?rest_route=\/wp\/v2\/types\/post"}],"author":[{"embeddable":true,"href":"https:\/\/radiojehona.mk\/index.php?rest_route=\/wp\/v2\/users\/2"}],"replies":[{"embeddable":true,"href":"https:\/\/radiojehona.mk\/index.php?rest_route=%2Fwp%2Fv2%2Fcomments&post=43266"}],"version-history":[{"count":1,"href":"https:\/\/radiojehona.mk\/index.php?rest_route=\/wp\/v2\/posts\/43266\/revisions"}],"predecessor-version":[{"id":43268,"href":"https:\/\/radiojehona.mk\/index.php?rest_route=\/wp\/v2\/posts\/43266\/revisions\/43268"}],"wp:featuredmedia":[{"embeddable":true,"href":"https:\/\/radiojehona.mk\/index.php?rest_route=\/wp\/v2\/media\/43267"}],"wp:attachment":[{"href":"https:\/\/radiojehona.mk\/index.php?rest_route=%2Fwp%2Fv2%2Fmedia&parent=43266"}],"wp:term":[{"taxonomy":"category","embeddable":true,"href":"https:\/\/radiojehona.mk\/index.php?rest_route=%2Fwp%2Fv2%2Fcategories&post=43266"},{"taxonomy":"post_tag","embeddable":true,"href":"https:\/\/radiojehona.mk\/index.php?rest_route=%2Fwp%2Fv2%2Ftags&post=43266"}],"curies":[{"name":"wp","href":"https:\/\/api.w.org\/{rel}","templated":true}]}}