{"id":43263,"date":"2025-09-08T17:43:42","date_gmt":"2025-09-08T17:43:42","guid":{"rendered":"https:\/\/radiojehona.com\/?p=43263"},"modified":"2025-09-08T17:43:43","modified_gmt":"2025-09-08T17:43:43","slug":"medvedev-finlanda-po-pergatitet-per-lufte-me-rusine","status":"publish","type":"post","link":"https:\/\/radiojehona.mk\/?p=43263","title":{"rendered":"Medvedev: Finlanda po p\u00ebrgatitet p\u00ebr luft\u00eb me Rusin\u00eb"},"content":{"rendered":"\n<figure class=\"wp-block-image size-large\"><img fetchpriority=\"high\" decoding=\"async\" width=\"1024\" height=\"657\" src=\"https:\/\/radiojehona.com\/wp-content\/uploads\/2025\/09\/IMG_2495-1024x657.jpeg\" alt=\"\" class=\"wp-image-43264\" srcset=\"https:\/\/radiojehona.mk\/wp-content\/uploads\/2025\/09\/IMG_2495-1024x657.jpeg 1024w, https:\/\/radiojehona.mk\/wp-content\/uploads\/2025\/09\/IMG_2495-300x193.jpeg 300w, https:\/\/radiojehona.mk\/wp-content\/uploads\/2025\/09\/IMG_2495-768x493.jpeg 768w, https:\/\/radiojehona.mk\/wp-content\/uploads\/2025\/09\/IMG_2495.jpeg 1125w\" sizes=\"(max-width: 1024px) 100vw, 1024px\" \/><\/figure>\n\n\n\n<p>Ish-presidenti i Rusis\u00eb, Dmitry Medvedev, e ka akuzuar Finland\u00ebn fqinje se po ndjek rrug\u00ebn e luft\u00ebs kund\u00ebr Rusis\u00eb.<\/p>\n\n\n\n<p><ins><br>https:\/\/ad.doubleclick.net\/ddm\/adi\/N571601.4868980ALSAT.MK\/B34083678.428013934;dc_ver=106.314;sz=300&#215;250;u_sd=3;dc_adk=2349325569;rc=3;ord=9iitf1;click0=https%3A%2F%2Ftrack.adform.net%2FC%2F%3Fbn%3D83375837%3Badfibeg%3D0%3Bcdata%3DZO-XYQIwsJmPTtnFzan6FDA14FephGVmf0oX_xkClFjOS1BBvAhTNvT9sLlr6Gfp2uxlX_cucYfB81ifIhuSCd96ALgB0cbbbaNT5l8u8Sm116ChtRJhxTv50bt5NDWTS9Kt11It-dPeQcxmwW3TLIdM1LPqwUwVrgMe13_DX-riKmW2X4qrsq02ohIOvD3uWCcfLeGeghM1%3B%3BCREFURL%3Dhttps%253a%252f%252falsat.mk%252fmedvedev-finlanda-po-pergatitet-per-lufte-me-rusine%252f%3BC%3D1%3Bcpdir%3D;dc_rfl=0,https%3A%2F%2Falsat.mk%2Fmedvedev-finlanda-po-pergatitet-per-lufte-me-rusine%2F$0;xdt=0;crlt=gC6EAA1kYV;stc=1;sttr=4;rcsrc=h;prcl=s<\/ins><\/p>\n\n\n\n<p>\u201cPasi iu bashkua NATO-s, Helsinki po ndjek rrug\u00ebn e konfrontimit n\u00eb p\u00ebrgatitje p\u00ebr luft\u00eb me Rusin\u00eb, n\u00ebn pretekstin e masave mbrojt\u00ebse. \u00cbsht\u00eb e dukshme q\u00eb po p\u00ebrgatitet p\u00ebr t\u00eb na sulmuar\u201d,&nbsp;tha Medvedev n\u00eb nj\u00eb shkrim t\u00eb publikuar n\u00eb agjencin\u00eb shtet\u00ebrore, Tass.<\/p>\n\n\n\n<p>Medvedev aktualisht mban postin e n\u00ebnkryetarit t\u00eb K\u00ebshillit p\u00ebr Siguri Komb\u00ebtare t\u00eb Rusis\u00eb.<\/p>\n\n\n\n<p>Ai po ashtu u ankua se po krijohet staf p\u00ebr nj\u00ebsi t\u00eb ushtris\u00eb n\u00eb Lapland \u201cq\u00eb gjendet n\u00eb af\u00ebrsi t\u00eb kufirit rus\u201d.<\/p>\n\n\n\n<p>Nuk \u00ebsht\u00eb e qart\u00eb ndaj kujt jan\u00eb drejtuar k\u00ebto struktura, pasi NATO-ja e ka shpallur Rusin\u00eb armike, shkroi Medvedev.<\/p>\n\n\n\n<p>Pas nisjes s\u00eb pushtimit rus t\u00eb Ukrain\u00ebs m\u00eb 2022, Finlanda hoqi dor\u00eb nga politika e saj e kamotshme ushtarake dhe iu bashkua NATO-s, s\u00eb bashku me Suedin\u00eb.\/REL<\/p>\n","protected":false},"excerpt":{"rendered":"<p>Ish-presidenti i Rusis&euml;, Dmitry Medvedev, e ka akuzuar Finland&euml;n fqinje se po ndjek rrug&euml;n e luft&euml;s kund&euml;r Rusis&euml;. https:\/\/ad.doubleclick.net\/ddm\/adi\/N571601.4868980ALSAT.MK\/B34083678.428013934;dc_ver=106.314;sz=300&times;250;u_sd=3;dc_adk=2349325569;rc=3;ord=9iitf1;click0=https%3A%2F%2Ftrack.adform.net%2FC%2F%3Fbn%3D83375837%3Badfibeg%3D0%3Bcdata%3DZO-XYQIwsJmPTtnFzan6FDA14FephGVmf0oX_xkClFjOS1BBvAhTNvT9sLlr6Gfp2uxlX_cucYfB81ifIhuSCd96ALgB0cbbbaNT5l8u8Sm116ChtRJhxTv50bt5NDWTS9Kt11It-dPeQcxmwW3TLIdM1LPqwUwVrgMe13_DX-riKmW2X4qrsq02ohIOvD3uWCcfLeGeghM1%3B%3BCREFURL%3Dhttps%253a%252f%252falsat.mk%252fmedvedev-finlanda-po-pergatitet-per-lufte-me-rusine%252f%3BC%3D1%3Bcpdir%3D;dc_rfl=0,https%3A%2F%2Falsat.mk%2Fmedvedev-finlanda-po-pergatitet-per-lufte-me-rusine%2F$0;xdt=0;crlt=gC6EAA1kYV;stc=1;sttr=4;rcsrc=h;prcl=s &ldquo;Pasi iu bashkua NATO-s, Helsinki po ndjek rrug&euml;n e konfrontimit n&euml; p&euml;rgatitje p&euml;r luft&euml; me Rusin&euml;, n&euml;n pretekstin e masave mbrojt&euml;se. &Euml;sht&euml; e dukshme q&euml; po p&euml;rgatitet p&euml;r t&euml; na sulmuar&rdquo;,&nbsp;tha Medvedev n&euml; nj&euml; shkrim t&euml; [&hellip;]<\/p>\n","protected":false},"author":2,"featured_media":43264,"comment_status":"open","ping_status":"closed","sticky":false,"template":"","format":"standard","meta":{"_monsterinsights_skip_tracking":false,"_monsterinsights_sitenote_active":false,"_monsterinsights_sitenote_note":"","_monsterinsights_sitenote_category":0,"footnotes":""},"categories":[569],"tags":[],"class_list":["post-43263","post","type-post","status-publish","format-standard","has-post-thumbnail","hentry","category-bota"],"_links":{"self":[{"href":"https:\/\/radiojehona.mk\/index.php?rest_route=\/wp\/v2\/posts\/43263","targetHints":{"allow":["GET"]}}],"collection":[{"href":"https:\/\/radiojehona.mk\/index.php?rest_route=\/wp\/v2\/posts"}],"about":[{"href":"https:\/\/radiojehona.mk\/index.php?rest_route=\/wp\/v2\/types\/post"}],"author":[{"embeddable":true,"href":"https:\/\/radiojehona.mk\/index.php?rest_route=\/wp\/v2\/users\/2"}],"replies":[{"embeddable":true,"href":"https:\/\/radiojehona.mk\/index.php?rest_route=%2Fwp%2Fv2%2Fcomments&post=43263"}],"version-history":[{"count":1,"href":"https:\/\/radiojehona.mk\/index.php?rest_route=\/wp\/v2\/posts\/43263\/revisions"}],"predecessor-version":[{"id":43265,"href":"https:\/\/radiojehona.mk\/index.php?rest_route=\/wp\/v2\/posts\/43263\/revisions\/43265"}],"wp:featuredmedia":[{"embeddable":true,"href":"https:\/\/radiojehona.mk\/index.php?rest_route=\/wp\/v2\/media\/43264"}],"wp:attachment":[{"href":"https:\/\/radiojehona.mk\/index.php?rest_route=%2Fwp%2Fv2%2Fmedia&parent=43263"}],"wp:term":[{"taxonomy":"category","embeddable":true,"href":"https:\/\/radiojehona.mk\/index.php?rest_route=%2Fwp%2Fv2%2Fcategories&post=43263"},{"taxonomy":"post_tag","embeddable":true,"href":"https:\/\/radiojehona.mk\/index.php?rest_route=%2Fwp%2Fv2%2Ftags&post=43263"}],"curies":[{"name":"wp","href":"https:\/\/api.w.org\/{rel}","templated":true}]}}