{"id":43260,"date":"2025-09-08T17:40:32","date_gmt":"2025-09-08T17:40:32","guid":{"rendered":"https:\/\/radiojehona.com\/?p=43260"},"modified":"2025-09-08T17:40:33","modified_gmt":"2025-09-08T17:40:33","slug":"udheheqesit-me-te-larte-shteteror-uruan-diten-e-pavaresise-se-maqedonise-se-veriut","status":"publish","type":"post","link":"https:\/\/radiojehona.mk\/?p=43260","title":{"rendered":"Udh\u00ebheq\u00ebsit m\u00eb t\u00eb lart\u00eb shtet\u00ebror uruan dit\u00ebn e pavar\u00ebsis\u00eb s\u00eb Maqedonis\u00eb s\u00eb Veriut"},"content":{"rendered":"\n<figure class=\"wp-block-image size-large\"><img fetchpriority=\"high\" decoding=\"async\" width=\"1024\" height=\"647\" src=\"https:\/\/radiojehona.com\/wp-content\/uploads\/2025\/09\/IMG_2494-1024x647.jpeg\" alt=\"\" class=\"wp-image-43261\" srcset=\"https:\/\/radiojehona.mk\/wp-content\/uploads\/2025\/09\/IMG_2494-1024x647.jpeg 1024w, https:\/\/radiojehona.mk\/wp-content\/uploads\/2025\/09\/IMG_2494-300x190.jpeg 300w, https:\/\/radiojehona.mk\/wp-content\/uploads\/2025\/09\/IMG_2494-768x485.jpeg 768w, https:\/\/radiojehona.mk\/wp-content\/uploads\/2025\/09\/IMG_2494.jpeg 1125w\" sizes=\"(max-width: 1024px) 100vw, 1024px\" \/><\/figure>\n\n\n\n<p>Udh\u00ebheq\u00ebsit m\u00eb t\u00eb lart\u00eb shtet\u00ebror uruan dit\u00ebn e pavar\u00ebsis\u00eb s\u00eb Maqedonis\u00eb s\u00eb Veriut. Presidentja Gordana Siljanovska Davkova duke p\u00ebrkujtuar referendumin e 8 shtatorit t\u00eb vitit 1991, thot\u00eb se maqedonasit fituan p\u00ebr nj\u00eb shtet t\u00eb pavarur dhe unitar.<\/p>\n\n\n\n<p>Megjithat\u00eb, edhe pas 34 viteve, si\u00e7 ka shkruar presidentja, ende luftojm\u00eb p\u00ebr nj\u00eb shtet modern, t\u00eb drejt\u00eb dhe me standarde evropiane. Rruga drejt drejt\u00ebsis\u00eb \u00e7on p\u00ebrmes nj\u00eb shteti evropian, i bazuar n\u00eb kriteret e Kopenhag\u00ebs, pushtetit demokratik, p\u00ebrmes ekonomis\u00eb konkurruese dhe prosperitare ka shkruar Siljanovska.<\/p>\n\n\n\n<p>Pavar\u00ebsin\u00eb e shtetit e ka uruar edhe kryeparlamentari Afrim Gashi. Mesazhi i tij \u00ebsht\u00eb q\u00eb t\u00eb gjith\u00eb qytetar\u00ebt t\u00eb bashkohen rreth vlerave t\u00eb unitetit dhe p\u00ebrkushtimit, p\u00ebr t\u00eb p\u00ebrmbushur aspiratat e vendit ton\u00eb. Si nj\u00eb aleat i besuesh\u00ebm i NATO-s dhe si nj\u00eb vend kandidat p\u00ebr an\u00ebtar\u00ebsim n\u00eb Bashkimin Europian, ky \u00ebsht\u00eb nj\u00eb moment q\u00eb na k\u00ebrkon t\u00eb vazhdojm\u00eb p\u00ebrpjekjet p\u00ebr t\u00eb nd\u00ebrtuar nj\u00eb t\u00eb ardhme m\u00eb t\u00eb sigurt dhe m\u00eb t\u00eb ndritshme p\u00ebr brezat q\u00eb do t\u00eb vijn\u00eb, ka shkruar Gashi.<\/p>\n","protected":false},"excerpt":{"rendered":"<p>Udh&euml;heq&euml;sit m&euml; t&euml; lart&euml; shtet&euml;ror uruan dit&euml;n e pavar&euml;sis&euml; s&euml; Maqedonis&euml; s&euml; Veriut. Presidentja Gordana Siljanovska Davkova duke p&euml;rkujtuar referendumin e 8 shtatorit t&euml; vitit 1991, thot&euml; se maqedonasit fituan p&euml;r nj&euml; shtet t&euml; pavarur dhe unitar. Megjithat&euml;, edhe pas 34 viteve, si&ccedil; ka shkruar presidentja, ende luftojm&euml; p&euml;r nj&euml; shtet modern, t&euml; drejt&euml; dhe [&hellip;]<\/p>\n","protected":false},"author":2,"featured_media":43261,"comment_status":"open","ping_status":"closed","sticky":false,"template":"","format":"standard","meta":{"_monsterinsights_skip_tracking":false,"_monsterinsights_sitenote_active":false,"_monsterinsights_sitenote_note":"","_monsterinsights_sitenote_category":0,"footnotes":""},"categories":[1],"tags":[],"class_list":["post-43260","post","type-post","status-publish","format-standard","has-post-thumbnail","hentry","category-vendi"],"_links":{"self":[{"href":"https:\/\/radiojehona.mk\/index.php?rest_route=\/wp\/v2\/posts\/43260","targetHints":{"allow":["GET"]}}],"collection":[{"href":"https:\/\/radiojehona.mk\/index.php?rest_route=\/wp\/v2\/posts"}],"about":[{"href":"https:\/\/radiojehona.mk\/index.php?rest_route=\/wp\/v2\/types\/post"}],"author":[{"embeddable":true,"href":"https:\/\/radiojehona.mk\/index.php?rest_route=\/wp\/v2\/users\/2"}],"replies":[{"embeddable":true,"href":"https:\/\/radiojehona.mk\/index.php?rest_route=%2Fwp%2Fv2%2Fcomments&post=43260"}],"version-history":[{"count":1,"href":"https:\/\/radiojehona.mk\/index.php?rest_route=\/wp\/v2\/posts\/43260\/revisions"}],"predecessor-version":[{"id":43262,"href":"https:\/\/radiojehona.mk\/index.php?rest_route=\/wp\/v2\/posts\/43260\/revisions\/43262"}],"wp:featuredmedia":[{"embeddable":true,"href":"https:\/\/radiojehona.mk\/index.php?rest_route=\/wp\/v2\/media\/43261"}],"wp:attachment":[{"href":"https:\/\/radiojehona.mk\/index.php?rest_route=%2Fwp%2Fv2%2Fmedia&parent=43260"}],"wp:term":[{"taxonomy":"category","embeddable":true,"href":"https:\/\/radiojehona.mk\/index.php?rest_route=%2Fwp%2Fv2%2Fcategories&post=43260"},{"taxonomy":"post_tag","embeddable":true,"href":"https:\/\/radiojehona.mk\/index.php?rest_route=%2Fwp%2Fv2%2Ftags&post=43260"}],"curies":[{"name":"wp","href":"https:\/\/api.w.org\/{rel}","templated":true}]}}