{"id":43257,"date":"2025-09-08T16:40:50","date_gmt":"2025-09-08T16:40:50","guid":{"rendered":"https:\/\/radiojehona.com\/?p=43257"},"modified":"2025-09-08T16:40:51","modified_gmt":"2025-09-08T16:40:51","slug":"spitali-modular-kater-vjet-zhgenjim-familjaret-e-viktimave-ne-tetove-kerkojne-drejtesi","status":"publish","type":"post","link":"https:\/\/radiojehona.mk\/?p=43257","title":{"rendered":"Spitali modular, kat\u00ebr vjet zhg\u00ebnjim: Familjar\u00ebt e viktimave n\u00eb Tetov\u00eb k\u00ebrkojn\u00eb drejt\u00ebsi"},"content":{"rendered":"\n<figure class=\"wp-block-image size-large\"><img fetchpriority=\"high\" decoding=\"async\" width=\"1024\" height=\"697\" src=\"https:\/\/radiojehona.com\/wp-content\/uploads\/2025\/09\/IMG_2493-1024x697.jpeg\" alt=\"\" class=\"wp-image-43258\" srcset=\"https:\/\/radiojehona.mk\/wp-content\/uploads\/2025\/09\/IMG_2493-1024x697.jpeg 1024w, https:\/\/radiojehona.mk\/wp-content\/uploads\/2025\/09\/IMG_2493-300x204.jpeg 300w, https:\/\/radiojehona.mk\/wp-content\/uploads\/2025\/09\/IMG_2493-768x523.jpeg 768w, https:\/\/radiojehona.mk\/wp-content\/uploads\/2025\/09\/IMG_2493.jpeg 1125w\" sizes=\"(max-width: 1024px) 100vw, 1024px\" \/><\/figure>\n\n\n\n<p>Kat\u00ebr vjet m\u00eb par\u00eb humbi n\u00ebn\u00ebn n\u00eb tragjedin\u00eb e spitalit modular n\u00eb Tetov\u00eb. Mumin Ismaili nga Nerashti, i cili nat\u00ebn e kobshme ishte vet prezent n\u00eb hap\u00ebsirat e k\u00ebtij spitali, sot k\u00ebrkon drejt\u00ebsi. Thot\u00eb se besimi n\u00eb drejt\u00ebsin\u00eb \u00ebsht\u00eb pothuajse zero.<\/p>\n\n\n\n<p>\u201cNeve na b\u00ebjn\u00eb p\u00ebrkujtimore p\u00ebr viktimat, por nuk b\u00ebjn\u00eb gj\u00eb p\u00ebr zgjidhjen e rastit q\u00eb drejt\u00ebsia t\u00eb del n\u00eb vend dhe t\u00eb d\u00ebnohen fajtor\u00ebt. Sot po b\u00ebhen kat\u00ebr vite nga rasti, por p\u00ebr ne nuk pati n\u00eb k\u00ebt\u00eb shtet. M\u00eb e r\u00ebnd\u00ebsishme p\u00ebr ne do ishte sh\u00ebrimi i plag\u00ebs m\u00eb t\u00eb madhe ton\u00ebs, q\u00eb t\u00eb ishin d\u00ebnuar ata q\u00eb duhet, e p\u00ebrsh\u00ebndesim Ministrin p\u00ebr p\u00ebrkujtimoren q\u00eb b\u00ebn, por ne e duam drejt\u00ebsin\u00eb n\u00eb k\u00ebt\u00eb shtet ku drejt\u00ebsi asnj\u00ebher\u00eb nuk pati. Me rastin e kocanit u hap\u00ebn ca dyer p\u00ebr modularin, por u mbyll\u00ebn shpejt\u00eb. Nd\u00ebrmor\u00ebn gjoja se di\u00e7ka por asgj\u00eb s\u2019u b\u00eb. M\u00eb habit fakti se p\u00ebr kocanin u b\u00eb dhe pati arrestime, nd\u00ebrsa p\u00ebr modularin asnj\u00eb p\u00ebrgjegj\u00ebsi aspak, p\u00ebrve\u00e7 q\u00eb dha dor\u00ebheqje z\u00ebvend\u00ebs ministri i asaj kohe dhe l\u00ebnda mbeti\u201d, tha Mumin Ismaili, Familjar.<\/p>\n\n\n\n<p>Pas insistimit t\u00eb familjar\u00ebve t\u00eb 14 viktimave t\u00eb spitalit modular, komuna e Tetov\u00ebs bashk\u00eb me Ministrin\u00eb e Sh\u00ebndet\u00ebsis\u00eb, nis\u00ebn nd\u00ebrtimin e parkut memorial<\/p>\n\n\n\n<p>K\u00ebshtu do t\u00eb duket parku memoraial, k\u00ebtu n\u00eb qytetin e Tetov\u00ebs, apo tek vendi ku humb\u00ebn jet\u00ebt 14 persona, sot e kat\u00ebr vite m\u00eb par\u00eb. Disa familjar\u00eb, shprehen fal\u00ebnderues p\u00ebr k\u00ebt\u00eb park memorial n\u00eb shenj\u00eb nd\u00ebrrimi p\u00ebr familjar\u00ebt q\u00eb humb\u00ebn jet\u00ebt k\u00ebtu, por shprehen se ende m\u00eb falenderues do t\u00eb ishin, sikur Qeveria dhe organet e drejt\u00ebsis\u00eb t\u00eb \u00e7onin drejt\u00ebsin\u00eb n\u00eb vend dhe kat\u00ebr vite m\u00eb von\u00eb, t\u00eb hapje nj\u00eb l\u00ebnd\u00eb p\u00ebr at\u00eb se \u00e7ka ndodhi n\u00eb Spitalin Modular t\u00eb Tetov\u00ebs.\/Alsat.mk<\/p>\n","protected":false},"excerpt":{"rendered":"<p>Kat&euml;r vjet m&euml; par&euml; humbi n&euml;n&euml;n n&euml; tragjedin&euml; e spitalit modular n&euml; Tetov&euml;. Mumin Ismaili nga Nerashti, i cili nat&euml;n e kobshme ishte vet prezent n&euml; hap&euml;sirat e k&euml;tij spitali, sot k&euml;rkon drejt&euml;si. Thot&euml; se besimi n&euml; drejt&euml;sin&euml; &euml;sht&euml; pothuajse zero. &ldquo;Neve na b&euml;jn&euml; p&euml;rkujtimore p&euml;r viktimat, por nuk b&euml;jn&euml; gj&euml; p&euml;r zgjidhjen e rastit [&hellip;]<\/p>\n","protected":false},"author":2,"featured_media":43258,"comment_status":"open","ping_status":"closed","sticky":false,"template":"","format":"standard","meta":{"_monsterinsights_skip_tracking":false,"_monsterinsights_sitenote_active":false,"_monsterinsights_sitenote_note":"","_monsterinsights_sitenote_category":0,"footnotes":""},"categories":[1],"tags":[],"class_list":["post-43257","post","type-post","status-publish","format-standard","has-post-thumbnail","hentry","category-vendi"],"_links":{"self":[{"href":"https:\/\/radiojehona.mk\/index.php?rest_route=\/wp\/v2\/posts\/43257","targetHints":{"allow":["GET"]}}],"collection":[{"href":"https:\/\/radiojehona.mk\/index.php?rest_route=\/wp\/v2\/posts"}],"about":[{"href":"https:\/\/radiojehona.mk\/index.php?rest_route=\/wp\/v2\/types\/post"}],"author":[{"embeddable":true,"href":"https:\/\/radiojehona.mk\/index.php?rest_route=\/wp\/v2\/users\/2"}],"replies":[{"embeddable":true,"href":"https:\/\/radiojehona.mk\/index.php?rest_route=%2Fwp%2Fv2%2Fcomments&post=43257"}],"version-history":[{"count":1,"href":"https:\/\/radiojehona.mk\/index.php?rest_route=\/wp\/v2\/posts\/43257\/revisions"}],"predecessor-version":[{"id":43259,"href":"https:\/\/radiojehona.mk\/index.php?rest_route=\/wp\/v2\/posts\/43257\/revisions\/43259"}],"wp:featuredmedia":[{"embeddable":true,"href":"https:\/\/radiojehona.mk\/index.php?rest_route=\/wp\/v2\/media\/43258"}],"wp:attachment":[{"href":"https:\/\/radiojehona.mk\/index.php?rest_route=%2Fwp%2Fv2%2Fmedia&parent=43257"}],"wp:term":[{"taxonomy":"category","embeddable":true,"href":"https:\/\/radiojehona.mk\/index.php?rest_route=%2Fwp%2Fv2%2Fcategories&post=43257"},{"taxonomy":"post_tag","embeddable":true,"href":"https:\/\/radiojehona.mk\/index.php?rest_route=%2Fwp%2Fv2%2Ftags&post=43257"}],"curies":[{"name":"wp","href":"https:\/\/api.w.org\/{rel}","templated":true}]}}