{"id":43254,"date":"2025-09-08T16:38:42","date_gmt":"2025-09-08T16:38:42","guid":{"rendered":"https:\/\/radiojehona.com\/?p=43254"},"modified":"2025-09-08T16:38:43","modified_gmt":"2025-09-08T16:38:43","slug":"15-shtatori-afati-i-fundit-per-nderrimin-e-targave-te-automjeteve-zyrtare","status":"publish","type":"post","link":"https:\/\/radiojehona.mk\/?p=43254","title":{"rendered":"15 shtatori, afati i fundit p\u00ebr nd\u00ebrrimin e targave t\u00eb automjeteve zyrtare"},"content":{"rendered":"\n<figure class=\"wp-block-image size-large\"><img fetchpriority=\"high\" decoding=\"async\" width=\"1024\" height=\"682\" src=\"https:\/\/radiojehona.com\/wp-content\/uploads\/2025\/09\/IMG_2492-1024x682.jpeg\" alt=\"\" class=\"wp-image-43255\" srcset=\"https:\/\/radiojehona.mk\/wp-content\/uploads\/2025\/09\/IMG_2492-1024x682.jpeg 1024w, https:\/\/radiojehona.mk\/wp-content\/uploads\/2025\/09\/IMG_2492-300x200.jpeg 300w, https:\/\/radiojehona.mk\/wp-content\/uploads\/2025\/09\/IMG_2492-768x511.jpeg 768w, https:\/\/radiojehona.mk\/wp-content\/uploads\/2025\/09\/IMG_2492.jpeg 1125w\" sizes=\"(max-width: 1024px) 100vw, 1024px\" \/><\/figure>\n\n\n\n<p>\u2013 T\u00eb gjitha institucionet shtet\u00ebrore dhe personat juridik\u00eb publik\u00eb jan\u00eb t\u00eb detyruar m\u00eb s\u00eb voni deri m\u00eb 15 shtator t\u00eb k\u00ebtij viti t\u00eb nd\u00ebrrojn\u00eb targat e automjeteve zyrtare me targa t\u00eb reja, me ngjyr\u00eb speciale. Detajet priten nes\u00ebr n\u00eb konferenc\u00eb p\u00ebr shtyp, t\u00eb paralajm\u00ebruar nga Sh\u00ebrbimi i pun\u00ebve t\u00eb p\u00ebrgjithshme dhe t\u00eb p\u00ebrbashk\u00ebta t\u00eb Qeveris\u00eb.<\/p>\n\n\n\n<p>\u00cbsht\u00eb paralajm\u00ebruar prani e drejtori t\u00eb SHPPP-s\u00eb, Ivica Tomovski, ministrit t\u00eb Pun\u00ebve t\u00eb Brendshme, Pan\u00e7e Toshkovski, z\u00ebvend\u00ebskryeministrit p\u00ebrgjegj\u00ebs p\u00ebr qeverisje t\u00eb mir\u00eb, Arben Fetai, si dhe drejtor\u00ebve t\u00eb institucioneve t\u00eb tjera shtet\u00ebrore.<\/p>\n\n\n\n<p>Vendimi p\u00ebr k\u00ebt\u00eb risi \u00ebsht\u00eb miratuarn n\u00eb seanc\u00ebn e qeveris\u00eb m\u00eb 29 korrik.<\/p>\n\n\n\n<p>#Q\u00ebllimi i k\u00ebsaj mase \u00ebsht\u00eb i qart\u00eb: rritja e transparenc\u00ebs, llogaridh\u00ebnies dhe vendosja e kontrollit mbi p\u00ebrdorimin e automjeteve zyrtare. Sh\u00ebnjimi i automjeteve do t\u2019u lejoj\u00eb qytetar\u00ebve t\u2019i dallojn\u00eb ato leht\u00ebsisht nga ato private, duke parandaluar k\u00ebshtu keqp\u00ebrdorimin e tyre p\u00ebr q\u00ebllime personale, private ose partiake, shpjeguan nga SHPPP.<\/p>\n\n\n\n<p>\u00cbsht\u00eb paralajm\u00ebruar se do t\u00eb hapet edhe nj\u00eb linj\u00eb telefonike, ku qytetar\u00ebt mund t\u00eb paraqesin keqp\u00ebrdorimin e automjeteve zyrtare. U theksua se \u00e7do paraqitje do t\u00eb regjistrohet dhe do t\u00eb trajtohej n\u00eb p\u00ebrputhje me procedurat ligjore.<\/p>\n\n\n\n<p>N\u00eb faz\u00ebn p\u00ebrfundimtare \u00ebsht\u00eb edhe p\u00ebrgatitja e nj\u00eb regjistri qendror p\u00ebr t\u00eb gjitha automjetet zyrtare, gj\u00eb q\u00eb do t\u00eb siguroj\u00eb kontroll dhe njohuri shtes\u00eb n\u00eb p\u00ebrdorimin e tyre.<\/p>\n","protected":false},"excerpt":{"rendered":"<p>&ndash; T&euml; gjitha institucionet shtet&euml;rore dhe personat juridik&euml; publik&euml; jan&euml; t&euml; detyruar m&euml; s&euml; voni deri m&euml; 15 shtator t&euml; k&euml;tij viti t&euml; nd&euml;rrojn&euml; targat e automjeteve zyrtare me targa t&euml; reja, me ngjyr&euml; speciale. Detajet priten nes&euml;r n&euml; konferenc&euml; p&euml;r shtyp, t&euml; paralajm&euml;ruar nga Sh&euml;rbimi i pun&euml;ve t&euml; p&euml;rgjithshme dhe t&euml; p&euml;rbashk&euml;ta t&euml; Qeveris&euml;. [&hellip;]<\/p>\n","protected":false},"author":2,"featured_media":43255,"comment_status":"open","ping_status":"closed","sticky":false,"template":"","format":"standard","meta":{"_monsterinsights_skip_tracking":false,"_monsterinsights_sitenote_active":false,"_monsterinsights_sitenote_note":"","_monsterinsights_sitenote_category":0,"footnotes":""},"categories":[1],"tags":[],"class_list":["post-43254","post","type-post","status-publish","format-standard","has-post-thumbnail","hentry","category-vendi"],"_links":{"self":[{"href":"https:\/\/radiojehona.mk\/index.php?rest_route=\/wp\/v2\/posts\/43254","targetHints":{"allow":["GET"]}}],"collection":[{"href":"https:\/\/radiojehona.mk\/index.php?rest_route=\/wp\/v2\/posts"}],"about":[{"href":"https:\/\/radiojehona.mk\/index.php?rest_route=\/wp\/v2\/types\/post"}],"author":[{"embeddable":true,"href":"https:\/\/radiojehona.mk\/index.php?rest_route=\/wp\/v2\/users\/2"}],"replies":[{"embeddable":true,"href":"https:\/\/radiojehona.mk\/index.php?rest_route=%2Fwp%2Fv2%2Fcomments&post=43254"}],"version-history":[{"count":1,"href":"https:\/\/radiojehona.mk\/index.php?rest_route=\/wp\/v2\/posts\/43254\/revisions"}],"predecessor-version":[{"id":43256,"href":"https:\/\/radiojehona.mk\/index.php?rest_route=\/wp\/v2\/posts\/43254\/revisions\/43256"}],"wp:featuredmedia":[{"embeddable":true,"href":"https:\/\/radiojehona.mk\/index.php?rest_route=\/wp\/v2\/media\/43255"}],"wp:attachment":[{"href":"https:\/\/radiojehona.mk\/index.php?rest_route=%2Fwp%2Fv2%2Fmedia&parent=43254"}],"wp:term":[{"taxonomy":"category","embeddable":true,"href":"https:\/\/radiojehona.mk\/index.php?rest_route=%2Fwp%2Fv2%2Fcategories&post=43254"},{"taxonomy":"post_tag","embeddable":true,"href":"https:\/\/radiojehona.mk\/index.php?rest_route=%2Fwp%2Fv2%2Ftags&post=43254"}],"curies":[{"name":"wp","href":"https:\/\/api.w.org\/{rel}","templated":true}]}}