{"id":43251,"date":"2025-09-08T16:37:03","date_gmt":"2025-09-08T16:37:03","guid":{"rendered":"https:\/\/radiojehona.com\/?p=43251"},"modified":"2025-09-08T16:37:04","modified_gmt":"2025-09-08T16:37:04","slug":"ambasada-e-shba-se-me-rastin-e-8-shtatorit-e-cmojme-partneritetin-e-fuqishem-me-maqedonine-e-veriut","status":"publish","type":"post","link":"https:\/\/radiojehona.mk\/?p=43251","title":{"rendered":"Ambasada e SHBA-s\u00eb me rastin e 8 Shtatorit: E \u00e7mojm\u00eb partneritetin e fuqish\u00ebm me Maqedonin\u00eb e Veriut"},"content":{"rendered":"\n<figure class=\"wp-block-image size-large\"><img fetchpriority=\"high\" decoding=\"async\" width=\"1024\" height=\"592\" src=\"https:\/\/radiojehona.com\/wp-content\/uploads\/2025\/09\/IMG_2491-1024x592.jpeg\" alt=\"\" class=\"wp-image-43252\" srcset=\"https:\/\/radiojehona.mk\/wp-content\/uploads\/2025\/09\/IMG_2491-1024x592.jpeg 1024w, https:\/\/radiojehona.mk\/wp-content\/uploads\/2025\/09\/IMG_2491-300x173.jpeg 300w, https:\/\/radiojehona.mk\/wp-content\/uploads\/2025\/09\/IMG_2491-768x444.jpeg 768w, https:\/\/radiojehona.mk\/wp-content\/uploads\/2025\/09\/IMG_2491.jpeg 1125w\" sizes=\"(max-width: 1024px) 100vw, 1024px\" \/><\/figure>\n\n\n\n<p><strong>&nbsp;<\/strong>Ambasada e Shteteve t\u00eb bashkuara t\u00eb Amerik\u00ebs p\u00ebrmes nj\u00eb kumtimi n\u00eb Facebook d\u00ebrgoi urime me rastin e 8 Shtatorit \u2013 Dit\u00ebs s\u00eb pavar\u00ebsis\u00eb s\u00eb shtetit.<\/p>\n\n\n\n<p>\u201cUrime dita e pavar\u00ebsis\u00eb! Ky vit \u00ebsht\u00eb me r\u00ebnd\u00ebsi t\u00eb posa\u00e7me sepse sh\u00ebnojm\u00eb edhe 30 vite marr\u00ebdh\u00ebnie diplomatike mes vendeve tona. Gjat\u00eb tre dekadave, nd\u00ebrtuam partneritet t\u00eb fuqish\u00ebm \u2013 duke punuar s\u00eb bashku n\u00eb dip,omaci, siguri, arsim, kultur\u00eb dhe t\u00eb tjera\u201d, ceketn\u00eb kumtes\u00ebn nga Ambasada e SHBA-s\u00eb.<\/p>\n\n\n\n<p>Nga Ambasada e cekin edhe urimin nga sekretari Amerikan i Shtetit, Marko Rubio, n\u00eb t\u00eb cilin thuhet se SHBA-ja mbetet e p\u00ebrkushtuar n\u00eb thellimin e bashk\u00ebpunimit p\u00ebr p\u00ebrforcim t\u00eb siguris\u00eb kolektive dhe promovimit t\u00eb prosperitetit.<\/p>\n\n\n\n<p>\u201cN\u00eb em\u00ebr t\u00eb Shteteve t\u00eb Bashkuara t\u00eb Amerik\u00ebs, u d\u00ebrgoj urime popullit t\u00eb Maqedonis\u00eb s\u00eb Veriut n\u00eb dit\u00ebn kur e festoni 34-vjetorin e pavar\u00ebsis\u00eb suaj dhe 30-vjetorin e marr\u00ebdh\u00ebnieve diplomatike mes dy popujve tan\u00eb. Shtetet e Bashkuara t\u00eb Amerik\u00ebs e \u00e7mojn\u00eb partneritetin e Maqedonis\u00eb s\u00eb Veriut n\u00eb avancimin e siguris\u00eb dhe stabilitetit global. Si aleate e NATO-s e p\u00ebrkushtuar n\u00eb mbrojtjen e paqes dhe liris\u00eb, premtimi juaj p\u00ebr shpenzime t\u00eb rritura p\u00ebr mbrojtjen n\u00eb samitin e NATO-s k\u00ebt\u00eb ver\u00eb, e thekson p\u00ebrkushtimin e Maqedonis\u00eb s\u00eb Veriut ndaj q\u00ebllimeve tpna t\u00eb p\u00ebrbashk\u00ebta t\u00eb siguris\u00eb. P\u00ebrderisa e sh\u00ebnojm\u00eb k\u00ebt\u00eb pik\u00eb kthese n\u00eb marr\u00ebdh\u00ebniet tona, Shtetet e bashkuara t\u00eb Amerik\u00ebs mbeten t\u00eb p\u00ebrkushtuara n\u00eb thellimin e bashk\u00ebpunimit ton\u00eb p\u00ebr p\u00ebrforcim t\u00eb siguris\u00eb kolektive, luft\u00ebn kund\u00ebr kanosjeve transnacionale dhe promovimin e prosperitetit q\u00eb krijon vende t\u00eb pun\u00ebs\u201d, ceket n\u00eb urimin e sekretarit amerikan t\u00eb Shtetit, Marko Rubio.<\/p>\n","protected":false},"excerpt":{"rendered":"<p>&nbsp;Ambasada e Shteteve t&euml; bashkuara t&euml; Amerik&euml;s p&euml;rmes nj&euml; kumtimi n&euml; Facebook d&euml;rgoi urime me rastin e 8 Shtatorit &ndash; Dit&euml;s s&euml; pavar&euml;sis&euml; s&euml; shtetit. &ldquo;Urime dita e pavar&euml;sis&euml;! Ky vit &euml;sht&euml; me r&euml;nd&euml;si t&euml; posa&ccedil;me sepse sh&euml;nojm&euml; edhe 30 vite marr&euml;dh&euml;nie diplomatike mes vendeve tona. Gjat&euml; tre dekadave, nd&euml;rtuam partneritet t&euml; fuqish&euml;m &ndash; duke [&hellip;]<\/p>\n","protected":false},"author":2,"featured_media":43252,"comment_status":"open","ping_status":"closed","sticky":false,"template":"","format":"standard","meta":{"_monsterinsights_skip_tracking":false,"_monsterinsights_sitenote_active":false,"_monsterinsights_sitenote_note":"","_monsterinsights_sitenote_category":0,"footnotes":""},"categories":[1],"tags":[],"class_list":["post-43251","post","type-post","status-publish","format-standard","has-post-thumbnail","hentry","category-vendi"],"_links":{"self":[{"href":"https:\/\/radiojehona.mk\/index.php?rest_route=\/wp\/v2\/posts\/43251","targetHints":{"allow":["GET"]}}],"collection":[{"href":"https:\/\/radiojehona.mk\/index.php?rest_route=\/wp\/v2\/posts"}],"about":[{"href":"https:\/\/radiojehona.mk\/index.php?rest_route=\/wp\/v2\/types\/post"}],"author":[{"embeddable":true,"href":"https:\/\/radiojehona.mk\/index.php?rest_route=\/wp\/v2\/users\/2"}],"replies":[{"embeddable":true,"href":"https:\/\/radiojehona.mk\/index.php?rest_route=%2Fwp%2Fv2%2Fcomments&post=43251"}],"version-history":[{"count":1,"href":"https:\/\/radiojehona.mk\/index.php?rest_route=\/wp\/v2\/posts\/43251\/revisions"}],"predecessor-version":[{"id":43253,"href":"https:\/\/radiojehona.mk\/index.php?rest_route=\/wp\/v2\/posts\/43251\/revisions\/43253"}],"wp:featuredmedia":[{"embeddable":true,"href":"https:\/\/radiojehona.mk\/index.php?rest_route=\/wp\/v2\/media\/43252"}],"wp:attachment":[{"href":"https:\/\/radiojehona.mk\/index.php?rest_route=%2Fwp%2Fv2%2Fmedia&parent=43251"}],"wp:term":[{"taxonomy":"category","embeddable":true,"href":"https:\/\/radiojehona.mk\/index.php?rest_route=%2Fwp%2Fv2%2Fcategories&post=43251"},{"taxonomy":"post_tag","embeddable":true,"href":"https:\/\/radiojehona.mk\/index.php?rest_route=%2Fwp%2Fv2%2Ftags&post=43251"}],"curies":[{"name":"wp","href":"https:\/\/api.w.org\/{rel}","templated":true}]}}