{"id":43247,"date":"2025-09-07T10:18:01","date_gmt":"2025-09-07T10:18:01","guid":{"rendered":"https:\/\/radiojehona.com\/?p=43247"},"modified":"2025-09-07T10:18:01","modified_gmt":"2025-09-07T10:18:01","slug":"serish-termet-ne-maqedoni","status":"publish","type":"post","link":"https:\/\/radiojehona.mk\/?p=43247","title":{"rendered":"S\u00ebrish t\u00ebrmet n\u00eb Maqedoni"},"content":{"rendered":"\n<figure class=\"wp-block-image size-full\"><img fetchpriority=\"high\" decoding=\"async\" width=\"653\" height=\"379\" src=\"https:\/\/radiojehona.com\/wp-content\/uploads\/2024\/11\/termet-ishull.jpg\" alt=\"\" class=\"wp-image-37953\" srcset=\"https:\/\/radiojehona.mk\/wp-content\/uploads\/2024\/11\/termet-ishull.jpg 653w, https:\/\/radiojehona.mk\/wp-content\/uploads\/2024\/11\/termet-ishull-300x174.jpg 300w\" sizes=\"(max-width: 653px) 100vw, 653px\" \/><\/figure>\n\n\n\n<p>Nj\u00eb t\u00ebrmet me intensitet prej tre ball\u00ebsh sipas shkall\u00ebs makroseizmike evropiane \u00ebsht\u00eb regjistruar mbr\u00ebm\u00eb n\u00eb Maqedoni.<\/p>\n\n\n\n<p>Sipas t\u00eb dh\u00ebnave t\u00eb Observatorit Sizmologjik pran\u00eb Fakultetit Matematiko-Natyror n\u00eb Shkup, t\u00ebrmeti \u00ebsht\u00eb regjistruar dje n\u00eb or\u00ebn 20:39, me magnitud\u00eb lokale 2.7 t\u00eb shkall\u00ebs Rihter.<\/p>\n\n\n\n<p>Epiqendra e t\u00ebrmetit ka qen\u00eb n\u00eb rajonin e K\u00ebr\u00e7ov\u00ebs, rreth 75 kilometra n\u00eb jugper\u00ebndim t\u00eb Shkupit.<\/p>\n\n\n\n<p>Nga t\u00eb dh\u00ebnat fillestare, l\u00ebkundjet jan\u00eb ndjer\u00eb n\u00eb K\u00ebr\u00e7ov\u00eb, Oh\u00ebr dhe rrethin\u00ebn.<\/p>\n\n\n\n<p>Gjithashtu edhe nj\u00eb dit\u00eb m\u00eb par\u00eb jan\u00eb regjistruar l\u00ebkundje m\u00eb t\u00eb lehta t\u00eb tok\u00ebs. Deri m\u00eb tani nuk raportohen d\u00ebme materiale apo pasoja n\u00eb njer\u00ebz.<\/p>\n","protected":false},"excerpt":{"rendered":"<p>Nj&euml; t&euml;rmet me intensitet prej tre ball&euml;sh sipas shkall&euml;s makroseizmike evropiane &euml;sht&euml; regjistruar mbr&euml;m&euml; n&euml; Maqedoni. Sipas t&euml; dh&euml;nave t&euml; Observatorit Sizmologjik pran&euml; Fakultetit Matematiko-Natyror n&euml; Shkup, t&euml;rmeti &euml;sht&euml; regjistruar dje n&euml; or&euml;n 20:39, me magnitud&euml; lokale 2.7 t&euml; shkall&euml;s Rihter. Epiqendra e t&euml;rmetit ka qen&euml; n&euml; rajonin e K&euml;r&ccedil;ov&euml;s, rreth 75 kilometra n&euml; jugper&euml;ndim [&hellip;]<\/p>\n","protected":false},"author":2,"featured_media":37953,"comment_status":"open","ping_status":"closed","sticky":false,"template":"","format":"standard","meta":{"_monsterinsights_skip_tracking":false,"_monsterinsights_sitenote_active":false,"_monsterinsights_sitenote_note":"","_monsterinsights_sitenote_category":0,"footnotes":""},"categories":[1],"tags":[],"class_list":["post-43247","post","type-post","status-publish","format-standard","has-post-thumbnail","hentry","category-vendi"],"_links":{"self":[{"href":"https:\/\/radiojehona.mk\/index.php?rest_route=\/wp\/v2\/posts\/43247","targetHints":{"allow":["GET"]}}],"collection":[{"href":"https:\/\/radiojehona.mk\/index.php?rest_route=\/wp\/v2\/posts"}],"about":[{"href":"https:\/\/radiojehona.mk\/index.php?rest_route=\/wp\/v2\/types\/post"}],"author":[{"embeddable":true,"href":"https:\/\/radiojehona.mk\/index.php?rest_route=\/wp\/v2\/users\/2"}],"replies":[{"embeddable":true,"href":"https:\/\/radiojehona.mk\/index.php?rest_route=%2Fwp%2Fv2%2Fcomments&post=43247"}],"version-history":[{"count":1,"href":"https:\/\/radiojehona.mk\/index.php?rest_route=\/wp\/v2\/posts\/43247\/revisions"}],"predecessor-version":[{"id":43248,"href":"https:\/\/radiojehona.mk\/index.php?rest_route=\/wp\/v2\/posts\/43247\/revisions\/43248"}],"wp:featuredmedia":[{"embeddable":true,"href":"https:\/\/radiojehona.mk\/index.php?rest_route=\/wp\/v2\/media\/37953"}],"wp:attachment":[{"href":"https:\/\/radiojehona.mk\/index.php?rest_route=%2Fwp%2Fv2%2Fmedia&parent=43247"}],"wp:term":[{"taxonomy":"category","embeddable":true,"href":"https:\/\/radiojehona.mk\/index.php?rest_route=%2Fwp%2Fv2%2Fcategories&post=43247"},{"taxonomy":"post_tag","embeddable":true,"href":"https:\/\/radiojehona.mk\/index.php?rest_route=%2Fwp%2Fv2%2Ftags&post=43247"}],"curies":[{"name":"wp","href":"https:\/\/api.w.org\/{rel}","templated":true}]}}