{"id":43244,"date":"2025-09-07T08:53:56","date_gmt":"2025-09-07T08:53:56","guid":{"rendered":"https:\/\/radiojehona.com\/?p=43244"},"modified":"2025-09-07T08:53:56","modified_gmt":"2025-09-07T08:53:56","slug":"gjykata-i-cakton-30-dite-paraburgim-17-vjecarit-qe-tentoi-te-vriste-babain-e-tij-ne-shkup","status":"publish","type":"post","link":"https:\/\/radiojehona.mk\/?p=43244","title":{"rendered":"Gjykata i cakton 30 dit\u00eb paraburgim 17 vje\u00e7arit q\u00eb tentoi t\u00eb vriste babain e tij n\u00eb Shkup"},"content":{"rendered":"\n<figure class=\"wp-block-image size-large\"><img fetchpriority=\"high\" decoding=\"async\" width=\"1024\" height=\"632\" src=\"https:\/\/radiojehona.com\/wp-content\/uploads\/2025\/09\/IMG_2482-1024x632.jpeg\" alt=\"\" class=\"wp-image-43245\" srcset=\"https:\/\/radiojehona.mk\/wp-content\/uploads\/2025\/09\/IMG_2482-1024x632.jpeg 1024w, https:\/\/radiojehona.mk\/wp-content\/uploads\/2025\/09\/IMG_2482-300x185.jpeg 300w, https:\/\/radiojehona.mk\/wp-content\/uploads\/2025\/09\/IMG_2482-768x474.jpeg 768w, https:\/\/radiojehona.mk\/wp-content\/uploads\/2025\/09\/IMG_2482.jpeg 1125w\" sizes=\"(max-width: 1024px) 100vw, 1024px\" \/><\/figure>\n\n\n\n<p>Gjykata Penale n\u00eb Shkup ka miratuar k\u00ebrkes\u00ebn e Prokuroris\u00eb Publike p\u00ebr caktimin e paraburgimit 30 ditor p\u00ebr t\u00eb riun 17 vje\u00e7ar, me komb\u00ebsi shqiptare nga Shkupi, q\u00eb tentoi t\u00eb vriste babain e tij.<\/p>\n\n\n\n<p>Merret vesh se i riu \u00ebsht\u00eb me probeme psiqike dhe ka marr\u00eb terapi t\u00eb vazhdueshme. I nj\u00ebjti ka ushtruar dhun\u00eb m\u00eb her\u00ebt edhe ndaj n\u00ebn\u00ebs dhe motr\u00ebs s\u00eb tij.<\/p>\n\n\n\n<p>Ngjarja ndodhi m\u00ebngjesin e dit\u00eb s\u00ebs shtun\u00eb n\u00eb nj\u00eb sht\u00ebpi familjare n\u00eb rrug\u00ebn \u201cHristijan Todorovski Karposh\u201d \u2013 Shkup, ku i mituri, duke ushtruar dhun\u00eb, me q\u00ebllim ka tentuar t\u2019i marr\u00eb jet\u00ebn babait t\u00eb tij. Ai i \u00ebsht\u00eb afruar nga pas nd\u00ebrsa viktima ndodhej n\u00eb dhom\u00ebn e gjumit dhe e ka goditur me thik\u00eb\u00a0 duke i shkaktuar 10 plag\u00eb me thik\u00eb.<\/p>\n","protected":false},"excerpt":{"rendered":"<p>Gjykata Penale n&euml; Shkup ka miratuar k&euml;rkes&euml;n e Prokuroris&euml; Publike p&euml;r caktimin e paraburgimit 30 ditor p&euml;r t&euml; riun 17 vje&ccedil;ar, me komb&euml;si shqiptare nga Shkupi, q&euml; tentoi t&euml; vriste babain e tij. Merret vesh se i riu &euml;sht&euml; me probeme psiqike dhe ka marr&euml; terapi t&euml; vazhdueshme. I nj&euml;jti ka ushtruar dhun&euml; m&euml; her&euml;t [&hellip;]<\/p>\n","protected":false},"author":2,"featured_media":43245,"comment_status":"open","ping_status":"closed","sticky":false,"template":"","format":"standard","meta":{"_monsterinsights_skip_tracking":false,"_monsterinsights_sitenote_active":false,"_monsterinsights_sitenote_note":"","_monsterinsights_sitenote_category":0,"footnotes":""},"categories":[1],"tags":[],"class_list":["post-43244","post","type-post","status-publish","format-standard","has-post-thumbnail","hentry","category-vendi"],"_links":{"self":[{"href":"https:\/\/radiojehona.mk\/index.php?rest_route=\/wp\/v2\/posts\/43244","targetHints":{"allow":["GET"]}}],"collection":[{"href":"https:\/\/radiojehona.mk\/index.php?rest_route=\/wp\/v2\/posts"}],"about":[{"href":"https:\/\/radiojehona.mk\/index.php?rest_route=\/wp\/v2\/types\/post"}],"author":[{"embeddable":true,"href":"https:\/\/radiojehona.mk\/index.php?rest_route=\/wp\/v2\/users\/2"}],"replies":[{"embeddable":true,"href":"https:\/\/radiojehona.mk\/index.php?rest_route=%2Fwp%2Fv2%2Fcomments&post=43244"}],"version-history":[{"count":1,"href":"https:\/\/radiojehona.mk\/index.php?rest_route=\/wp\/v2\/posts\/43244\/revisions"}],"predecessor-version":[{"id":43246,"href":"https:\/\/radiojehona.mk\/index.php?rest_route=\/wp\/v2\/posts\/43244\/revisions\/43246"}],"wp:featuredmedia":[{"embeddable":true,"href":"https:\/\/radiojehona.mk\/index.php?rest_route=\/wp\/v2\/media\/43245"}],"wp:attachment":[{"href":"https:\/\/radiojehona.mk\/index.php?rest_route=%2Fwp%2Fv2%2Fmedia&parent=43244"}],"wp:term":[{"taxonomy":"category","embeddable":true,"href":"https:\/\/radiojehona.mk\/index.php?rest_route=%2Fwp%2Fv2%2Fcategories&post=43244"},{"taxonomy":"post_tag","embeddable":true,"href":"https:\/\/radiojehona.mk\/index.php?rest_route=%2Fwp%2Fv2%2Ftags&post=43244"}],"curies":[{"name":"wp","href":"https:\/\/api.w.org\/{rel}","templated":true}]}}