{"id":43241,"date":"2025-09-06T18:47:03","date_gmt":"2025-09-06T18:47:03","guid":{"rendered":"https:\/\/radiojehona.com\/?p=43241"},"modified":"2025-09-06T18:47:04","modified_gmt":"2025-09-06T18:47:04","slug":"serbia-shpenzon-me-se-shumti-ne-rajon-per-ushtrine","status":"publish","type":"post","link":"https:\/\/radiojehona.mk\/?p=43241","title":{"rendered":"Serbia shpenzon m\u00eb s\u00eb shumti n\u00eb rajon p\u00ebr ushtrin\u00eb"},"content":{"rendered":"\n<figure class=\"wp-block-image size-large\"><img fetchpriority=\"high\" decoding=\"async\" width=\"1024\" height=\"637\" src=\"https:\/\/radiojehona.com\/wp-content\/uploads\/2025\/09\/IMG_2480-1024x637.jpeg\" alt=\"\" class=\"wp-image-43242\" srcset=\"https:\/\/radiojehona.mk\/wp-content\/uploads\/2025\/09\/IMG_2480-1024x637.jpeg 1024w, https:\/\/radiojehona.mk\/wp-content\/uploads\/2025\/09\/IMG_2480-300x187.jpeg 300w, https:\/\/radiojehona.mk\/wp-content\/uploads\/2025\/09\/IMG_2480-768x478.jpeg 768w, https:\/\/radiojehona.mk\/wp-content\/uploads\/2025\/09\/IMG_2480.jpeg 1125w\" sizes=\"(max-width: 1024px) 100vw, 1024px\" \/><\/figure>\n\n\n\n<p>\u201cFaktor pengues ndaj \u00e7do agresori t\u00eb mundsh\u00ebm nga fqinj\u00ebsia\u201d.<br><br>K\u00ebshtu e justifikoi presidenti serb, Aleksandar Vu\u00e7iq, nevoj\u00ebn p\u00ebr blerje t\u00eb reja arm\u00ebsh q\u00eb shqyrtoi, k\u00ebt\u00eb jav\u00eb, gjat\u00eb pjes\u00ebmarrjes n\u00eb nj\u00eb parad\u00eb ushtarake n\u00eb Pekin.<\/p>\n\n\n\n<p>Ai u takua atje me presidentin e Kin\u00ebs, Xi Jinping, dhe tha se ka shfryt\u00ebzuar pjes\u00ebmarrjen e tij n\u00eb parad\u00eb p\u00ebr t\u00eb par\u00eb se \u201c\u00e7far\u00eb do t\u00eb ishte interesante t\u00eb blihej p\u00ebr nevojat e Ushtris\u00eb s\u00eb Serbis\u00eb\u201d.<\/p>\n\n\n\n<p>Serbia bashk\u00ebpunon gjer\u00ebsisht me Kin\u00ebn n\u00eb sektorin e mbrojtjes, dhe blerjet e saj t\u00eb arm\u00ebve nga ky vend kan\u00eb shkaktuar kritika nga Bashkimi Evropian \u2013 ku Serbia m\u00ebton t\u00eb an\u00ebtar\u00ebsohet \u2013 dhe nga Shtetet e Bashkuara.<\/p>\n\n\n\n<p>Sipas Institutit Nd\u00ebrkomb\u00ebtar t\u00eb K\u00ebrkimeve p\u00ebr Paqen n\u00eb Stokholm (SIPRI), Serbia \u2013 edhe pse e pozicionuar si ushtarakisht neutrale \u2013 ka b\u00ebr\u00eb shpenzimet m\u00eb t\u00eb m\u00ebdha ushtarake n\u00eb rajonin e Ballkanit Per\u00ebndimor gjat\u00eb pes\u00eb vjet\u00ebve t\u00eb fundit, duke bler\u00eb armatim si nga Per\u00ebndimi, ashtu edhe nga Lindja.<\/p>\n\n\n\n<p>Vet\u00ebm n\u00eb vitin 2024, Serbia ndau 2.2 miliard\u00eb dollar\u00eb p\u00ebr ushtrin\u00eb \u2013 rreth pes\u00eb her\u00eb m\u00eb shum\u00eb se Shqip\u00ebria, an\u00ebtare e NATO-s dhe vendi i dyt\u00eb n\u00eb rajon p\u00ebr shpenzime ushtarake.<\/p>\n\n\n\n<p>Kjo shum\u00eb p\u00ebrb\u00ebn 2.6% t\u00eb Bruto Produktit Vendor t\u00eb Serbis\u00eb.<\/p>\n\n\n\n<h4 class=\"wp-block-heading\" id=\"h-kush-e-kercenon-serbine\"><strong>Kush e \u201ck\u00ebrc\u00ebnon\u201d Serbin\u00eb?<\/strong><\/h4>\n\n\n\n<p>Si justifikim p\u00ebr armatosjen e Serbis\u00eb, Vu\u00e7iq shpesh p\u00ebrdor \u201ck\u00ebrc\u00ebnimet nga fqinj\u00ebsia\u201d.<\/p>\n\n\n\n<p>\u201cT\u00eb gjith\u00eb po armatosen deri n\u00eb dh\u00ebmb\u00eb. Po armatosen edhe n\u00eb rajon, dhe \u00ebsht\u00eb detyra jon\u00eb t\u00eb mos mbetemi prapa. E t\u00ebra \u00e7far\u00eb mund t\u2019ju them \u00ebsht\u00eb se nuk po mbetemi prapa\u201d \u2013 ishte nj\u00eb deklarat\u00eb e Vu\u00e7iqit n\u00eb janar t\u00eb vitit 2024.<\/p>\n\n\n\n<p>Ai, shpesh, thot\u00eb se Serbia \u201cnuk d\u00ebshiron t\u00eb sulmoj\u00eb\u201d ask\u00ebnd dhe se \u00ebsht\u00eb nj\u00eb \u201cfaktor paqeje dhe stabiliteti\u201d n\u00eb Ballkanin Per\u00ebndimor, por, n\u00eb t\u00eb nj\u00ebjt\u00ebn koh\u00eb, vendet fqinje i trajton sikur p\u00ebrfaq\u00ebsojn\u00eb \u201ck\u00ebrc\u00ebnim\u201d p\u00ebr sigurin\u00eb e Serbis\u00eb.<\/p>\n\n\n\n<p>\u201cNe nuk do t\u00eb prekim ask\u00ebnd, ne vet\u00ebm do t\u00eb mbrojm\u00eb territorin dhe integritetin ton\u00eb dhe asgj\u00eb tjet\u00ebr\u201d, tha Vu\u00e7iq n\u00eb nj\u00eb deklarat\u00eb p\u00ebr mediat serbe n\u00eb Pekin.<\/p>\n\n\n\n<p>Gjat\u00eb t\u00eb nj\u00ebjtit fjalim, ai iu referua njoftimit p\u00ebr bashk\u00ebpunim ushtarak midis Kroacis\u00eb, Kosov\u00ebs dhe Shqip\u00ebris\u00eb, t\u00eb cilat n\u00ebnshkruan nj\u00eb deklarat\u00eb t\u00eb p\u00ebrbashk\u00ebt n\u00eb Tiran\u00eb m\u00eb 18 mars.<\/p>\n\n\n\n<p>Me k\u00ebt\u00eb deklarat\u00eb, tri vendet u zotuan p\u00ebr bashk\u00ebpunim dhe theksuan r\u00ebnd\u00ebsin\u00eb e p\u00ebrgjigjeve t\u00eb p\u00ebrbashk\u00ebta ndaj sfidave t\u00eb siguris\u00eb, k\u00ebrc\u00ebnimeve hibride dhe rreziqeve t\u00eb tjera.<\/p>\n\n\n\n<p>Duke e komentuar at\u00eb, Vu\u00e7iq tha se b\u00ebhet fjal\u00eb p\u00ebr formimin e nj\u00eb aleance ushtarake t\u00eb drejtuar \u201ckund\u00ebr Serbis\u00eb\u201d.<\/p>\n\n\n\n<p>Qeveria kroate i tha Radios Evropa e Lir\u00eb n\u00eb at\u00eb koh\u00eb se deklarata e tri shteteve nuk aspiron krijimin e ndonj\u00eb aleance ushtarake.<\/p>\n\n\n\n<p>Serbia \u00ebsht\u00eb e rrethuar nga vende an\u00ebtare t\u00eb NATO-s.<\/p>\n\n\n\n<p>Nga vendet e Ballkanit Per\u00ebndimor \u00ebsht\u00eb e vetmja q\u00eb nuk ka aspirata p\u00ebr an\u00ebtar\u00ebsim n\u00eb aleanc\u00ebn e Atlantikut t\u00eb Veriut.<\/p>\n\n\n\n<p>Nd\u00ebrsa Shqip\u00ebria, Mali i Zi dhe Maqedonia e Veriut jan\u00eb an\u00ebtare t\u00eb NATO-s, Bosnje e Hercegovina dhe Kosova synojn\u00eb t\u00eb an\u00ebtar\u00ebsohen.<\/p>\n\n\n\n<p>Serbia, gjithashtu, kufizohet me Kroacin\u00eb, Hungarin\u00eb, Rumanin\u00eb dhe Bullgarin\u00eb \u2013 q\u00eb t\u00eb gjitha an\u00ebtare t\u00eb NATO-s dhe Bashkimit Evropian.<\/p>\n\n\n\n<h2 class=\"wp-block-heading\"><strong>Krahasimi me Kroacin\u00eb<\/strong><\/h2>\n\n\n\n<p>N\u00eb deklaratat e tij, presidenti serb, Aleksandar Vu\u00e7iq, u ka kushtuar v\u00ebmendje t\u00eb ve\u00e7ant\u00eb edhe aft\u00ebsive ushtarake t\u00eb Kroacis\u00eb fqinje.<\/p>\n\n\n\n<p>Marr\u00ebdh\u00ebniet midis dy vendeve kan\u00eb qen\u00eb t\u00eb tensionuara viteve t\u00eb fundit \u2013 me akuza t\u00eb shpeshta midis zyrtar\u00ebve nga Beogradi dhe Zagrebi.<\/p>\n\n\n\n<p>\u201cSerbia po sheh se \u00e7far\u00eb ka ushtria kroate\u201d, tha Vu\u00e7iq m\u00eb 23 qershor, pasi mori pjes\u00eb n\u00eb nj\u00eb seanc\u00eb t\u00eb kolegjiumit t\u00eb zgjeruar t\u00eb shefave t\u00eb Shtabit t\u00eb P\u00ebrgjithsh\u00ebm t\u00eb Forcave t\u00eb Armatosura t\u00eb Serbis\u00eb.<\/p>\n\n\n\n<p>Ai e p\u00ebrmendi Kroacin\u00eb edhe pasi Serbia u dakordua me Franc\u00ebn, n\u00eb vitin 2024, p\u00ebr t\u00eb bler\u00eb avion\u00eb luftarak\u00eb francez\u00eb, Rafale.<\/p>\n\n\n\n<p>\u201cKur ata blen\u00eb 12 Rafale, ishte nj\u00eb lajm i mir\u00eb p\u00ebr rajonin, dhe tani q\u00eb Serbia i blen, \u00ebsht\u00eb nj\u00eb tragjedi. E, n\u00eb k\u00ebt\u00eb po marrin pjes\u00eb edhe mediat tona\u201d, tha Vu\u00e7iq n\u00eb gusht t\u00eb vitit 2024.<\/p>\n\n\n\n<p>Sipas t\u00eb dh\u00ebnave t\u00eb SIPRI-t, Serbia, at\u00eb vit, ndau rreth 700 milion\u00eb dollar\u00eb m\u00eb shum\u00eb se Kroacia p\u00ebr ushtrin\u00eb.<\/p>\n\n\n\n<p>Ajo kishte ndar\u00eb m\u00eb shum\u00eb edhe n\u00eb kat\u00ebr vjet\u00ebt e m\u00ebparsh\u00ebm.<\/p>\n\n\n\n<h4 class=\"wp-block-heading\"><strong>Ku furnizohet Serbia me arm\u00eb?<\/strong><\/h4>\n\n\n\n<p>T\u00eb dh\u00ebnat se sa dhe \u00e7far\u00eb importon dhe eksporton Serbia mbahen sekrete dhe nuk mund t\u00eb shihen n\u00eb baz\u00ebn e t\u00eb dh\u00ebnave t\u00eb Zyr\u00ebs s\u00eb Statistikave t\u00eb Republik\u00ebs, pasi ato i n\u00ebnshtrohen zbatimit t\u00eb rregullave t\u00eb konfidencialitetit t\u00eb t\u00eb dh\u00ebnave.<\/p>\n\n\n\n<p>Serbia mb\u00ebshtetej shum\u00eb n\u00eb arm\u00ebt ruse deri n\u00eb pushtimin rus t\u00eb Ukrain\u00ebs.<\/p>\n\n\n\n<p>Megjithat\u00eb, ajo i ndaloi k\u00ebto blerje pasi filloi pushtimi n\u00eb shkall\u00eb t\u00eb plot\u00eb, n\u00eb shkurt t\u00eb vitit 2022.<\/p>\n\n\n\n<p>Edhe pse mb\u00ebshtet n\u00eb m\u00ebnyr\u00eb deklarative integritetin territorial dhe sovranitetin e Ukrain\u00ebs, Beogradi zyrtar nuk iu bashkua sanksioneve kund\u00ebr Rusis\u00eb, pavar\u00ebsisht thirrjeve nga Brukseli dhe Uashingtoni.<\/p>\n\n\n\n<p>Pajisjet e fundit q\u00eb mb\u00ebrrit\u00ebn n\u00eb Serbi nga Rusia, dy vjet pas fillimit t\u00eb pushtimit rus t\u00eb Ukrain\u00ebs, ishin sistemi anti-dron Repelent.<\/p>\n\n\n\n<p>Ato ishin pjes\u00eb e nj\u00eb blerjeje t\u00eb kontraktuar dhe t\u00eb paguar qysh m\u00eb her\u00ebt, por q\u00eb nuk mund t\u00eb dor\u00ebzoheshin pik\u00ebrisht p\u00ebr shkak t\u00eb luft\u00ebs n\u00eb Ukrain\u00eb.<\/p>\n\n\n\n<p>P\u00ebr shkak t\u00eb rrethanave t\u00eb reja gjeopolitike dhe luft\u00ebs n\u00eb Ukrain\u00eb, Serbia iu drejtua Kin\u00ebs, prej ku bleu dron\u00eb luftarak\u00eb dhe sistemin raketor anti-ajror FK-3.<\/p>\n\n\n\n<p>N\u00eb prill, Serbia n\u00ebnshkroi nj\u00eb marr\u00ebveshje t\u00eb re bashk\u00ebpunimi n\u00eb fush\u00ebn e mbrojtjes me Hungarin\u00eb fqinje \u2013 an\u00ebtare e BE-s\u00eb dhe NATO-s \u2013 p\u00ebr t\u00eb cil\u00ebn Vu\u00e7iq shpreson se mund t\u00eb sh\u00ebrbej\u00eb si hap drejt krijimit t\u00eb nj\u00eb aleance ushtarake.\/REL\/<br><\/p>\n","protected":false},"excerpt":{"rendered":"<p>&ldquo;Faktor pengues ndaj &ccedil;do agresori t&euml; mundsh&euml;m nga fqinj&euml;sia&rdquo;. K&euml;shtu e justifikoi presidenti serb, Aleksandar Vu&ccedil;iq, nevoj&euml;n p&euml;r blerje t&euml; reja arm&euml;sh q&euml; shqyrtoi, k&euml;t&euml; jav&euml;, gjat&euml; pjes&euml;marrjes n&euml; nj&euml; parad&euml; ushtarake n&euml; Pekin. Ai u takua atje me presidentin e Kin&euml;s, Xi Jinping, dhe tha se ka shfryt&euml;zuar pjes&euml;marrjen e tij n&euml; parad&euml; p&euml;r [&hellip;]<\/p>\n","protected":false},"author":2,"featured_media":43242,"comment_status":"open","ping_status":"closed","sticky":false,"template":"","format":"standard","meta":{"_monsterinsights_skip_tracking":false,"_monsterinsights_sitenote_active":false,"_monsterinsights_sitenote_note":"","_monsterinsights_sitenote_category":0,"footnotes":""},"categories":[576],"tags":[],"class_list":["post-43241","post","type-post","status-publish","format-standard","has-post-thumbnail","hentry","category-rajoni"],"_links":{"self":[{"href":"https:\/\/radiojehona.mk\/index.php?rest_route=\/wp\/v2\/posts\/43241","targetHints":{"allow":["GET"]}}],"collection":[{"href":"https:\/\/radiojehona.mk\/index.php?rest_route=\/wp\/v2\/posts"}],"about":[{"href":"https:\/\/radiojehona.mk\/index.php?rest_route=\/wp\/v2\/types\/post"}],"author":[{"embeddable":true,"href":"https:\/\/radiojehona.mk\/index.php?rest_route=\/wp\/v2\/users\/2"}],"replies":[{"embeddable":true,"href":"https:\/\/radiojehona.mk\/index.php?rest_route=%2Fwp%2Fv2%2Fcomments&post=43241"}],"version-history":[{"count":1,"href":"https:\/\/radiojehona.mk\/index.php?rest_route=\/wp\/v2\/posts\/43241\/revisions"}],"predecessor-version":[{"id":43243,"href":"https:\/\/radiojehona.mk\/index.php?rest_route=\/wp\/v2\/posts\/43241\/revisions\/43243"}],"wp:featuredmedia":[{"embeddable":true,"href":"https:\/\/radiojehona.mk\/index.php?rest_route=\/wp\/v2\/media\/43242"}],"wp:attachment":[{"href":"https:\/\/radiojehona.mk\/index.php?rest_route=%2Fwp%2Fv2%2Fmedia&parent=43241"}],"wp:term":[{"taxonomy":"category","embeddable":true,"href":"https:\/\/radiojehona.mk\/index.php?rest_route=%2Fwp%2Fv2%2Fcategories&post=43241"},{"taxonomy":"post_tag","embeddable":true,"href":"https:\/\/radiojehona.mk\/index.php?rest_route=%2Fwp%2Fv2%2Ftags&post=43241"}],"curies":[{"name":"wp","href":"https:\/\/api.w.org\/{rel}","templated":true}]}}