{"id":43238,"date":"2025-09-06T18:40:10","date_gmt":"2025-09-06T18:40:10","guid":{"rendered":"https:\/\/radiojehona.com\/?p=43238"},"modified":"2025-09-06T18:40:12","modified_gmt":"2025-09-06T18:40:12","slug":"bujar-osmani-fale-angazhimit-tim-si-minister-maqedonia-e-veriut-sot-zyrtarisht-e-mbeshtet-shtetin-palestinez","status":"publish","type":"post","link":"https:\/\/radiojehona.mk\/?p=43238","title":{"rendered":"Bujar Osmani: Fal\u00eb angazhimit tim si minist\u00ebr, Maqedonia e Veriut sot zyrtarisht e mb\u00ebshtet shtetin palestinez"},"content":{"rendered":"\n<figure class=\"wp-block-image size-large\"><img fetchpriority=\"high\" decoding=\"async\" width=\"1024\" height=\"659\" src=\"https:\/\/radiojehona.com\/wp-content\/uploads\/2025\/09\/IMG_2479-1024x659.jpeg\" alt=\"\" class=\"wp-image-43239\" srcset=\"https:\/\/radiojehona.mk\/wp-content\/uploads\/2025\/09\/IMG_2479-1024x659.jpeg 1024w, https:\/\/radiojehona.mk\/wp-content\/uploads\/2025\/09\/IMG_2479-300x193.jpeg 300w, https:\/\/radiojehona.mk\/wp-content\/uploads\/2025\/09\/IMG_2479-768x494.jpeg 768w, https:\/\/radiojehona.mk\/wp-content\/uploads\/2025\/09\/IMG_2479.jpeg 1125w\" sizes=\"(max-width: 1024px) 100vw, 1024px\" \/><\/figure>\n\n\n\n<p>Bujar Osmani, kandidat p\u00ebr kryetar t\u00eb \u00c7airit dhe ish-minist\u00ebr i pun\u00ebve t\u00eb jashtme, e d\u00ebnoi manipulimin me videon e tij ku flet p\u00ebr konfliktin izraelito-palestinez. Ai theksoi se me q\u00ebllim \u00ebsht\u00eb prer\u00eb pjesa ku flet p\u00ebr mb\u00ebshtetjen e Palestin\u00ebs, me q\u00ebllim q\u00eb t\u00eb krijohet nj\u00eb imazh i rrem\u00eb p\u00ebr q\u00ebndrimin e tij.<\/p>\n\n\n\n<figure class=\"wp-block-image\"><img decoding=\"async\" src=\"https:\/\/ads.tetovasot.com\/www\/delivery\/lg.php?bannerid=0&amp;campaignid=0&amp;zoneid=276&amp;loc=https%3A%2F%2Ftetovasot.com%2F2025%2F09%2Fbujar-osmani-fale-angazhimit-tim-si-minister-maqedonia-e-veriut-sot-zyrtarisht-e-mbeshtet-shtetin-palestinez%2F&amp;referer=https%3A%2F%2Ffax.al%2F&amp;cb=94ab916ff5\" alt=\"\"\/><\/figure>\n\n\n\n<figure class=\"wp-block-image\"><img decoding=\"async\" src=\"https:\/\/ads.tetovasot.com\/www\/delivery\/lg.php?bannerid=0&amp;campaignid=0&amp;zoneid=218&amp;loc=https%3A%2F%2Ftetovasot.com%2F2025%2F09%2Fbujar-osmani-fale-angazhimit-tim-si-minister-maqedonia-e-veriut-sot-zyrtarisht-e-mbeshtet-shtetin-palestinez%2F&amp;referer=https%3A%2F%2Ffax.al%2F&amp;cb=dfc293dd84\" alt=\"\"\/><\/figure>\n\n\n\n<p>\u201cPara se t\u00eb b\u00ebhesha minist\u00ebr i pun\u00ebve t\u00eb jashtme, vendi nuk kishte q\u00ebndrim p\u00ebr mb\u00ebshtetjen e shtetit palestinez. Ajo q\u00eb b\u00ebra un\u00eb ishte politika e dy shteteve, q\u00eb \u00ebsht\u00eb politik\u00eb e BE-s\u00eb, ta zyrtarizojm\u00eb si politik\u00eb t\u00eb jashtme. Dhe, Maqedonia e Veriut tani e mb\u00ebshtet formimin e shtetit palestinez. Ky \u00ebsht\u00eb kontributi yn\u00eb, kontributi im, n\u00eb form\u00ebsimin e politik\u00ebs s\u00eb jashtme t\u00eb Maqedonis\u00eb s\u00eb Veriut,\u201d theksoi Osmani.<\/p>\n\n\n\n<figure class=\"wp-block-image\"><img decoding=\"async\" src=\"https:\/\/ads.tetovasot.com\/www\/delivery\/lg.php?bannerid=0&amp;campaignid=0&amp;zoneid=189&amp;loc=https%3A%2F%2Ftetovasot.com%2F2025%2F09%2Fbujar-osmani-fale-angazhimit-tim-si-minister-maqedonia-e-veriut-sot-zyrtarisht-e-mbeshtet-shtetin-palestinez%2F&amp;referer=https%3A%2F%2Ffax.al%2F&amp;cb=1e02579d02\" alt=\"\"\/><\/figure>\n\n\n\n<figure class=\"wp-block-image\"><img decoding=\"async\" src=\"https:\/\/ads.tetovasot.com\/www\/delivery\/lg.php?bannerid=0&amp;campaignid=0&amp;zoneid=226&amp;loc=https%3A%2F%2Ftetovasot.com%2F2025%2F09%2Fbujar-osmani-fale-angazhimit-tim-si-minister-maqedonia-e-veriut-sot-zyrtarisht-e-mbeshtet-shtetin-palestinez%2F&amp;referer=https%3A%2F%2Ffax.al%2F&amp;cb=a4cab570ba\" alt=\"\"\/><\/figure>\n\n\n\n<p>Ai akuzoi se shtabet opozitare me q\u00ebllim e kan\u00eb l\u00ebn\u00eb jasht\u00eb k\u00ebt\u00eb pjes\u00eb t\u00eb videos p\u00ebr t\u00eb manipuluar votuesit:<br>\u201cE \u00e7ka b\u00ebjn\u00eb shtabet e kund\u00ebrshtar\u00ebve? Shkuan dhe e pren\u00eb videon, pjes\u00ebn p\u00ebr Palestin\u00ebn. P\u00ebr \u00e7far\u00eb? Vet\u00ebm p\u00ebr t\u00eb manipuluar votuesit e tyre. A duhet t\u00eb biem kaq posht\u00eb?\u201d pyeti Osmani.<\/p>\n\n\n\n<figure class=\"wp-block-image\"><img decoding=\"async\" src=\"https:\/\/ads.tetovasot.com\/www\/delivery\/lg.php?bannerid=0&amp;campaignid=0&amp;zoneid=276&amp;loc=https%3A%2F%2Ftetovasot.com%2F2025%2F09%2Fbujar-osmani-fale-angazhimit-tim-si-minister-maqedonia-e-veriut-sot-zyrtarisht-e-mbeshtet-shtetin-palestinez%2F&amp;referer=https%3A%2F%2Ffax.al%2F&amp;cb=4a15db8f2e\" alt=\"\"\/><\/figure>\n\n\n\n<p>N\u00eb deklarat\u00ebn e tij Osmani p\u00ebrs\u00ebri theksoi r\u00ebnd\u00ebsin\u00eb e debatit kulturor dhe respektit n\u00eb komunikimin politik.<br>\u201cUa kam th\u00ebn\u00eb vullnetar\u00ebve n\u00eb fushat\u00ebn time: asnj\u00ebher\u00eb mos e ulni debatin n\u00eb at\u00eb nivel. Bisedoni me njer\u00ebzit me ide, p\u00ebr vizion \u2013 njer\u00ebzit jan\u00eb t\u00eb uritur p\u00ebr debat kulturor.\u201d p\u00ebrfundoi ai.<\/p>\n","protected":false},"excerpt":{"rendered":"<p>Bujar Osmani, kandidat p&euml;r kryetar t&euml; &Ccedil;airit dhe ish-minist&euml;r i pun&euml;ve t&euml; jashtme, e d&euml;noi manipulimin me videon e tij ku flet p&euml;r konfliktin izraelito-palestinez. Ai theksoi se me q&euml;llim &euml;sht&euml; prer&euml; pjesa ku flet p&euml;r mb&euml;shtetjen e Palestin&euml;s, me q&euml;llim q&euml; t&euml; krijohet nj&euml; imazh i rrem&euml; p&euml;r q&euml;ndrimin e tij. &ldquo;Para se t&euml; [&hellip;]<\/p>\n","protected":false},"author":2,"featured_media":43239,"comment_status":"open","ping_status":"closed","sticky":false,"template":"","format":"standard","meta":{"_monsterinsights_skip_tracking":false,"_monsterinsights_sitenote_active":false,"_monsterinsights_sitenote_note":"","_monsterinsights_sitenote_category":0,"footnotes":""},"categories":[1],"tags":[],"class_list":["post-43238","post","type-post","status-publish","format-standard","has-post-thumbnail","hentry","category-vendi"],"_links":{"self":[{"href":"https:\/\/radiojehona.mk\/index.php?rest_route=\/wp\/v2\/posts\/43238","targetHints":{"allow":["GET"]}}],"collection":[{"href":"https:\/\/radiojehona.mk\/index.php?rest_route=\/wp\/v2\/posts"}],"about":[{"href":"https:\/\/radiojehona.mk\/index.php?rest_route=\/wp\/v2\/types\/post"}],"author":[{"embeddable":true,"href":"https:\/\/radiojehona.mk\/index.php?rest_route=\/wp\/v2\/users\/2"}],"replies":[{"embeddable":true,"href":"https:\/\/radiojehona.mk\/index.php?rest_route=%2Fwp%2Fv2%2Fcomments&post=43238"}],"version-history":[{"count":1,"href":"https:\/\/radiojehona.mk\/index.php?rest_route=\/wp\/v2\/posts\/43238\/revisions"}],"predecessor-version":[{"id":43240,"href":"https:\/\/radiojehona.mk\/index.php?rest_route=\/wp\/v2\/posts\/43238\/revisions\/43240"}],"wp:featuredmedia":[{"embeddable":true,"href":"https:\/\/radiojehona.mk\/index.php?rest_route=\/wp\/v2\/media\/43239"}],"wp:attachment":[{"href":"https:\/\/radiojehona.mk\/index.php?rest_route=%2Fwp%2Fv2%2Fmedia&parent=43238"}],"wp:term":[{"taxonomy":"category","embeddable":true,"href":"https:\/\/radiojehona.mk\/index.php?rest_route=%2Fwp%2Fv2%2Fcategories&post=43238"},{"taxonomy":"post_tag","embeddable":true,"href":"https:\/\/radiojehona.mk\/index.php?rest_route=%2Fwp%2Fv2%2Ftags&post=43238"}],"curies":[{"name":"wp","href":"https:\/\/api.w.org\/{rel}","templated":true}]}}