{"id":43235,"date":"2025-09-06T18:38:34","date_gmt":"2025-09-06T18:38:34","guid":{"rendered":"https:\/\/radiojehona.com\/?p=43235"},"modified":"2025-09-06T18:38:34","modified_gmt":"2025-09-06T18:38:34","slug":"bdi-zyrtarizon-edhe-tre-kandidatura-tjera-per-zgjedhjet-lokale","status":"publish","type":"post","link":"https:\/\/radiojehona.mk\/?p=43235","title":{"rendered":"BDI zyrtarizon edhe tre kandidatura tjera p\u00ebr zgjedhjet lokale"},"content":{"rendered":"\n<figure class=\"wp-block-image size-large\"><img fetchpriority=\"high\" decoding=\"async\" width=\"1024\" height=\"684\" src=\"https:\/\/radiojehona.com\/wp-content\/uploads\/2025\/09\/IMG_2478-1024x684.jpeg\" alt=\"\" class=\"wp-image-43236\" srcset=\"https:\/\/radiojehona.mk\/wp-content\/uploads\/2025\/09\/IMG_2478-1024x684.jpeg 1024w, https:\/\/radiojehona.mk\/wp-content\/uploads\/2025\/09\/IMG_2478-300x201.jpeg 300w, https:\/\/radiojehona.mk\/wp-content\/uploads\/2025\/09\/IMG_2478-768x513.jpeg 768w, https:\/\/radiojehona.mk\/wp-content\/uploads\/2025\/09\/IMG_2478.jpeg 1125w\" sizes=\"(max-width: 1024px) 100vw, 1024px\" \/><\/figure>\n\n\n\n<p>Bashkimi Demokratik p\u00ebr Integrim (BDI) ka miratuar tre kandidatura p\u00ebr kryetar\u00eb komune dhe ka shpallur mobilizimin komb\u00ebtar p\u00ebr fitoren plebishitare m\u00eb 19 tetor.<\/p>\n\n\n\n<p>Kryetari i BDI-s\u00eb, Ali Ahmeti, konvokoi sot mbledhjen e 23-t\u00eb t\u00eb Kryesis\u00eb Qendrore, ku u diskutua p\u00ebr zhvillimet aktuale politike, mobilizimin e Aleanc\u00ebs Komb\u00ebtare p\u00ebr Integrim dhe p\u00ebrgatitjet p\u00ebr referendumin e 19 tetorit.<\/p>\n\n\n\n<p>N\u00eb k\u00ebt\u00eb mbledhje, me unanimitet t\u00eb plot\u00eb, u miratuan kandidat\u00ebt e rinj p\u00ebr kryetar\u00eb komune:<br>\u2022 Dollnen \u2013 Flamur Gjoleka<br>\u2022 Plasnic\u00eb \u2013 Ali Jaoski<br>\u2022 Butel \u2013 Isamedin Azizi<\/p>\n\n\n\n<p>BDI po finalizon p\u00ebrzgjedhjen e t\u00eb gjitha kandidat\u00ebve t\u00eb Aleanc\u00ebs Komb\u00ebtare p\u00ebr Integrim q\u00eb do t\u00eb garojn\u00eb n\u00eb zgjedhjet lokale. Partia e konsideron referendumin e 19 tetorit nj\u00eb moment historik p\u00ebr popullin dhe nj\u00eb mund\u00ebsi p\u00ebr rikthimin e dinjitetit n\u00eb shtet.<\/p>\n\n\n\n<p>\u201cJemi jasht\u00ebzakonisht t\u00eb k\u00ebnaqur me mb\u00ebshtetjen nga t\u00ebr\u00eb an\u00ebt dhe me mobilizimin e p\u00ebrgjithsh\u00ebm \u2013 t\u00eb gjith\u00eb n\u00eb k\u00ebmb\u00eb p\u00ebr dinjitet, t\u00eb gjith\u00eb n\u00eb k\u00ebmb\u00eb p\u00ebr fitoren ton\u00eb t\u00eb p\u00ebrbashk\u00ebt\u201d, thuhet n\u00eb njoftimin e partis\u00eb.<\/p>\n","protected":false},"excerpt":{"rendered":"<p>Bashkimi Demokratik p&euml;r Integrim (BDI) ka miratuar tre kandidatura p&euml;r kryetar&euml; komune dhe ka shpallur mobilizimin komb&euml;tar p&euml;r fitoren plebishitare m&euml; 19 tetor. Kryetari i BDI-s&euml;, Ali Ahmeti, konvokoi sot mbledhjen e 23-t&euml; t&euml; Kryesis&euml; Qendrore, ku u diskutua p&euml;r zhvillimet aktuale politike, mobilizimin e Aleanc&euml;s Komb&euml;tare p&euml;r Integrim dhe p&euml;rgatitjet p&euml;r referendumin e 19 [&hellip;]<\/p>\n","protected":false},"author":2,"featured_media":43236,"comment_status":"open","ping_status":"closed","sticky":false,"template":"","format":"standard","meta":{"_monsterinsights_skip_tracking":false,"_monsterinsights_sitenote_active":false,"_monsterinsights_sitenote_note":"","_monsterinsights_sitenote_category":0,"footnotes":""},"categories":[1],"tags":[],"class_list":["post-43235","post","type-post","status-publish","format-standard","has-post-thumbnail","hentry","category-vendi"],"_links":{"self":[{"href":"https:\/\/radiojehona.mk\/index.php?rest_route=\/wp\/v2\/posts\/43235","targetHints":{"allow":["GET"]}}],"collection":[{"href":"https:\/\/radiojehona.mk\/index.php?rest_route=\/wp\/v2\/posts"}],"about":[{"href":"https:\/\/radiojehona.mk\/index.php?rest_route=\/wp\/v2\/types\/post"}],"author":[{"embeddable":true,"href":"https:\/\/radiojehona.mk\/index.php?rest_route=\/wp\/v2\/users\/2"}],"replies":[{"embeddable":true,"href":"https:\/\/radiojehona.mk\/index.php?rest_route=%2Fwp%2Fv2%2Fcomments&post=43235"}],"version-history":[{"count":1,"href":"https:\/\/radiojehona.mk\/index.php?rest_route=\/wp\/v2\/posts\/43235\/revisions"}],"predecessor-version":[{"id":43237,"href":"https:\/\/radiojehona.mk\/index.php?rest_route=\/wp\/v2\/posts\/43235\/revisions\/43237"}],"wp:featuredmedia":[{"embeddable":true,"href":"https:\/\/radiojehona.mk\/index.php?rest_route=\/wp\/v2\/media\/43236"}],"wp:attachment":[{"href":"https:\/\/radiojehona.mk\/index.php?rest_route=%2Fwp%2Fv2%2Fmedia&parent=43235"}],"wp:term":[{"taxonomy":"category","embeddable":true,"href":"https:\/\/radiojehona.mk\/index.php?rest_route=%2Fwp%2Fv2%2Fcategories&post=43235"},{"taxonomy":"post_tag","embeddable":true,"href":"https:\/\/radiojehona.mk\/index.php?rest_route=%2Fwp%2Fv2%2Ftags&post=43235"}],"curies":[{"name":"wp","href":"https:\/\/api.w.org\/{rel}","templated":true}]}}