{"id":43232,"date":"2025-09-06T18:36:43","date_gmt":"2025-09-06T18:36:43","guid":{"rendered":"https:\/\/radiojehona.com\/?p=43232"},"modified":"2025-09-06T18:36:44","modified_gmt":"2025-09-06T18:36:44","slug":"levizja-arberia-drejt-finalizimit-te-marreveshjes-me-vlen-in-per-zgjedhjet-lokale","status":"publish","type":"post","link":"https:\/\/radiojehona.mk\/?p=43232","title":{"rendered":"L\u00ebvizja Arb\u00ebria drejt finalizimit t\u00eb marr\u00ebveshjes me VLEN-in p\u00ebr zgjedhjet lokale"},"content":{"rendered":"\n<figure class=\"wp-block-image size-large\"><img fetchpriority=\"high\" decoding=\"async\" width=\"1024\" height=\"596\" src=\"https:\/\/radiojehona.com\/wp-content\/uploads\/2025\/09\/IMG_2477-1024x596.jpeg\" alt=\"\" class=\"wp-image-43233\" srcset=\"https:\/\/radiojehona.mk\/wp-content\/uploads\/2025\/09\/IMG_2477-1024x596.jpeg 1024w, https:\/\/radiojehona.mk\/wp-content\/uploads\/2025\/09\/IMG_2477-300x175.jpeg 300w, https:\/\/radiojehona.mk\/wp-content\/uploads\/2025\/09\/IMG_2477-768x447.jpeg 768w, https:\/\/radiojehona.mk\/wp-content\/uploads\/2025\/09\/IMG_2477.jpeg 1125w\" sizes=\"(max-width: 1024px) 100vw, 1024px\" \/><\/figure>\n\n\n\n<p>L\u00ebvizja Arb\u00ebria po hyn n\u00eb faz\u00ebn p\u00ebrmbyll\u00ebse t\u00eb arritjes s\u00eb nj\u00eb marr\u00ebveshjeje bashk\u00ebpunimi me koalicionin VLEN p\u00ebr zgjedhjet lokale t\u00eb tetorit.&nbsp;<\/p>\n\n\n\n<figure class=\"wp-block-image\"><img decoding=\"async\" src=\"https:\/\/ads.tetovasot.com\/www\/delivery\/lg.php?bannerid=0&amp;campaignid=0&amp;zoneid=276&amp;loc=https%3A%2F%2Ftetovasot.com%2F2025%2F09%2Flevizja-arberia-drejt-finalizimit-te-marreveshjes-me-vlen-in-per-zgjedhjet-lokale%2F&amp;referer=https%3A%2F%2Ffax.al%2F&amp;cb=fe3af16acf\" alt=\"\"\/><\/figure>\n\n\n\n<figure class=\"wp-block-image\"><img decoding=\"async\" src=\"https:\/\/ads.tetovasot.com\/www\/delivery\/lg.php?bannerid=0&amp;campaignid=0&amp;zoneid=218&amp;loc=https%3A%2F%2Ftetovasot.com%2F2025%2F09%2Flevizja-arberia-drejt-finalizimit-te-marreveshjes-me-vlen-in-per-zgjedhjet-lokale%2F&amp;referer=https%3A%2F%2Ffax.al%2F&amp;cb=29f103ab8e\" alt=\"\"\/><\/figure>\n\n\n\n<p>Ky hap \u00ebsht\u00eb fryt i nj\u00eb procesi t\u00eb gjat\u00eb konsultimesh t\u00eb hapura e t\u00eb vazhdueshme me strukturat dhe aktivin n\u00eb terren.&nbsp;<\/p>\n\n\n\n<figure class=\"wp-block-image\"><img decoding=\"async\" src=\"https:\/\/ads.tetovasot.com\/www\/delivery\/lg.php?bannerid=0&amp;campaignid=0&amp;zoneid=189&amp;loc=https%3A%2F%2Ftetovasot.com%2F2025%2F09%2Flevizja-arberia-drejt-finalizimit-te-marreveshjes-me-vlen-in-per-zgjedhjet-lokale%2F&amp;referer=https%3A%2F%2Ffax.al%2F&amp;cb=06db6c4824\" alt=\"\"\/><\/figure>\n\n\n\n<figure class=\"wp-block-image\"><img decoding=\"async\" src=\"https:\/\/ads.tetovasot.com\/www\/delivery\/lg.php?bannerid=0&amp;campaignid=0&amp;zoneid=226&amp;loc=https%3A%2F%2Ftetovasot.com%2F2025%2F09%2Flevizja-arberia-drejt-finalizimit-te-marreveshjes-me-vlen-in-per-zgjedhjet-lokale%2F&amp;referer=https%3A%2F%2Ffax.al%2F&amp;cb=3143790117\" alt=\"\"\/><\/figure>\n\n\n\n<p>Z\u00ebri i tyre, mb\u00ebshtetja e fuqishme dhe besimi i shprehur e kan\u00eb b\u00ebr\u00eb t\u00eb qart\u00eb se kjo marr\u00ebveshje \u00ebsht\u00eb nj\u00eb domosdoshm\u00ebri p\u00ebr bashkimin e shqiptar\u00ebve dhe p\u00ebr nd\u00ebrtimin e nj\u00eb qasjeje t\u00eb re politike, larg hijeve t\u00eb s\u00eb shkuar\u00ebs dhe praktikave t\u00eb korrupsionit moral e politik q\u00eb p\u00ebr 2 dekada kan\u00eb r\u00ebnduar mbi shpatullat e qytetar\u00ebve.&nbsp;<\/p>\n\n\n\n<figure class=\"wp-block-image\"><img decoding=\"async\" src=\"https:\/\/ads.tetovasot.com\/www\/delivery\/lg.php?bannerid=0&amp;campaignid=0&amp;zoneid=276&amp;loc=https%3A%2F%2Ftetovasot.com%2F2025%2F09%2Flevizja-arberia-drejt-finalizimit-te-marreveshjes-me-vlen-in-per-zgjedhjet-lokale%2F&amp;referer=https%3A%2F%2Ffax.al%2F&amp;cb=5820ffd552\" alt=\"\"\/><\/figure>\n\n\n\n<p>Ky vendim \u00ebsht\u00eb d\u00ebshmi e p\u00ebrkushtimit t\u00eb Arb\u00ebris\u00eb p\u00ebr t\u00eb qen\u00eb gjithmon\u00eb pran\u00eb qytetar\u00ebve shqiptar\u00eb, duke vendosur interesin e p\u00ebrbashk\u00ebt mbi \u00e7do interes t\u00eb ngusht\u00eb partiak. Me mir\u00ebnjohje t\u00eb thell\u00eb fal\u00ebnderojm\u00eb t\u00eb gjith\u00eb ata q\u00eb kan\u00eb q\u00ebndruar pran\u00eb nesh n\u00eb k\u00ebt\u00eb rrug\u00ebtim: miqt\u00eb nga Prishtina dhe Tirana, diaspor\u00ebn shqiptare n\u00eb Evrop\u00eb dhe Lobin Shqiptaro-Amerikan.&nbsp;<\/p>\n\n\n\n<figure class=\"wp-block-image\"><img decoding=\"async\" src=\"https:\/\/ads.tetovasot.com\/www\/delivery\/lg.php?bannerid=0&amp;campaignid=0&amp;zoneid=276&amp;loc=https%3A%2F%2Ftetovasot.com%2F2025%2F09%2Flevizja-arberia-drejt-finalizimit-te-marreveshjes-me-vlen-in-per-zgjedhjet-lokale%2F&amp;referer=https%3A%2F%2Ffax.al%2F&amp;cb=8935ca8696\" alt=\"\"\/><\/figure>\n\n\n\n<p>K\u00ebshillat e tyre, mb\u00ebshtetja dhe komunikimi i vazhduesh\u00ebm p\u00ebrmes an\u00ebtarit t\u00eb K\u00ebshillit Drejtues, z. Gazmend Aliji, kan\u00eb qen\u00eb nj\u00eb drit\u00eb udh\u00ebrr\u00ebfyese n\u00eb k\u00ebt\u00eb proces vendimtar. Shqiptar\u00ebt e Maqedonis\u00eb s\u00eb Veriut sot po hapin nj\u00eb kapitull t\u00eb ri, kapitullin e bashkimit, t\u00eb besimit dhe t\u00eb shpres\u00ebs p\u00ebr nj\u00eb t\u00eb ardhme m\u00eb t\u00eb drejt\u00eb dhe m\u00eb dinjitoze. Ky \u00ebsht\u00eb vet\u00ebm fillimi i nj\u00eb rrug\u00ebtimi t\u00eb ri drejt ndryshimit t\u00eb shum\u00ebpritur dhe fuqizimit politik t\u00eb shqiptar\u00ebve.<\/p>\n","protected":false},"excerpt":{"rendered":"<p>L&euml;vizja Arb&euml;ria po hyn n&euml; faz&euml;n p&euml;rmbyll&euml;se t&euml; arritjes s&euml; nj&euml; marr&euml;veshjeje bashk&euml;punimi me koalicionin VLEN p&euml;r zgjedhjet lokale t&euml; tetorit.&nbsp; Ky hap &euml;sht&euml; fryt i nj&euml; procesi t&euml; gjat&euml; konsultimesh t&euml; hapura e t&euml; vazhdueshme me strukturat dhe aktivin n&euml; terren.&nbsp; Z&euml;ri i tyre, mb&euml;shtetja e fuqishme dhe besimi i shprehur e kan&euml; b&euml;r&euml; [&hellip;]<\/p>\n","protected":false},"author":2,"featured_media":43233,"comment_status":"open","ping_status":"closed","sticky":false,"template":"","format":"standard","meta":{"_monsterinsights_skip_tracking":false,"_monsterinsights_sitenote_active":false,"_monsterinsights_sitenote_note":"","_monsterinsights_sitenote_category":0,"footnotes":""},"categories":[1],"tags":[],"class_list":["post-43232","post","type-post","status-publish","format-standard","has-post-thumbnail","hentry","category-vendi"],"_links":{"self":[{"href":"https:\/\/radiojehona.mk\/index.php?rest_route=\/wp\/v2\/posts\/43232","targetHints":{"allow":["GET"]}}],"collection":[{"href":"https:\/\/radiojehona.mk\/index.php?rest_route=\/wp\/v2\/posts"}],"about":[{"href":"https:\/\/radiojehona.mk\/index.php?rest_route=\/wp\/v2\/types\/post"}],"author":[{"embeddable":true,"href":"https:\/\/radiojehona.mk\/index.php?rest_route=\/wp\/v2\/users\/2"}],"replies":[{"embeddable":true,"href":"https:\/\/radiojehona.mk\/index.php?rest_route=%2Fwp%2Fv2%2Fcomments&post=43232"}],"version-history":[{"count":1,"href":"https:\/\/radiojehona.mk\/index.php?rest_route=\/wp\/v2\/posts\/43232\/revisions"}],"predecessor-version":[{"id":43234,"href":"https:\/\/radiojehona.mk\/index.php?rest_route=\/wp\/v2\/posts\/43232\/revisions\/43234"}],"wp:featuredmedia":[{"embeddable":true,"href":"https:\/\/radiojehona.mk\/index.php?rest_route=\/wp\/v2\/media\/43233"}],"wp:attachment":[{"href":"https:\/\/radiojehona.mk\/index.php?rest_route=%2Fwp%2Fv2%2Fmedia&parent=43232"}],"wp:term":[{"taxonomy":"category","embeddable":true,"href":"https:\/\/radiojehona.mk\/index.php?rest_route=%2Fwp%2Fv2%2Fcategories&post=43232"},{"taxonomy":"post_tag","embeddable":true,"href":"https:\/\/radiojehona.mk\/index.php?rest_route=%2Fwp%2Fv2%2Ftags&post=43232"}],"curies":[{"name":"wp","href":"https:\/\/api.w.org\/{rel}","templated":true}]}}