{"id":43224,"date":"2025-09-06T18:27:54","date_gmt":"2025-09-06T18:27:54","guid":{"rendered":"https:\/\/radiojehona.com\/?p=43224"},"modified":"2025-09-06T18:27:54","modified_gmt":"2025-09-06T18:27:54","slug":"neser-qitje-artilerike-me-rastin-e-dites-se-pavaresise","status":"publish","type":"post","link":"https:\/\/radiojehona.mk\/?p=43224","title":{"rendered":"Nes\u00ebr qitje artilerike me rastin e Dit\u00ebs s\u00eb pavar\u00ebsis\u00eb"},"content":{"rendered":"\n<figure class=\"wp-block-image size-large\"><img fetchpriority=\"high\" decoding=\"async\" width=\"1024\" height=\"686\" src=\"https:\/\/radiojehona.com\/wp-content\/uploads\/2025\/09\/IMG_2474-1024x686.jpeg\" alt=\"\" class=\"wp-image-43225\" srcset=\"https:\/\/radiojehona.mk\/wp-content\/uploads\/2025\/09\/IMG_2474-1024x686.jpeg 1024w, https:\/\/radiojehona.mk\/wp-content\/uploads\/2025\/09\/IMG_2474-300x201.jpeg 300w, https:\/\/radiojehona.mk\/wp-content\/uploads\/2025\/09\/IMG_2474-768x515.jpeg 768w, https:\/\/radiojehona.mk\/wp-content\/uploads\/2025\/09\/IMG_2474.jpeg 1125w\" sizes=\"(max-width: 1024px) 100vw, 1024px\" \/><\/figure>\n\n\n\n<p>N\u00eb kazerm\u00ebn \u201cIlinden\u201d nes\u00ebr do t\u00eb mbahet qitje artilerike me rastin e 8 Shtatorit \u2013 Dit\u00ebs s\u00eb pavar\u00ebsis\u00eb.<\/p>\n\n\n\n<p>N\u00eb or\u00ebn 18 do t\u00eb mbahet qitje prov\u00eb artilerike me gjuajtjen e nj\u00eb bresh\u00ebrie nga gjasht\u00eb pajisje artilerike, nd\u00ebrsa n\u00eb or\u00ebn 19 qitje artilerike me gjuajtjen e 10 bresh\u00ebrive nga gjasht\u00eb pajisje artilerike.<\/p>\n\n\n\n<p>\u201cQitja artilerike si pjes\u00eb e detyrimeve protokollare t\u00eb Armat\u00ebs p\u00ebr sh\u00ebnimin e festave \u00ebsht\u00eb pjes\u00eb e aktiviteteve q\u00eb realizohen me rastin e sh\u00ebnimit t\u00eb Dit\u00ebs s\u00eb pavar\u00ebsis\u00eb \u2013 8 Shtatori\u201d, informoi sot Shtatmadhoria e Armat\u00ebs.<\/p>\n","protected":false},"excerpt":{"rendered":"<p>N&euml; kazerm&euml;n &ldquo;Ilinden&rdquo; nes&euml;r do t&euml; mbahet qitje artilerike me rastin e 8 Shtatorit &ndash; Dit&euml;s s&euml; pavar&euml;sis&euml;. N&euml; or&euml;n 18 do t&euml; mbahet qitje prov&euml; artilerike me gjuajtjen e nj&euml; bresh&euml;rie nga gjasht&euml; pajisje artilerike, nd&euml;rsa n&euml; or&euml;n 19 qitje artilerike me gjuajtjen e 10 bresh&euml;rive nga gjasht&euml; pajisje artilerike. &ldquo;Qitja artilerike si pjes&euml; [&hellip;]<\/p>\n","protected":false},"author":2,"featured_media":43225,"comment_status":"open","ping_status":"closed","sticky":false,"template":"","format":"standard","meta":{"_monsterinsights_skip_tracking":false,"_monsterinsights_sitenote_active":false,"_monsterinsights_sitenote_note":"","_monsterinsights_sitenote_category":0,"footnotes":""},"categories":[1],"tags":[],"class_list":["post-43224","post","type-post","status-publish","format-standard","has-post-thumbnail","hentry","category-vendi"],"_links":{"self":[{"href":"https:\/\/radiojehona.mk\/index.php?rest_route=\/wp\/v2\/posts\/43224","targetHints":{"allow":["GET"]}}],"collection":[{"href":"https:\/\/radiojehona.mk\/index.php?rest_route=\/wp\/v2\/posts"}],"about":[{"href":"https:\/\/radiojehona.mk\/index.php?rest_route=\/wp\/v2\/types\/post"}],"author":[{"embeddable":true,"href":"https:\/\/radiojehona.mk\/index.php?rest_route=\/wp\/v2\/users\/2"}],"replies":[{"embeddable":true,"href":"https:\/\/radiojehona.mk\/index.php?rest_route=%2Fwp%2Fv2%2Fcomments&post=43224"}],"version-history":[{"count":1,"href":"https:\/\/radiojehona.mk\/index.php?rest_route=\/wp\/v2\/posts\/43224\/revisions"}],"predecessor-version":[{"id":43226,"href":"https:\/\/radiojehona.mk\/index.php?rest_route=\/wp\/v2\/posts\/43224\/revisions\/43226"}],"wp:featuredmedia":[{"embeddable":true,"href":"https:\/\/radiojehona.mk\/index.php?rest_route=\/wp\/v2\/media\/43225"}],"wp:attachment":[{"href":"https:\/\/radiojehona.mk\/index.php?rest_route=%2Fwp%2Fv2%2Fmedia&parent=43224"}],"wp:term":[{"taxonomy":"category","embeddable":true,"href":"https:\/\/radiojehona.mk\/index.php?rest_route=%2Fwp%2Fv2%2Fcategories&post=43224"},{"taxonomy":"post_tag","embeddable":true,"href":"https:\/\/radiojehona.mk\/index.php?rest_route=%2Fwp%2Fv2%2Ftags&post=43224"}],"curies":[{"name":"wp","href":"https:\/\/api.w.org\/{rel}","templated":true}]}}