{"id":43221,"date":"2025-09-06T18:24:11","date_gmt":"2025-09-06T18:24:11","guid":{"rendered":"https:\/\/radiojehona.com\/?p=43221"},"modified":"2025-09-06T18:24:11","modified_gmt":"2025-09-06T18:24:11","slug":"mexhiti-sfidon-osmanin-per-debat-osmani-kerkon-debat-me-mickoskin-a-do-te-kete-perballje-televizive-te-kandidateve-per-cairin","status":"publish","type":"post","link":"https:\/\/radiojehona.mk\/?p=43221","title":{"rendered":"Mexhiti sfidon Osmanin p\u00ebr DEBAT, Osmani k\u00ebrkon debat me Mickoskin! A do t\u00eb ket\u00eb p\u00ebrballje televizive t\u00eb kandidat\u00ebve p\u00ebr \u00c7airin?"},"content":{"rendered":"\n<figure class=\"wp-block-image size-large\"><img fetchpriority=\"high\" decoding=\"async\" width=\"1024\" height=\"526\" src=\"https:\/\/radiojehona.com\/wp-content\/uploads\/2025\/09\/IMG_2473-1024x526.jpeg\" alt=\"\" class=\"wp-image-43222\" srcset=\"https:\/\/radiojehona.mk\/wp-content\/uploads\/2025\/09\/IMG_2473-1024x526.jpeg 1024w, https:\/\/radiojehona.mk\/wp-content\/uploads\/2025\/09\/IMG_2473-300x154.jpeg 300w, https:\/\/radiojehona.mk\/wp-content\/uploads\/2025\/09\/IMG_2473-768x395.jpeg 768w, https:\/\/radiojehona.mk\/wp-content\/uploads\/2025\/09\/IMG_2473.jpeg 1125w\" sizes=\"(max-width: 1024px) 100vw, 1024px\" \/><\/figure>\n\n\n\n<p>Kandidati p\u00ebr kryetar t\u00eb \u00c7airit, Izet Mexhiti ka sfiduar kund\u00ebrkandidatin e tij, Bujar Osmani p\u00ebr debat publik, njofton TV21.<\/p>\n\n\n\n<p>\u201cTash ka dal\u00eb p\u00ebr \u00c7airin, le t\u00eb urdh\u00ebroj\u00eb t\u00eb zgjedh\u00eb kudo dhe kur t\u00eb doj\u00eb, t\u2019i sqarojm\u00eb t\u00eb gjitha dilemat\u201d, tha Mexhiti.<\/p>\n\n\n\n<p>Nd\u00ebrkaq Osmani gjat\u00eb dit\u00ebs tha se do t\u00eb debatonte me kryeministrin Hristijan Mickoski.<\/p>\n\n\n\n<p>\u201cUn\u00eb natyrisht nuk do t\u2019i ik debatit, mir\u00ebpo un\u00eb mendoj se nuk duhet ta b\u00ebjm\u00eb me nd\u00ebrmjet\u00ebsues. Un\u00eb dua t\u00eb debatoj me kryesorin. Dua t\u00eb debatoj me Mickoskin\u201d, tha Osmani.<\/p>\n","protected":false},"excerpt":{"rendered":"<p>Kandidati p&euml;r kryetar t&euml; &Ccedil;airit, Izet Mexhiti ka sfiduar kund&euml;rkandidatin e tij, Bujar Osmani p&euml;r debat publik, njofton TV21. &ldquo;Tash ka dal&euml; p&euml;r &Ccedil;airin, le t&euml; urdh&euml;roj&euml; t&euml; zgjedh&euml; kudo dhe kur t&euml; doj&euml;, t&rsquo;i sqarojm&euml; t&euml; gjitha dilemat&rdquo;, tha Mexhiti. Nd&euml;rkaq Osmani gjat&euml; dit&euml;s tha se do t&euml; debatonte me kryeministrin Hristijan Mickoski. &ldquo;Un&euml; [&hellip;]<\/p>\n","protected":false},"author":2,"featured_media":43222,"comment_status":"open","ping_status":"closed","sticky":false,"template":"","format":"standard","meta":{"_monsterinsights_skip_tracking":false,"_monsterinsights_sitenote_active":false,"_monsterinsights_sitenote_note":"","_monsterinsights_sitenote_category":0,"footnotes":""},"categories":[1],"tags":[],"class_list":["post-43221","post","type-post","status-publish","format-standard","has-post-thumbnail","hentry","category-vendi"],"_links":{"self":[{"href":"https:\/\/radiojehona.mk\/index.php?rest_route=\/wp\/v2\/posts\/43221","targetHints":{"allow":["GET"]}}],"collection":[{"href":"https:\/\/radiojehona.mk\/index.php?rest_route=\/wp\/v2\/posts"}],"about":[{"href":"https:\/\/radiojehona.mk\/index.php?rest_route=\/wp\/v2\/types\/post"}],"author":[{"embeddable":true,"href":"https:\/\/radiojehona.mk\/index.php?rest_route=\/wp\/v2\/users\/2"}],"replies":[{"embeddable":true,"href":"https:\/\/radiojehona.mk\/index.php?rest_route=%2Fwp%2Fv2%2Fcomments&post=43221"}],"version-history":[{"count":1,"href":"https:\/\/radiojehona.mk\/index.php?rest_route=\/wp\/v2\/posts\/43221\/revisions"}],"predecessor-version":[{"id":43223,"href":"https:\/\/radiojehona.mk\/index.php?rest_route=\/wp\/v2\/posts\/43221\/revisions\/43223"}],"wp:featuredmedia":[{"embeddable":true,"href":"https:\/\/radiojehona.mk\/index.php?rest_route=\/wp\/v2\/media\/43222"}],"wp:attachment":[{"href":"https:\/\/radiojehona.mk\/index.php?rest_route=%2Fwp%2Fv2%2Fmedia&parent=43221"}],"wp:term":[{"taxonomy":"category","embeddable":true,"href":"https:\/\/radiojehona.mk\/index.php?rest_route=%2Fwp%2Fv2%2Fcategories&post=43221"},{"taxonomy":"post_tag","embeddable":true,"href":"https:\/\/radiojehona.mk\/index.php?rest_route=%2Fwp%2Fv2%2Ftags&post=43221"}],"curies":[{"name":"wp","href":"https:\/\/api.w.org\/{rel}","templated":true}]}}