{"id":43218,"date":"2025-09-06T16:38:57","date_gmt":"2025-09-06T16:38:57","guid":{"rendered":"https:\/\/radiojehona.com\/?p=43218"},"modified":"2025-09-06T16:38:57","modified_gmt":"2025-09-06T16:38:57","slug":"vlen-hap-shtabin-zgjedhor-ne-prespe-ibrahimi-gjithandej-ndihet-fryma-e-fitores","status":"publish","type":"post","link":"https:\/\/radiojehona.mk\/?p=43218","title":{"rendered":"VLEN hap Shtabin zgjedhor n\u00eb Presp\u00eb, Ibrahimi: Gjithandej ndihet fryma e fitores!"},"content":{"rendered":"\n<figure class=\"wp-block-image size-large\"><img fetchpriority=\"high\" decoding=\"async\" width=\"1024\" height=\"829\" src=\"https:\/\/radiojehona.com\/wp-content\/uploads\/2025\/09\/IMG_2472-1024x829.jpeg\" alt=\"\" class=\"wp-image-43219\" srcset=\"https:\/\/radiojehona.mk\/wp-content\/uploads\/2025\/09\/IMG_2472-1024x829.jpeg 1024w, https:\/\/radiojehona.mk\/wp-content\/uploads\/2025\/09\/IMG_2472-300x243.jpeg 300w, https:\/\/radiojehona.mk\/wp-content\/uploads\/2025\/09\/IMG_2472-768x622.jpeg 768w, https:\/\/radiojehona.mk\/wp-content\/uploads\/2025\/09\/IMG_2472.jpeg 1125w\" sizes=\"(max-width: 1024px) 100vw, 1024px\" \/><\/figure>\n\n\n\n<p>Koalicioni VLEN sot ka b\u00ebr\u00eb hapjen e Shtabit zgjedhor n\u00ebn pranin\u00eb e simpatizant\u00ebve t\u00eb saj.<\/p>\n\n\n\n<p>Me k\u00ebt\u00eb rast si\u00e7 b\u00ebn t\u00eb ditur lideri i Alternativ\u00ebs, Zeqirija Ibrahimi n\u00eb nj\u00eb postim n\u00eb Fejsbuk, \u201cvotuesi shqiptar p\u00ebrfaq\u00ebsohet n\u00eb \u00e7do cep ku flitet shqip, ku dhe gjithandej ndihet fryma e fitores\u201d.<\/p>\n\n\n\n<p>\u201cS\u00eb bashku me krer\u00ebt e koalicionit VLEN hap\u00ebm sot shtabin zgjedhor n\u00eb Presp\u00eb, nj\u00eb rajon ku traditat e lashta shqiptare ruhen me krenari.<br>VLEN do t\u00eb jet\u00eb n\u00eb \u00e7do cep ku flitet shqip, duke u p\u00ebrfaq\u00ebsuar n\u00eb m\u00ebnyr\u00eb dinjitoze\u201d, ka shkruar Ibrahimi, duke shtuar nj\u00ebher\u00ebsh se ndryshimi ka filluar dhe gjithandej ndihet fryma e fitores.<\/p>\n\n\n\n<p>Ndryshe, zgjedhjet lokale do t\u00eb mbahen m\u00eb 19 tetor ku VLEN futet me nj\u00eb ep\u00ebrsi bind\u00ebse aty ku ka nxjerr\u00eb kandidat\u00eb t\u00eb saj.<\/p>\n","protected":false},"excerpt":{"rendered":"<p>Koalicioni VLEN sot ka b&euml;r&euml; hapjen e Shtabit zgjedhor n&euml;n pranin&euml; e simpatizant&euml;ve t&euml; saj. Me k&euml;t&euml; rast si&ccedil; b&euml;n t&euml; ditur lideri i Alternativ&euml;s, Zeqirija Ibrahimi n&euml; nj&euml; postim n&euml; Fejsbuk, &ldquo;votuesi shqiptar p&euml;rfaq&euml;sohet n&euml; &ccedil;do cep ku flitet shqip, ku dhe gjithandej ndihet fryma e fitores&rdquo;. &ldquo;S&euml; bashku me krer&euml;t e koalicionit VLEN [&hellip;]<\/p>\n","protected":false},"author":2,"featured_media":43219,"comment_status":"open","ping_status":"closed","sticky":false,"template":"","format":"standard","meta":{"_monsterinsights_skip_tracking":false,"_monsterinsights_sitenote_active":false,"_monsterinsights_sitenote_note":"","_monsterinsights_sitenote_category":0,"footnotes":""},"categories":[1],"tags":[],"class_list":["post-43218","post","type-post","status-publish","format-standard","has-post-thumbnail","hentry","category-vendi"],"_links":{"self":[{"href":"https:\/\/radiojehona.mk\/index.php?rest_route=\/wp\/v2\/posts\/43218","targetHints":{"allow":["GET"]}}],"collection":[{"href":"https:\/\/radiojehona.mk\/index.php?rest_route=\/wp\/v2\/posts"}],"about":[{"href":"https:\/\/radiojehona.mk\/index.php?rest_route=\/wp\/v2\/types\/post"}],"author":[{"embeddable":true,"href":"https:\/\/radiojehona.mk\/index.php?rest_route=\/wp\/v2\/users\/2"}],"replies":[{"embeddable":true,"href":"https:\/\/radiojehona.mk\/index.php?rest_route=%2Fwp%2Fv2%2Fcomments&post=43218"}],"version-history":[{"count":1,"href":"https:\/\/radiojehona.mk\/index.php?rest_route=\/wp\/v2\/posts\/43218\/revisions"}],"predecessor-version":[{"id":43220,"href":"https:\/\/radiojehona.mk\/index.php?rest_route=\/wp\/v2\/posts\/43218\/revisions\/43220"}],"wp:featuredmedia":[{"embeddable":true,"href":"https:\/\/radiojehona.mk\/index.php?rest_route=\/wp\/v2\/media\/43219"}],"wp:attachment":[{"href":"https:\/\/radiojehona.mk\/index.php?rest_route=%2Fwp%2Fv2%2Fmedia&parent=43218"}],"wp:term":[{"taxonomy":"category","embeddable":true,"href":"https:\/\/radiojehona.mk\/index.php?rest_route=%2Fwp%2Fv2%2Fcategories&post=43218"},{"taxonomy":"post_tag","embeddable":true,"href":"https:\/\/radiojehona.mk\/index.php?rest_route=%2Fwp%2Fv2%2Ftags&post=43218"}],"curies":[{"name":"wp","href":"https:\/\/api.w.org\/{rel}","templated":true}]}}