{"id":43215,"date":"2025-09-06T16:35:55","date_gmt":"2025-09-06T16:35:55","guid":{"rendered":"https:\/\/radiojehona.com\/?p=43215"},"modified":"2025-09-06T16:35:55","modified_gmt":"2025-09-06T16:35:55","slug":"fushata-zgjedhore-ne-maqedonine-e-veriut-nen-hijen-e-pergjimeve-dhe-fyerjeve","status":"publish","type":"post","link":"https:\/\/radiojehona.mk\/?p=43215","title":{"rendered":"Fushata zgjedhore n\u00eb Maqedonin\u00eb e Veriut n\u00ebn hijen e p\u00ebrgjimeve dhe fyerjeve"},"content":{"rendered":"\n<figure class=\"wp-block-image size-large\"><img fetchpriority=\"high\" decoding=\"async\" width=\"1024\" height=\"538\" src=\"https:\/\/radiojehona.com\/wp-content\/uploads\/2025\/09\/IMG_2471-1024x538.jpeg\" alt=\"\" class=\"wp-image-43216\" srcset=\"https:\/\/radiojehona.mk\/wp-content\/uploads\/2025\/09\/IMG_2471-1024x538.jpeg 1024w, https:\/\/radiojehona.mk\/wp-content\/uploads\/2025\/09\/IMG_2471-300x158.jpeg 300w, https:\/\/radiojehona.mk\/wp-content\/uploads\/2025\/09\/IMG_2471-768x403.jpeg 768w, https:\/\/radiojehona.mk\/wp-content\/uploads\/2025\/09\/IMG_2471.jpeg 1125w\" sizes=\"(max-width: 1024px) 100vw, 1024px\" \/><\/figure>\n\n\n\n<p>P\u00ebrgjimet e paligjshme, skandalet, fyerjet dhe gjuha e urrejtjes kan\u00eb l\u00ebn\u00eb n\u00eb plan t\u00eb dyt\u00eb debatin p\u00ebr zgjidhjet reale t\u00eb problemeve t\u00eb qytetar\u00ebve, n\u00eb prag t\u00eb zgjedhjeve lokale n\u00eb Maqedonin\u00eb e Veriut, q\u00eb do t\u00eb mbahen m\u00eb 19 tetor.<\/p>\n\n\n\n<p>N\u00eb bllokun politik shqiptar dominojn\u00eb akuzat p\u00ebr keqp\u00ebrdorime mes kandidat\u00ebve p\u00ebr kryetar komune n\u00eb \u00c7air t\u00eb Shkupit.<\/p>\n\n\n\n<p>P\u00ebr shembull, z\u00ebvend\u00ebskryeministri Izet Mexhiti ka akuzuar ish-ministrin e Jasht\u00ebm, Bujar Osmani, se mban kontakte me ish-kryeministrin maqedonas, Nikolla Gruevski, i cili ndodhet n\u00eb Budapest.<\/p>\n\n\n\n<p>Shumica qeveris\u00ebse ka akuzuar, po ashtu, Osmanin se ka keqp\u00ebrdorur 1.8 milion euro nga buxheti i shtetit p\u00ebr pastrimin dhe lyerjen e sall\u00ebs, ku \u00ebsht\u00eb mbajtur samiti i Organizat\u00ebs p\u00ebr Siguri dhe Bashk\u00ebpunim n\u00eb Evrop\u00eb, duke i dh\u00ebn\u00eb kontrat\u00ebn nj\u00eb kompanie q\u00eb financon partin\u00eb e tij, Bashkimi Demokratik p\u00ebr Integrim.<\/p>\n\n\n\n<p>Osmani ka th\u00ebn\u00eb se tenderi \u00ebsht\u00eb zhvilluar ligj\u00ebrisht dhe se as Prokuroria, as Komisioni p\u00ebr Parandalimin e Korrupsionit nuk kan\u00eb gjetur shkelje.<\/p>\n\n\n\n<p>Kryetari i BDI-s\u00eb, Ali Ahmeti, i ka hedhur posht\u00eb, si\u00e7 i ka quajtur ai, manipulimet politike p\u00ebr gjoja d\u00ebshir\u00ebn e shqiptar\u00ebve p\u00ebr ta ndar\u00eb Maqedonin\u00eb e Veriut.<\/p>\n\n\n\n<p>Ai ka th\u00ebn\u00eb se, n\u00ebse nj\u00eb synim i till\u00eb do t\u00eb kishte ekzistuar, do t\u00eb ishte realizuar q\u00eb n\u00eb vitin 2001, kur shqiptar\u00ebt kishin 15 mij\u00eb luft\u00ebtar\u00eb t\u00eb armatosur.<\/p>\n\n\n\n<p>Disa dit\u00eb para fillimit zyrtar t\u00eb fushat\u00ebs zgjedhore, Qeveria akuzon opozit\u00ebn aktuale se ka nd\u00ebrhyr\u00eb n\u00eb sistemin e inteligjenc\u00ebs, duke ndjekur dhe d\u00ebgjuar n\u00eb m\u00ebnyr\u00eb t\u00eb paligjshme liderin e VMRO-DPMNE-s\u00eb, Hristijan Mickoski, gjat\u00eb periudh\u00ebs 2019\u20132024.<\/p>\n\n\n\n<p>T\u00eb nj\u00ebjtat akuza ai i ka ngritur edhe kur ka qen\u00eb n\u00eb opozit\u00eb dhe \u00ebsht\u00eb duke i p\u00ebrs\u00ebritur edhe tani q\u00eb \u00ebsht\u00eb n\u00eb pushtet.<\/p>\n\n\n\n<p>Duke folur n\u00eb nj\u00eb seanc\u00eb qeveritare k\u00ebt\u00eb jav\u00eb, Mickoski ka th\u00ebn\u00eb se vendi po p\u00ebrballet me nj\u00eb skandal t\u00eb ri: p\u00ebrgjime t\u00eb paligjshme dhe keqp\u00ebrdorim masiv t\u00eb sistemit.<\/p>\n\n\n\n<p>Ish-drejtori i Agjencis\u00eb s\u00eb Siguris\u00eb Komb\u00ebtare (ANB), Viktor Dimovski, i ka mohuar akuzat n\u00eb rrjetin social Facebook dhe ka k\u00ebrkuar q\u00eb informacioni t\u00eb deklasifikohet.<\/p>\n\n\n\n<p>Opozita socialdemokrate e ka sfiduar Qeverin\u00eb t\u00eb miratoj\u00eb nj\u00eb rezolut\u00eb t\u00eb p\u00ebrbashk\u00ebt p\u00ebr integrimin e Maqedonis\u00eb s\u00eb Veriut n\u00eb Bashkimin Evropian dhe p\u00ebr t\u00eb p\u00ebrcaktuar linjat e kuqe politike.<\/p>\n\n\n\n<p>Lideri i Lidhjes Socialdemokrate n\u00eb opozit\u00eb, Venko Filip\u00e7e, ka paralajm\u00ebruar se do t\u00eb publikoj\u00eb nj\u00eb rezolut\u00eb p\u00ebr integrimin evropian, n\u00eb t\u00eb cil\u00ebn do t\u00eb vizatohen vijat e kuqe komb\u00ebtare.<\/p>\n\n\n\n<p>\u201cAs kandidat\u00ebt p\u00ebr poste, as votuesit nuk b\u00ebjn\u00eb dallim mes zgjedhjeve lokale, parlamentare dhe presidenciale, prandaj kemi tema dhe narrativ\u00eb t\u00eb t\u00eb gjitha llojeve \u2013 madje edhe ato p\u00ebr integrimin n\u00eb BE \u2013 n\u00eb kontekstin e zgjedhjeve lokale, si k\u00ebto q\u00eb po vijn\u00eb\u201d, thot\u00eb p\u00ebr Radion Evropa e Lir\u00eb politologu Bllagoj\u00e7e Atanasovski.<\/p>\n\n\n\n<p>Para zgjedhjeve lokale, politika \u00ebsht\u00eb fokusuar m\u00eb shum\u00eb te sulmet personale dhe temat q\u00eb nuk lidhen direkt me problemet e p\u00ebrditshme t\u00eb qytetar\u00ebve.<\/p>\n\n\n\n<p>Politikan\u00ebt p\u00ebrdorin vazhdimisht fjal\u00eb ofenduese, si \u201ckriminel\u201d, \u201cd\u00ebgjues i verb\u00ebr\u201d e \u201cmashtrues\u201d, p\u00ebr t\u00eb sulmuar nj\u00ebri-tjetrin.<\/p>\n\n\n\n<p>Lidhja Socialdemokrate opozitare akuzon kandidatin p\u00ebr kryetar bashkie t\u00eb Shkupit, Orce Gjeorigijevski, se punon ekskluzivisht sipas urdhrave t\u00eb liderit t\u00eb VMRO-DPMNE-s\u00eb, Mickoski, sepse, si\u00e7 pretendon ai, po hesht p\u00ebr nd\u00ebrtimet e paligjshme n\u00eb qytet.<\/p>\n\n\n\n<p>T\u00eb tjer\u00eb kandidat\u00eb p\u00ebr kryetar\u00eb bashkie kan\u00eb reaguar ndaj gjuh\u00ebs s\u00eb ashp\u00ebr n\u00eb rrjetet sociale, duke th\u00ebn\u00eb se fushatat negative dhe sulmet personale ndaj tyre po p\u00ebrforcohen nga \u201cmilitant\u00ebt partiak\u00eb\u201d. Analisti politik, Xhelal Neziri, thot\u00eb se arsyeja p\u00ebrse mbizot\u00ebron e ashtuquajtura fushat\u00eb negative \u00ebsht\u00eb se rival\u00ebt politik\u00eb nuk ofrojn\u00eb alternativa reale dhe t\u00eb besueshme p\u00ebr zgjedhjet.<\/p>\n\n\n\n<p>\u201cPavar\u00ebsisht p\u00ebrpjekjeve p\u00ebr t\u00eb prezantuar projekte t\u00eb bukura dhe zgjidhje efektive p\u00ebr problemet e qytetar\u00ebve, \u00ebsht\u00eb e v\u00ebshtir\u00eb t\u2019i bind\u00ebsh votuesit se ato do t\u00eb realizohen. Shumica e kandidat\u00ebve kan\u00eb p\u00ebrvoj\u00eb politike \u2013 gj\u00eb q\u00eb tani i pengon ata t\u00eb bindin publikun se do t\u2019i mbajn\u00eb premtimet e tyre\u201d, shpjegon Neziri.<\/p>\n\n\n\n<p>Ai shton se mungesa e besimit te votuesit \u2013 se di\u00e7ka mund t\u00eb ndryshohet, nj\u00eb problem i gjat\u00eb mund t\u00eb zgjidhet ose komuna t\u00eb modernizohet \u2013 i detyron partit\u00eb t\u00eb p\u00ebrqendrohen te fushata negative.<\/p>\n\n\n\n<p>\u201cKjo form\u00eb e propagand\u00ebs negative drejtohet nga motoja \u2018un\u00eb jam i keq, por kund\u00ebrshtari im \u00ebsht\u00eb katastrof\u00eb\u2019\u201d, shton ai.<\/p>\n\n\n\n<p>Politologu Atanasovski thot\u00eb se kjo qasje \u00ebsht\u00eb pjes\u00eb e \u201cfolklorit politik\u201d maqedonas.<\/p>\n\n\n\n<p>\u201cQytetar\u00ebt, thjesht, jan\u00eb m\u00ebsuar me k\u00ebt\u00eb lloj politike dhe, p\u00ebr fat t\u00eb keq, politikan\u00ebt ua sh\u00ebrbejn\u00eb\u201d, thot\u00eb ai.<\/p>\n\n\n\n<p>Disa nga kandidat\u00ebt kan\u00eb filluar tashm\u00eb nj\u00eb fushat\u00eb joformale, me premtimet p\u00ebr nj\u00eb jet\u00eb m\u00eb t\u00eb mir\u00eb.<\/p>\n\n\n\n<p>\u201cUn\u00eb mendoj se edhe kandidat\u00ebt q\u00eb nuk jan\u00eb t\u00eb rinj n\u00eb politik\u00eb, kan\u00eb potencial p\u00ebr t\u00eb zhvilluar nj\u00eb fushat\u00eb pozitive dhe p\u00ebr t\u00eb shp\u00ebrndar\u00eb energji optimiste, sepse jo t\u00eb gjith\u00eb i kan\u00eb thyer premtimet e tyre n\u00eb t\u00eb kaluar\u00ebn\u201d, thot\u00eb Neziri.<\/p>\n\n\n\n<p>Sipas Atanasovskit, jo gjith\u00e7ka \u00ebsht\u00eb aq \u201ce zez\u00eb\u201d n\u00eb k\u00ebt\u00eb fushat\u00eb zgjedhore. Ai thot\u00eb se ka kandidat\u00eb p\u00ebr kryetar\u00eb bashkie q\u00eb po zhvillojn\u00eb nj\u00eb fushat\u00eb pozitive dhe q\u00eb i bazojn\u00eb premtimet e tyre n\u00eb nevojat e qytetar\u00ebve n\u00eb komuna.<\/p>\n\n\n\n<p>Zgjedhjet lokale n\u00eb Maqedonin\u00eb e Veriut u shpall\u00ebn m\u00eb 9 gusht. Rundi i par\u00eb i votimit do t\u00eb mbahet m\u00eb 19 tetor dhe rundi i dyt\u00eb dy jav\u00eb m\u00eb von\u00eb, m\u00eb 2 n\u00ebntor.<\/p>\n\n\n\n<p>K\u00ebto do t\u00eb jen\u00eb zgjedhjet e teta lokale me radh\u00eb q\u00eb kur Maqedonia e Veriut fitoi pavar\u00ebsin\u00eb.\/REL\/<\/p>\n","protected":false},"excerpt":{"rendered":"<p>P&euml;rgjimet e paligjshme, skandalet, fyerjet dhe gjuha e urrejtjes kan&euml; l&euml;n&euml; n&euml; plan t&euml; dyt&euml; debatin p&euml;r zgjidhjet reale t&euml; problemeve t&euml; qytetar&euml;ve, n&euml; prag t&euml; zgjedhjeve lokale n&euml; Maqedonin&euml; e Veriut, q&euml; do t&euml; mbahen m&euml; 19 tetor. N&euml; bllokun politik shqiptar dominojn&euml; akuzat p&euml;r keqp&euml;rdorime mes kandidat&euml;ve p&euml;r kryetar komune n&euml; &Ccedil;air t&euml; [&hellip;]<\/p>\n","protected":false},"author":2,"featured_media":43216,"comment_status":"open","ping_status":"closed","sticky":false,"template":"","format":"standard","meta":{"_monsterinsights_skip_tracking":false,"_monsterinsights_sitenote_active":false,"_monsterinsights_sitenote_note":"","_monsterinsights_sitenote_category":0,"footnotes":""},"categories":[1],"tags":[],"class_list":["post-43215","post","type-post","status-publish","format-standard","has-post-thumbnail","hentry","category-vendi"],"_links":{"self":[{"href":"https:\/\/radiojehona.mk\/index.php?rest_route=\/wp\/v2\/posts\/43215","targetHints":{"allow":["GET"]}}],"collection":[{"href":"https:\/\/radiojehona.mk\/index.php?rest_route=\/wp\/v2\/posts"}],"about":[{"href":"https:\/\/radiojehona.mk\/index.php?rest_route=\/wp\/v2\/types\/post"}],"author":[{"embeddable":true,"href":"https:\/\/radiojehona.mk\/index.php?rest_route=\/wp\/v2\/users\/2"}],"replies":[{"embeddable":true,"href":"https:\/\/radiojehona.mk\/index.php?rest_route=%2Fwp%2Fv2%2Fcomments&post=43215"}],"version-history":[{"count":1,"href":"https:\/\/radiojehona.mk\/index.php?rest_route=\/wp\/v2\/posts\/43215\/revisions"}],"predecessor-version":[{"id":43217,"href":"https:\/\/radiojehona.mk\/index.php?rest_route=\/wp\/v2\/posts\/43215\/revisions\/43217"}],"wp:featuredmedia":[{"embeddable":true,"href":"https:\/\/radiojehona.mk\/index.php?rest_route=\/wp\/v2\/media\/43216"}],"wp:attachment":[{"href":"https:\/\/radiojehona.mk\/index.php?rest_route=%2Fwp%2Fv2%2Fmedia&parent=43215"}],"wp:term":[{"taxonomy":"category","embeddable":true,"href":"https:\/\/radiojehona.mk\/index.php?rest_route=%2Fwp%2Fv2%2Fcategories&post=43215"},{"taxonomy":"post_tag","embeddable":true,"href":"https:\/\/radiojehona.mk\/index.php?rest_route=%2Fwp%2Fv2%2Ftags&post=43215"}],"curies":[{"name":"wp","href":"https:\/\/api.w.org\/{rel}","templated":true}]}}