{"id":43212,"date":"2025-09-06T10:17:47","date_gmt":"2025-09-06T10:17:47","guid":{"rendered":"https:\/\/radiojehona.com\/?p=43212"},"modified":"2025-09-06T10:17:47","modified_gmt":"2025-09-06T10:17:47","slug":"te-shtena-me-arme-ne-cair-policia-e-bit-pazarit-kap-vjedhesit","status":"publish","type":"post","link":"https:\/\/radiojehona.mk\/?p=43212","title":{"rendered":"Te sht\u00ebna me arm\u00eb n\u00eb \u00c7air, policia e Bit Pazarit kap vjedh\u00ebsit!"},"content":{"rendered":"\n<figure class=\"wp-block-image size-large\"><img fetchpriority=\"high\" decoding=\"async\" width=\"1024\" height=\"586\" src=\"https:\/\/radiojehona.com\/wp-content\/uploads\/2025\/09\/IMG_2468-1024x586.jpeg\" alt=\"\" class=\"wp-image-43213\" srcset=\"https:\/\/radiojehona.mk\/wp-content\/uploads\/2025\/09\/IMG_2468-1024x586.jpeg 1024w, https:\/\/radiojehona.mk\/wp-content\/uploads\/2025\/09\/IMG_2468-300x172.jpeg 300w, https:\/\/radiojehona.mk\/wp-content\/uploads\/2025\/09\/IMG_2468-768x440.jpeg 768w, https:\/\/radiojehona.mk\/wp-content\/uploads\/2025\/09\/IMG_2468.jpeg 1125w\" sizes=\"(max-width: 1024px) 100vw, 1024px\" \/><\/figure>\n\n\n\n<p>Policia e stacionit t\u00eb Bit Pazarit ka arritur t\u00eb kap\u00eb dy persona t\u00eb rinj, nj\u00eb 23-vje\u00e7ar dhe nj\u00eb 19-vje\u00e7ar, t\u00eb cil\u00ebt n\u00eb or\u00ebt e para t\u00eb m\u00ebngjesit tentuan t\u00eb kryejn\u00eb vjedhje n\u00eb lagjen \u201cXhon Kenedi\u201d n\u00eb Shkup.<\/p>\n\n\n\n<figure class=\"wp-block-image\"><img decoding=\"async\" src=\"https:\/\/ads.tetovasot.com\/www\/delivery\/lg.php?bannerid=0&amp;campaignid=0&amp;zoneid=276&amp;loc=https%3A%2F%2Ftetovasot.com%2F2025%2F09%2Fte-shtena-me-arme-ne-cair-policia-e-bit-pazarit-kap-vjedhesit%2F&amp;referer=https%3A%2F%2Ffax.al%2F&amp;cb=faed831f73\" alt=\"\"\/><\/figure>\n\n\n\n<figure class=\"wp-block-image\"><img decoding=\"async\" src=\"https:\/\/ads.tetovasot.com\/www\/delivery\/lg.php?bannerid=0&amp;campaignid=0&amp;zoneid=218&amp;loc=https%3A%2F%2Ftetovasot.com%2F2025%2F09%2Fte-shtena-me-arme-ne-cair-policia-e-bit-pazarit-kap-vjedhesit%2F&amp;referer=https%3A%2F%2Ffax.al%2F&amp;cb=4c09beefc8\" alt=\"\"\/><\/figure>\n\n\n\n<figure class=\"wp-block-image\"><img decoding=\"async\" src=\"https:\/\/ads.tetovasot.com\/www\/delivery\/lg.php?bannerid=0&amp;campaignid=0&amp;zoneid=226&amp;loc=https%3A%2F%2Ftetovasot.com%2F2025%2F09%2Fte-shtena-me-arme-ne-cair-policia-e-bit-pazarit-kap-vjedhesit%2F&amp;referer=https%3A%2F%2Ffax.al%2F&amp;cb=8f81ef6ced\" alt=\"\"\/><\/figure>\n\n\n\n<p>Pas sinjalizimit t\u00eb nj\u00eb qytetari, policia ka nd\u00ebrhyr\u00eb menj\u00ebher\u00eb n\u00eb vendngjarje. Dyshuarit kan\u00eb tentuar t\u00eb ikin, por efektiv\u00ebt e policis\u00eb, p\u00ebr t\u2019i ndaluar, kan\u00eb sht\u00ebn\u00eb me arm\u00eb n\u00eb aj\u00ebr. Menj\u00ebher\u00eb pas k\u00ebsaj, t\u00eb rinjt\u00eb jan\u00eb kapur dhe legjitimuar.<\/p>\n\n\n\n<figure class=\"wp-block-image\"><img decoding=\"async\" src=\"https:\/\/ads.tetovasot.com\/www\/delivery\/lg.php?bannerid=0&amp;campaignid=0&amp;zoneid=189&amp;loc=https%3A%2F%2Ftetovasot.com%2F2025%2F09%2Fte-shtena-me-arme-ne-cair-policia-e-bit-pazarit-kap-vjedhesit%2F&amp;referer=https%3A%2F%2Ffax.al%2F&amp;cb=b4363c6029\" alt=\"\"\/><\/figure>\n\n\n\n<p>Ata tashm\u00eb ndodhen n\u00eb stacionin policor t\u00eb Bit Pazarit, ku po zhvillohen procedurat e m\u00ebtejshme hetimore.<\/p>\n","protected":false},"excerpt":{"rendered":"<p>Policia e stacionit t&euml; Bit Pazarit ka arritur t&euml; kap&euml; dy persona t&euml; rinj, nj&euml; 23-vje&ccedil;ar dhe nj&euml; 19-vje&ccedil;ar, t&euml; cil&euml;t n&euml; or&euml;t e para t&euml; m&euml;ngjesit tentuan t&euml; kryejn&euml; vjedhje n&euml; lagjen &ldquo;Xhon Kenedi&rdquo; n&euml; Shkup. Pas sinjalizimit t&euml; nj&euml; qytetari, policia ka nd&euml;rhyr&euml; menj&euml;her&euml; n&euml; vendngjarje. Dyshuarit kan&euml; tentuar t&euml; ikin, por efektiv&euml;t [&hellip;]<\/p>\n","protected":false},"author":2,"featured_media":43213,"comment_status":"open","ping_status":"closed","sticky":false,"template":"","format":"standard","meta":{"_monsterinsights_skip_tracking":false,"_monsterinsights_sitenote_active":false,"_monsterinsights_sitenote_note":"","_monsterinsights_sitenote_category":0,"footnotes":""},"categories":[1],"tags":[],"class_list":["post-43212","post","type-post","status-publish","format-standard","has-post-thumbnail","hentry","category-vendi"],"_links":{"self":[{"href":"https:\/\/radiojehona.mk\/index.php?rest_route=\/wp\/v2\/posts\/43212","targetHints":{"allow":["GET"]}}],"collection":[{"href":"https:\/\/radiojehona.mk\/index.php?rest_route=\/wp\/v2\/posts"}],"about":[{"href":"https:\/\/radiojehona.mk\/index.php?rest_route=\/wp\/v2\/types\/post"}],"author":[{"embeddable":true,"href":"https:\/\/radiojehona.mk\/index.php?rest_route=\/wp\/v2\/users\/2"}],"replies":[{"embeddable":true,"href":"https:\/\/radiojehona.mk\/index.php?rest_route=%2Fwp%2Fv2%2Fcomments&post=43212"}],"version-history":[{"count":1,"href":"https:\/\/radiojehona.mk\/index.php?rest_route=\/wp\/v2\/posts\/43212\/revisions"}],"predecessor-version":[{"id":43214,"href":"https:\/\/radiojehona.mk\/index.php?rest_route=\/wp\/v2\/posts\/43212\/revisions\/43214"}],"wp:featuredmedia":[{"embeddable":true,"href":"https:\/\/radiojehona.mk\/index.php?rest_route=\/wp\/v2\/media\/43213"}],"wp:attachment":[{"href":"https:\/\/radiojehona.mk\/index.php?rest_route=%2Fwp%2Fv2%2Fmedia&parent=43212"}],"wp:term":[{"taxonomy":"category","embeddable":true,"href":"https:\/\/radiojehona.mk\/index.php?rest_route=%2Fwp%2Fv2%2Fcategories&post=43212"},{"taxonomy":"post_tag","embeddable":true,"href":"https:\/\/radiojehona.mk\/index.php?rest_route=%2Fwp%2Fv2%2Ftags&post=43212"}],"curies":[{"name":"wp","href":"https:\/\/api.w.org\/{rel}","templated":true}]}}