{"id":43209,"date":"2025-09-05T13:54:44","date_gmt":"2025-09-05T13:54:44","guid":{"rendered":"https:\/\/radiojehona.com\/?p=43209"},"modified":"2025-09-05T13:54:45","modified_gmt":"2025-09-05T13:54:45","slug":"kumanove-53-vjecarja-akuzohet-per-pergjim","status":"publish","type":"post","link":"https:\/\/radiojehona.mk\/?p=43209","title":{"rendered":"Kumanov\u00eb: 53-vje\u00e7arja akuzohet p\u00ebr \u201cp\u00ebrgjim\u201d"},"content":{"rendered":"\n<figure class=\"wp-block-image size-large\"><img fetchpriority=\"high\" decoding=\"async\" width=\"1024\" height=\"608\" src=\"https:\/\/radiojehona.com\/wp-content\/uploads\/2025\/09\/IMG_2467-1024x608.jpeg\" alt=\"\" class=\"wp-image-43210\" srcset=\"https:\/\/radiojehona.mk\/wp-content\/uploads\/2025\/09\/IMG_2467-1024x608.jpeg 1024w, https:\/\/radiojehona.mk\/wp-content\/uploads\/2025\/09\/IMG_2467-300x178.jpeg 300w, https:\/\/radiojehona.mk\/wp-content\/uploads\/2025\/09\/IMG_2467-768x456.jpeg 768w, https:\/\/radiojehona.mk\/wp-content\/uploads\/2025\/09\/IMG_2467.jpeg 1125w\" sizes=\"(max-width: 1024px) 100vw, 1024px\" \/><\/figure>\n\n\n\n<p>SPB Kumanov\u00eb ka ngritur kall\u00ebzim penal kund\u00ebr S.A.V. (53) nga Kumanova, e dyshuar p\u00ebr kryerjen e vepr\u00ebs penale \u201cP\u00ebrgjim\u201d.<\/p>\n\n\n\n<figure class=\"wp-block-image\"><img decoding=\"async\" src=\"https:\/\/ads.tetovasot.com\/www\/delivery\/lg.php?bannerid=0&amp;campaignid=0&amp;zoneid=276&amp;loc=https%3A%2F%2Ftetovasot.com%2F2025%2F09%2Fkumanove-53-vjecarja-akuzohet-per-pergjim%2F&amp;referer=https%3A%2F%2Ffax.al%2F&amp;cb=aa1887d42a\" alt=\"\"\/><\/figure>\n\n\n\n<figure class=\"wp-block-image\"><img decoding=\"async\" src=\"https:\/\/ads.tetovasot.com\/www\/delivery\/lg.php?bannerid=0&amp;campaignid=0&amp;zoneid=218&amp;loc=https%3A%2F%2Ftetovasot.com%2F2025%2F09%2Fkumanove-53-vjecarja-akuzohet-per-pergjim%2F&amp;referer=https%3A%2F%2Ffax.al%2F&amp;cb=4bb0cc8628\" alt=\"\"\/><\/figure>\n\n\n\n<figure class=\"wp-block-image\"><img decoding=\"async\" src=\"https:\/\/ads.tetovasot.com\/www\/delivery\/lg.php?bannerid=0&amp;campaignid=0&amp;zoneid=226&amp;loc=https%3A%2F%2Ftetovasot.com%2F2025%2F09%2Fkumanove-53-vjecarja-akuzohet-per-pergjim%2F&amp;referer=https%3A%2F%2Ffax.al%2F&amp;cb=ece70995ca\" alt=\"\"\/><\/figure>\n\n\n\n<p>Sipas denoncimit t\u00eb b\u00ebr\u00eb m\u00eb 22.06.2025, e akuzuara kishte ndjekur dhe shqet\u00ebsuar nj\u00eb person nga Kumanova duke e fotografuar dhe duke d\u00ebrguar fotografi dhe mesazhe n\u00eb telefonin celular t\u00eb nj\u00eb personi tjet\u00ebr.<\/p>\n","protected":false},"excerpt":{"rendered":"<p>SPB Kumanov&euml; ka ngritur kall&euml;zim penal kund&euml;r S.A.V. (53) nga Kumanova, e dyshuar p&euml;r kryerjen e vepr&euml;s penale &ldquo;P&euml;rgjim&rdquo;. Sipas denoncimit t&euml; b&euml;r&euml; m&euml; 22.06.2025, e akuzuara kishte ndjekur dhe shqet&euml;suar nj&euml; person nga Kumanova duke e fotografuar dhe duke d&euml;rguar fotografi dhe mesazhe n&euml; telefonin celular t&euml; nj&euml; personi tjet&euml;r.<\/p>\n","protected":false},"author":2,"featured_media":43210,"comment_status":"open","ping_status":"closed","sticky":false,"template":"","format":"standard","meta":{"_monsterinsights_skip_tracking":false,"_monsterinsights_sitenote_active":false,"_monsterinsights_sitenote_note":"","_monsterinsights_sitenote_category":0,"footnotes":""},"categories":[1],"tags":[],"class_list":["post-43209","post","type-post","status-publish","format-standard","has-post-thumbnail","hentry","category-vendi"],"_links":{"self":[{"href":"https:\/\/radiojehona.mk\/index.php?rest_route=\/wp\/v2\/posts\/43209","targetHints":{"allow":["GET"]}}],"collection":[{"href":"https:\/\/radiojehona.mk\/index.php?rest_route=\/wp\/v2\/posts"}],"about":[{"href":"https:\/\/radiojehona.mk\/index.php?rest_route=\/wp\/v2\/types\/post"}],"author":[{"embeddable":true,"href":"https:\/\/radiojehona.mk\/index.php?rest_route=\/wp\/v2\/users\/2"}],"replies":[{"embeddable":true,"href":"https:\/\/radiojehona.mk\/index.php?rest_route=%2Fwp%2Fv2%2Fcomments&post=43209"}],"version-history":[{"count":1,"href":"https:\/\/radiojehona.mk\/index.php?rest_route=\/wp\/v2\/posts\/43209\/revisions"}],"predecessor-version":[{"id":43211,"href":"https:\/\/radiojehona.mk\/index.php?rest_route=\/wp\/v2\/posts\/43209\/revisions\/43211"}],"wp:featuredmedia":[{"embeddable":true,"href":"https:\/\/radiojehona.mk\/index.php?rest_route=\/wp\/v2\/media\/43210"}],"wp:attachment":[{"href":"https:\/\/radiojehona.mk\/index.php?rest_route=%2Fwp%2Fv2%2Fmedia&parent=43209"}],"wp:term":[{"taxonomy":"category","embeddable":true,"href":"https:\/\/radiojehona.mk\/index.php?rest_route=%2Fwp%2Fv2%2Fcategories&post=43209"},{"taxonomy":"post_tag","embeddable":true,"href":"https:\/\/radiojehona.mk\/index.php?rest_route=%2Fwp%2Fv2%2Ftags&post=43209"}],"curies":[{"name":"wp","href":"https:\/\/api.w.org\/{rel}","templated":true}]}}