{"id":43206,"date":"2025-09-05T13:51:59","date_gmt":"2025-09-05T13:51:59","guid":{"rendered":"https:\/\/radiojehona.com\/?p=43206"},"modified":"2025-09-05T13:52:00","modified_gmt":"2025-09-05T13:52:00","slug":"janevska-ditari-elektronik-nuk-lejon-me-fshirjen-dhe-korrigjimin-e-notave","status":"publish","type":"post","link":"https:\/\/radiojehona.mk\/?p=43206","title":{"rendered":"Janevska: Ditari elektronik nuk lejon m\u00eb fshirjen dhe korrigjimin e notave"},"content":{"rendered":"\n<figure class=\"wp-block-image size-large\"><img fetchpriority=\"high\" decoding=\"async\" width=\"1024\" height=\"522\" src=\"https:\/\/radiojehona.com\/wp-content\/uploads\/2025\/09\/IMG_2466-1024x522.jpeg\" alt=\"\" class=\"wp-image-43207\" srcset=\"https:\/\/radiojehona.mk\/wp-content\/uploads\/2025\/09\/IMG_2466-1024x522.jpeg 1024w, https:\/\/radiojehona.mk\/wp-content\/uploads\/2025\/09\/IMG_2466-300x153.jpeg 300w, https:\/\/radiojehona.mk\/wp-content\/uploads\/2025\/09\/IMG_2466-768x391.jpeg 768w, https:\/\/radiojehona.mk\/wp-content\/uploads\/2025\/09\/IMG_2466.jpeg 1125w\" sizes=\"(max-width: 1024px) 100vw, 1024px\" \/><\/figure>\n\n\n\n<p>Fshirje dhe korigjim t\u00eb notave nuk do t\u00eb ket\u00eb m\u00eb, nga ana e m\u00ebsuesve, si dhe drejtor\u00ebt e shkollave t\u00eb nd\u00ebrhyjn\u00eb n\u00eb rubrikat e ditarit elektronik. K\u00ebt\u00eb ditari elektronik nuk e lejon m\u00eb, tha sot ministrja e Arsimit dhe Shkenc\u00ebs, Vesna Janeska e cila p\u00ebrgjigjej n\u00eb pyetjet e gazetar\u00ebve p\u00ebr reagimet p\u00ebr funksionalitetin e ditarit elektronik, si dhe v\u00ebrejtjet p\u00ebr tekstet shkollore t\u00eb d\u00ebmtuara.<\/p>\n\n\n\n<p>\u201cDitari elektronik u zhvillua si nj\u00eb projekt i Bashkimit Evropian dhe \u00ebsht\u00eb p\u00ebrmir\u00ebsuar dhe modernizuar, ajo q\u00eb dua t\u00eb them me bindje \u00ebsht\u00eb se nuk duhet t\u00eb ket\u00eb m\u00eb fshirje dhe p\u00ebrshkrim t\u00eb notave. Nuk duhet t\u00eb ket\u00eb m\u00eb p\u00ebrshkrim t\u00eb planeve m\u00ebsimore dhe programeve. \u00cbsht\u00eb e v\u00ebrtet\u00eb q\u00eb ditari elektronik nuk e lejon m\u00eb k\u00ebt\u00eb. Nuk do t\u00eb ket\u00eb fshirje t\u00eb nj\u00eb note dysh, korrigjim n\u00eb pes\u00eb. K\u00ebt\u00eb mund ta b\u00ebj\u00eb vet\u00ebm administratori n\u00eb MASH. N\u00ebse ka nj\u00eb shpjegim serioz p\u00ebr nj\u00eb gj\u00eb t\u00eb till\u00eb, q\u00eb m\u00ebsuesi ka b\u00ebr\u00eb nj\u00eb gabim, ai duhet t\u00eb nd\u00ebrhyj\u00eb sa m\u00eb shpejt t\u00eb jet\u00eb e mundur\u201d, tha Janevska.<\/p>\n\n\n\n<p>Ajo shtoi se drejtor\u00ebt nuk do t\u00eb mund m\u00eb t\u00eb nd\u00ebrhyjn\u00eb n\u00eb nota, dhe as nj\u00eb m\u00ebsues i l\u00ebnd\u00ebs nuk do t\u00eb mund t\u00eb shoh\u00eb notat e m\u00ebsuesve t\u00eb tjer\u00eb t\u00eb l\u00ebnd\u00ebve.<\/p>\n\n\n\n<p>Lidhur me ankesat e prind\u00ebrve dhe nx\u00ebn\u00ebsve p\u00ebr tekstet shkollore me faqe q\u00eb mungojn\u00eb, Janevska u p\u00ebrgjigj se tekstet shkollore rinovohen \u00e7do pes\u00eb vjet sipas Ligjit. Deri m\u00eb tani, kjo nuk ka qen\u00eb praktik\u00eb, por si\u00e7 tha ajo, ligji tani do t\u00eb zbatohet. Ajo vuri n\u00eb dukje se nx\u00ebn\u00ebsit duhet t\u2019i ruajn\u00eb tekstet shkollore, jo t\u2019i grisin faqet ose kopertinat, nd\u00ebrsa m\u00ebsuesit duhet t\u2019i m\u00ebsojn\u00eb se tekstet shkollore duhet t\u00eb ruhen.<\/p>\n\n\n\n<p>Ai theksoi se \u00e7do vit hapet nj\u00eb sistem elektronik, n\u00eb t\u00eb cilin shkollat \u200b\u200bmund t\u00eb raportojn\u00eb tekste shkollore t\u00eb d\u00ebmtuara, me prov\u00eb se e kan\u00eb zbatuar ligjin, gjegj\u00ebsisht me flet\u00ebpagesa, me t\u00eb cilat kan\u00eb paguar 10, 40 ose 70 p\u00ebr qind t\u00eb vler\u00ebs s\u00eb librit. Dhe me kalimin e viteve, shuma p\u00ebr librin shkollor t\u00eb d\u00ebmtuar nga e para deri te e pesta zvog\u00eblohet p\u00ebr prind\u00ebrit.<\/p>\n\n\n\n<p>E pyetur se sa para u shpenzuan k\u00ebt\u00eb vit p\u00ebr tekstet shkollore, ministrja Janevska u p\u00ebrgjigj se shuma totale p\u00ebr tekstet e reja shkollore dhe p\u00ebr rinovimin e tyre \u00ebsht\u00eb 11 milion\u00eb euro.<strong>&nbsp;<\/strong><\/p>\n","protected":false},"excerpt":{"rendered":"<p>Fshirje dhe korigjim t&euml; notave nuk do t&euml; ket&euml; m&euml;, nga ana e m&euml;suesve, si dhe drejtor&euml;t e shkollave t&euml; nd&euml;rhyjn&euml; n&euml; rubrikat e ditarit elektronik. K&euml;t&euml; ditari elektronik nuk e lejon m&euml;, tha sot ministrja e Arsimit dhe Shkenc&euml;s, Vesna Janeska e cila p&euml;rgjigjej n&euml; pyetjet e gazetar&euml;ve p&euml;r reagimet p&euml;r funksionalitetin e ditarit [&hellip;]<\/p>\n","protected":false},"author":2,"featured_media":43207,"comment_status":"open","ping_status":"closed","sticky":false,"template":"","format":"standard","meta":{"_monsterinsights_skip_tracking":false,"_monsterinsights_sitenote_active":false,"_monsterinsights_sitenote_note":"","_monsterinsights_sitenote_category":0,"footnotes":""},"categories":[1],"tags":[],"class_list":["post-43206","post","type-post","status-publish","format-standard","has-post-thumbnail","hentry","category-vendi"],"_links":{"self":[{"href":"https:\/\/radiojehona.mk\/index.php?rest_route=\/wp\/v2\/posts\/43206","targetHints":{"allow":["GET"]}}],"collection":[{"href":"https:\/\/radiojehona.mk\/index.php?rest_route=\/wp\/v2\/posts"}],"about":[{"href":"https:\/\/radiojehona.mk\/index.php?rest_route=\/wp\/v2\/types\/post"}],"author":[{"embeddable":true,"href":"https:\/\/radiojehona.mk\/index.php?rest_route=\/wp\/v2\/users\/2"}],"replies":[{"embeddable":true,"href":"https:\/\/radiojehona.mk\/index.php?rest_route=%2Fwp%2Fv2%2Fcomments&post=43206"}],"version-history":[{"count":1,"href":"https:\/\/radiojehona.mk\/index.php?rest_route=\/wp\/v2\/posts\/43206\/revisions"}],"predecessor-version":[{"id":43208,"href":"https:\/\/radiojehona.mk\/index.php?rest_route=\/wp\/v2\/posts\/43206\/revisions\/43208"}],"wp:featuredmedia":[{"embeddable":true,"href":"https:\/\/radiojehona.mk\/index.php?rest_route=\/wp\/v2\/media\/43207"}],"wp:attachment":[{"href":"https:\/\/radiojehona.mk\/index.php?rest_route=%2Fwp%2Fv2%2Fmedia&parent=43206"}],"wp:term":[{"taxonomy":"category","embeddable":true,"href":"https:\/\/radiojehona.mk\/index.php?rest_route=%2Fwp%2Fv2%2Fcategories&post=43206"},{"taxonomy":"post_tag","embeddable":true,"href":"https:\/\/radiojehona.mk\/index.php?rest_route=%2Fwp%2Fv2%2Ftags&post=43206"}],"curies":[{"name":"wp","href":"https:\/\/api.w.org\/{rel}","templated":true}]}}