{"id":43203,"date":"2025-09-05T13:48:07","date_gmt":"2025-09-05T13:48:07","guid":{"rendered":"https:\/\/radiojehona.com\/?p=43203"},"modified":"2025-09-05T13:48:08","modified_gmt":"2025-09-05T13:48:08","slug":"odihr-sot-zyrtarisht-do-te-filloje-me-vezhgimin-e-zgjedhjeve-lokale","status":"publish","type":"post","link":"https:\/\/radiojehona.mk\/?p=43203","title":{"rendered":"ODIHR sot zyrtarisht do t\u00eb filloj\u00eb me v\u00ebzhgimin e zgjedhjeve lokale"},"content":{"rendered":"\n<figure class=\"wp-block-image size-large\"><img fetchpriority=\"high\" decoding=\"async\" width=\"1024\" height=\"717\" src=\"https:\/\/radiojehona.com\/wp-content\/uploads\/2025\/09\/IMG_2465-1024x717.jpeg\" alt=\"\" class=\"wp-image-43204\" srcset=\"https:\/\/radiojehona.mk\/wp-content\/uploads\/2025\/09\/IMG_2465-1024x717.jpeg 1024w, https:\/\/radiojehona.mk\/wp-content\/uploads\/2025\/09\/IMG_2465-300x210.jpeg 300w, https:\/\/radiojehona.mk\/wp-content\/uploads\/2025\/09\/IMG_2465-768x538.jpeg 768w, https:\/\/radiojehona.mk\/wp-content\/uploads\/2025\/09\/IMG_2465.jpeg 1125w\" sizes=\"(max-width: 1024px) 100vw, 1024px\" \/><\/figure>\n\n\n\n<p>Sot zyrtarisht do t\u00eb filloj\u00eb v\u00ebzhgimi nga ana e misionit t\u00eb OSBE\/ODIHR-s\u00eb, pasi Komisioni Shtet\u00ebror i Zgjedhjeve (KSHZ) dje nj\u00ebz\u00ebri i miratoi k\u00ebrkesat p\u00ebr akreditimin e 14-t\u00eb v\u00ebzhguesve nd\u00ebrkomb\u00ebtar\u00eb.<\/p>\n\n\n\n<p>V\u00ebzhguesit nga Zyra e OSBE-s\u00eb p\u00ebr Institucione Demokratike dhe t\u00eb Drejtat e Njeriut (ODIHR) njoftuan dje se sot do t\u00eb mbajn\u00eb konferenc\u00eb p\u00ebr shtyp mbi hapjen e misionit t\u00eb v\u00ebzhgimit p\u00ebr zgjedhjet e ardhshme lokale n\u00eb Maqedonin\u00eb e Veriut.<\/p>\n\n\n\n<p>Kryetari i KSHZ-s\u00eb, Boris Kondarko, n\u00eb seanc\u00ebn e djeshme informoi se sot do t\u00eb mbahet takim i par\u00eb zyrtar me p\u00ebrfaq\u00ebsuesit e Komisionit v\u00ebzhgues, me \u00e7ka edhe formalisht do t\u00eb filloj\u00eb puna e tyre.<\/p>\n\n\n\n<p>\u201cNjoftoj opinionin se prej nes\u00ebr zyrtarisht do t\u00eb kemi takim me p\u00ebrfaq\u00ebsuesit e misionit v\u00ebzhgues t\u00eb ODIHR-s\u00eb dhe prej sot fillon puna e tyre dhe v\u00ebzhgimi zyrtar i zgjedhjeve. Ata do t\u00eb jen\u00eb n\u00eb komunikim t\u00eb vazhduesh\u00ebm me KSHZ-n\u00eb dhe do t\u00eb marrin pjes\u00eb n\u00eb t\u00eb gjitha seancat e tona t\u00eb hapura publike\u201d, deklaroi Kondarko n\u00eb seanc\u00ebn e djeshme.<\/p>\n","protected":false},"excerpt":{"rendered":"<p>Sot zyrtarisht do t&euml; filloj&euml; v&euml;zhgimi nga ana e misionit t&euml; OSBE\/ODIHR-s&euml;, pasi Komisioni Shtet&euml;ror i Zgjedhjeve (KSHZ) dje nj&euml;z&euml;ri i miratoi k&euml;rkesat p&euml;r akreditimin e 14-t&euml; v&euml;zhguesve nd&euml;rkomb&euml;tar&euml;. V&euml;zhguesit nga Zyra e OSBE-s&euml; p&euml;r Institucione Demokratike dhe t&euml; Drejtat e Njeriut (ODIHR) njoftuan dje se sot do t&euml; mbajn&euml; konferenc&euml; p&euml;r shtyp mbi hapjen [&hellip;]<\/p>\n","protected":false},"author":2,"featured_media":43204,"comment_status":"open","ping_status":"closed","sticky":false,"template":"","format":"standard","meta":{"_monsterinsights_skip_tracking":false,"_monsterinsights_sitenote_active":false,"_monsterinsights_sitenote_note":"","_monsterinsights_sitenote_category":0,"footnotes":""},"categories":[1],"tags":[],"class_list":["post-43203","post","type-post","status-publish","format-standard","has-post-thumbnail","hentry","category-vendi"],"_links":{"self":[{"href":"https:\/\/radiojehona.mk\/index.php?rest_route=\/wp\/v2\/posts\/43203","targetHints":{"allow":["GET"]}}],"collection":[{"href":"https:\/\/radiojehona.mk\/index.php?rest_route=\/wp\/v2\/posts"}],"about":[{"href":"https:\/\/radiojehona.mk\/index.php?rest_route=\/wp\/v2\/types\/post"}],"author":[{"embeddable":true,"href":"https:\/\/radiojehona.mk\/index.php?rest_route=\/wp\/v2\/users\/2"}],"replies":[{"embeddable":true,"href":"https:\/\/radiojehona.mk\/index.php?rest_route=%2Fwp%2Fv2%2Fcomments&post=43203"}],"version-history":[{"count":1,"href":"https:\/\/radiojehona.mk\/index.php?rest_route=\/wp\/v2\/posts\/43203\/revisions"}],"predecessor-version":[{"id":43205,"href":"https:\/\/radiojehona.mk\/index.php?rest_route=\/wp\/v2\/posts\/43203\/revisions\/43205"}],"wp:featuredmedia":[{"embeddable":true,"href":"https:\/\/radiojehona.mk\/index.php?rest_route=\/wp\/v2\/media\/43204"}],"wp:attachment":[{"href":"https:\/\/radiojehona.mk\/index.php?rest_route=%2Fwp%2Fv2%2Fmedia&parent=43203"}],"wp:term":[{"taxonomy":"category","embeddable":true,"href":"https:\/\/radiojehona.mk\/index.php?rest_route=%2Fwp%2Fv2%2Fcategories&post=43203"},{"taxonomy":"post_tag","embeddable":true,"href":"https:\/\/radiojehona.mk\/index.php?rest_route=%2Fwp%2Fv2%2Ftags&post=43203"}],"curies":[{"name":"wp","href":"https:\/\/api.w.org\/{rel}","templated":true}]}}