{"id":43200,"date":"2025-09-05T13:45:33","date_gmt":"2025-09-05T13:45:33","guid":{"rendered":"https:\/\/radiojehona.com\/?p=43200"},"modified":"2025-09-05T13:45:34","modified_gmt":"2025-09-05T13:45:34","slug":"aliu-inteligjenca-artificiale-ka-potencial-te-madh-per-perparimin-e-shendetesise","status":"publish","type":"post","link":"https:\/\/radiojehona.mk\/?p=43200","title":{"rendered":"Aliu: Inteligjenca artificiale ka potencial t\u00eb madh p\u00ebr p\u00ebrparimin e sh\u00ebndet\u00ebsis\u00eb"},"content":{"rendered":"\n<figure class=\"wp-block-image size-large\"><img fetchpriority=\"high\" decoding=\"async\" width=\"1024\" height=\"616\" src=\"https:\/\/radiojehona.com\/wp-content\/uploads\/2025\/09\/IMG_2464-1024x616.jpeg\" alt=\"\" class=\"wp-image-43201\" srcset=\"https:\/\/radiojehona.mk\/wp-content\/uploads\/2025\/09\/IMG_2464-1024x616.jpeg 1024w, https:\/\/radiojehona.mk\/wp-content\/uploads\/2025\/09\/IMG_2464-300x181.jpeg 300w, https:\/\/radiojehona.mk\/wp-content\/uploads\/2025\/09\/IMG_2464-768x462.jpeg 768w, https:\/\/radiojehona.mk\/wp-content\/uploads\/2025\/09\/IMG_2464.jpeg 1125w\" sizes=\"(max-width: 1024px) 100vw, 1024px\" \/><\/figure>\n\n\n\n<p>Ministri i Sh\u00ebndet\u00ebsis\u00eb sot iu drejtua Simpoziumit t\u00eb Odave t\u00eb Mjek\u00ebve nga Evropa Qendrore dhe Lindore, i cili po mbahet n\u00eb Shkup n\u00eb organizim t\u00eb Od\u00ebs s\u00eb Mjek\u00ebve t\u00eb Republik\u00ebs s\u00eb Maqedonis\u00eb s\u00eb Veriut, ku mor\u00ebn pjes\u00eb p\u00ebrfaq\u00ebsues nga disa vende evropiane.<\/p>\n\n\n\n<p>\u201cZbatimi i inteligjenc\u00ebs artificiale n\u00eb sh\u00ebndet\u00ebsi ka me t\u00eb v\u00ebrtet\u00eb nj\u00eb potencial t\u00eb madh p\u00ebr p\u00ebrmir\u00ebsimin e kujdesit sh\u00ebndet\u00ebsor. Jo m\u00eb pak e r\u00ebnd\u00ebsishme \u00ebsht\u00eb edhe tema p\u00ebr planifikimin dhe menaxhimin e kuadrit sh\u00ebndet\u00ebsor, pasi ai \u00ebsht\u00eb burimi m\u00eb i r\u00ebnd\u00ebsish\u00ebm n\u00eb sh\u00ebndet\u00ebsi,\u201d theksoi ministri Aliu.<\/p>\n\n\n\n<p>Ai shtoi se pret q\u00eb p\u00ebrfundimet nga ky Simpozium t\u00eb gjejn\u00eb zbatim praktik n\u00eb t\u00eb ardhmen.<\/p>\n\n\n\n<p>\u201cJam i bindur se ky Simpozium do t\u00eb kontriboj\u00eb n\u00eb kushte m\u00eb t\u00eb mira pune p\u00ebr mjek\u00ebt dhe trajtim m\u00eb cil\u00ebsor p\u00ebr pacient\u00ebt,\u201d p\u00ebrfundoi Aliu.<\/p>\n","protected":false},"excerpt":{"rendered":"<p>Ministri i Sh&euml;ndet&euml;sis&euml; sot iu drejtua Simpoziumit t&euml; Odave t&euml; Mjek&euml;ve nga Evropa Qendrore dhe Lindore, i cili po mbahet n&euml; Shkup n&euml; organizim t&euml; Od&euml;s s&euml; Mjek&euml;ve t&euml; Republik&euml;s s&euml; Maqedonis&euml; s&euml; Veriut, ku mor&euml;n pjes&euml; p&euml;rfaq&euml;sues nga disa vende evropiane. &ldquo;Zbatimi i inteligjenc&euml;s artificiale n&euml; sh&euml;ndet&euml;si ka me t&euml; v&euml;rtet&euml; nj&euml; potencial t&euml; [&hellip;]<\/p>\n","protected":false},"author":2,"featured_media":43201,"comment_status":"open","ping_status":"closed","sticky":false,"template":"","format":"standard","meta":{"_monsterinsights_skip_tracking":false,"_monsterinsights_sitenote_active":false,"_monsterinsights_sitenote_note":"","_monsterinsights_sitenote_category":0,"footnotes":""},"categories":[1],"tags":[],"class_list":["post-43200","post","type-post","status-publish","format-standard","has-post-thumbnail","hentry","category-vendi"],"_links":{"self":[{"href":"https:\/\/radiojehona.mk\/index.php?rest_route=\/wp\/v2\/posts\/43200","targetHints":{"allow":["GET"]}}],"collection":[{"href":"https:\/\/radiojehona.mk\/index.php?rest_route=\/wp\/v2\/posts"}],"about":[{"href":"https:\/\/radiojehona.mk\/index.php?rest_route=\/wp\/v2\/types\/post"}],"author":[{"embeddable":true,"href":"https:\/\/radiojehona.mk\/index.php?rest_route=\/wp\/v2\/users\/2"}],"replies":[{"embeddable":true,"href":"https:\/\/radiojehona.mk\/index.php?rest_route=%2Fwp%2Fv2%2Fcomments&post=43200"}],"version-history":[{"count":1,"href":"https:\/\/radiojehona.mk\/index.php?rest_route=\/wp\/v2\/posts\/43200\/revisions"}],"predecessor-version":[{"id":43202,"href":"https:\/\/radiojehona.mk\/index.php?rest_route=\/wp\/v2\/posts\/43200\/revisions\/43202"}],"wp:featuredmedia":[{"embeddable":true,"href":"https:\/\/radiojehona.mk\/index.php?rest_route=\/wp\/v2\/media\/43201"}],"wp:attachment":[{"href":"https:\/\/radiojehona.mk\/index.php?rest_route=%2Fwp%2Fv2%2Fmedia&parent=43200"}],"wp:term":[{"taxonomy":"category","embeddable":true,"href":"https:\/\/radiojehona.mk\/index.php?rest_route=%2Fwp%2Fv2%2Fcategories&post=43200"},{"taxonomy":"post_tag","embeddable":true,"href":"https:\/\/radiojehona.mk\/index.php?rest_route=%2Fwp%2Fv2%2Ftags&post=43200"}],"curies":[{"name":"wp","href":"https:\/\/api.w.org\/{rel}","templated":true}]}}