{"id":43197,"date":"2025-09-05T13:43:31","date_gmt":"2025-09-05T13:43:31","guid":{"rendered":"https:\/\/radiojehona.com\/?p=43197"},"modified":"2025-09-05T13:43:31","modified_gmt":"2025-09-05T13:43:31","slug":"ish-drejtori-i-onkologjise-nino-vasev-nuk-ndihem-absolutisht-fajtor","status":"publish","type":"post","link":"https:\/\/radiojehona.mk\/?p=43197","title":{"rendered":"Ish-drejtori i Onkologjis\u00eb, Nino Vasev: Nuk ndihem absolutisht fajtor"},"content":{"rendered":"\n<figure class=\"wp-block-image size-large\"><img fetchpriority=\"high\" decoding=\"async\" width=\"1024\" height=\"632\" src=\"https:\/\/radiojehona.com\/wp-content\/uploads\/2025\/09\/IMG_2463-1024x632.jpeg\" alt=\"\" class=\"wp-image-43198\" srcset=\"https:\/\/radiojehona.mk\/wp-content\/uploads\/2025\/09\/IMG_2463-1024x632.jpeg 1024w, https:\/\/radiojehona.mk\/wp-content\/uploads\/2025\/09\/IMG_2463-300x185.jpeg 300w, https:\/\/radiojehona.mk\/wp-content\/uploads\/2025\/09\/IMG_2463-768x474.jpeg 768w, https:\/\/radiojehona.mk\/wp-content\/uploads\/2025\/09\/IMG_2463.jpeg 1125w\" sizes=\"(max-width: 1024px) 100vw, 1024px\" \/><\/figure>\n\n\n\n<p>Sot n\u00eb Gjykat\u00ebn Penale n\u00eb Shkup, n\u00eb bank\u00ebn e t\u00eb akuzuarve u paraqit\u00ebn kat\u00ebr mjek\u00ebt nga Klinika e Radioterapis\u00eb dhe Onkologjis\u00eb, t\u00eb cil\u00ebt akuzohen p\u00ebr trajtim neglizhent t\u00eb pacient\u00ebve, p\u00ebrfshir\u00eb ish-drejtorin Nino Vasev. Ata akuzohen p\u00ebr krime t\u00eb r\u00ebnda kund\u00ebr sh\u00ebndetit t\u00eb njeriut dhe trajtim neglizhent.<\/p>\n\n\n\n<p>Para Gjykat\u00ebs, ish-drejtori Nino Vasev u deklarua i pafajsh\u00ebm p\u00ebr krimet p\u00ebr t\u00eb cilat akuzohet.<\/p>\n\n\n\n<p>Mbrojtja e ish-drejtorit t\u00eb Klinik\u00ebs s\u00eb Onkologjis\u00eb, Vasev, tha se po zhvillohet \u201cnj\u00eb lloj komploti\u201d dhe se ata do t\u2019i kund\u00ebrshtojn\u00eb plot\u00ebsisht dhe do t\u2019i hedhin posht\u00eb provat e Prokuroris\u00eb p\u00ebrmes provave t\u00eb bazuara mir\u00eb dhe t\u00eb forta, duke p\u00ebrfshir\u00eb mendimet e ekspert\u00ebve dhe marrjen n\u00eb pyetje me goj\u00eb t\u00eb mjek\u00ebve Davorin Milosavljevi\u00e7 nga Beogradi dhe Maja Radnik, nga Maribori t\u00eb cil\u00ebt i p\u00ebrgatit\u00ebn mendimet e ekspert\u00ebve t\u00eb Prokuroris\u00eb.<\/p>\n\n\n\n<p>T\u00eb pranish\u00ebm n\u00eb sall\u00ebn e gjyqit ishin edhe tre t\u00eb pandehurit e tjer\u00eb, Meri Peshevska, Simonida Crvenkova dhe Dragan Jakimovski, t\u00eb gjith\u00eb punonj\u00ebs t\u00eb Klinik\u00ebs s\u00eb Radioterapis\u00eb dhe Onkologjis\u00eb n\u00eb Shkup.<\/p>\n\n\n\n<p>N\u00eb fillim, gjyqtarja Snezhana Markovska informoi se kund\u00ebrshtimet e mbrojtjes ndaj raporteve t\u00eb ekspert\u00ebve t\u00eb p\u00ebrgatitura n\u00eb Slloveni dhe Serbi u refuzuan si t\u00eb pabazuara.<\/p>\n\n\n\n<p>\u201cKemi nj\u00eb q\u00ebllim t\u00eb qart\u00eb t\u00eb v\u00ebrtetojm\u00eb se i akuzuari Nikolla Vasev e ka kryer profesionalisht dhe ligj\u00ebrisht profesionin dhe detyrat e tij t\u00eb pun\u00ebs n\u00eb Klinik\u00ebn e Onkologjis\u00eb. Duke i marr\u00eb n\u00eb pyetje k\u00ebta individ\u00eb, tregojm\u00eb nj\u00eb q\u00ebllim t\u00eb qart\u00eb se q\u00ebllimi yn\u00eb nuk \u00ebsht\u00eb t\u00eb shqet\u00ebsojm\u00eb publikun n\u00eb vendin ton\u00eb dhe k\u00ebshtu t\u00eb nd\u00ebrtojm\u00eb mbrojtjen, por q\u00eb d\u00ebshmitar\u00ebt t\u00eb tregojn\u00eb pun\u00ebn e Klinik\u00ebs, p\u00ebrkat\u00ebsisht ekzistenc\u00ebn dhe respektimin e protokolleve n\u00eb Klinik\u00eb, si dhe kryerjen e duhur t\u00eb detyrave nga ana e t\u00eb akuzuarit \u201c, deklaroi avokati i Vasevit.<\/p>\n\n\n\n<p>Vasevi, i cili para Gjykat\u00ebs Themelore Penale Shkup tha se nuk ndjehet fajtor, reagoi edhe se \u201c\u00ebsht\u00eb lejuar n\u00eb procedur\u00eb ekspert t\u00eb cilin un\u00eb e kam nd\u00ebrruar nga drejtori i Klinik\u00ebs kur jam b\u00ebr\u00eb drejtor n\u00eb vitin 2017\u201d.<\/p>\n","protected":false},"excerpt":{"rendered":"<p>Sot n&euml; Gjykat&euml;n Penale n&euml; Shkup, n&euml; bank&euml;n e t&euml; akuzuarve u paraqit&euml;n kat&euml;r mjek&euml;t nga Klinika e Radioterapis&euml; dhe Onkologjis&euml;, t&euml; cil&euml;t akuzohen p&euml;r trajtim neglizhent t&euml; pacient&euml;ve, p&euml;rfshir&euml; ish-drejtorin Nino Vasev. Ata akuzohen p&euml;r krime t&euml; r&euml;nda kund&euml;r sh&euml;ndetit t&euml; njeriut dhe trajtim neglizhent. Para Gjykat&euml;s, ish-drejtori Nino Vasev u deklarua i pafajsh&euml;m [&hellip;]<\/p>\n","protected":false},"author":2,"featured_media":43198,"comment_status":"open","ping_status":"closed","sticky":false,"template":"","format":"standard","meta":{"_monsterinsights_skip_tracking":false,"_monsterinsights_sitenote_active":false,"_monsterinsights_sitenote_note":"","_monsterinsights_sitenote_category":0,"footnotes":""},"categories":[1],"tags":[],"class_list":["post-43197","post","type-post","status-publish","format-standard","has-post-thumbnail","hentry","category-vendi"],"_links":{"self":[{"href":"https:\/\/radiojehona.mk\/index.php?rest_route=\/wp\/v2\/posts\/43197","targetHints":{"allow":["GET"]}}],"collection":[{"href":"https:\/\/radiojehona.mk\/index.php?rest_route=\/wp\/v2\/posts"}],"about":[{"href":"https:\/\/radiojehona.mk\/index.php?rest_route=\/wp\/v2\/types\/post"}],"author":[{"embeddable":true,"href":"https:\/\/radiojehona.mk\/index.php?rest_route=\/wp\/v2\/users\/2"}],"replies":[{"embeddable":true,"href":"https:\/\/radiojehona.mk\/index.php?rest_route=%2Fwp%2Fv2%2Fcomments&post=43197"}],"version-history":[{"count":1,"href":"https:\/\/radiojehona.mk\/index.php?rest_route=\/wp\/v2\/posts\/43197\/revisions"}],"predecessor-version":[{"id":43199,"href":"https:\/\/radiojehona.mk\/index.php?rest_route=\/wp\/v2\/posts\/43197\/revisions\/43199"}],"wp:featuredmedia":[{"embeddable":true,"href":"https:\/\/radiojehona.mk\/index.php?rest_route=\/wp\/v2\/media\/43198"}],"wp:attachment":[{"href":"https:\/\/radiojehona.mk\/index.php?rest_route=%2Fwp%2Fv2%2Fmedia&parent=43197"}],"wp:term":[{"taxonomy":"category","embeddable":true,"href":"https:\/\/radiojehona.mk\/index.php?rest_route=%2Fwp%2Fv2%2Fcategories&post=43197"},{"taxonomy":"post_tag","embeddable":true,"href":"https:\/\/radiojehona.mk\/index.php?rest_route=%2Fwp%2Fv2%2Ftags&post=43197"}],"curies":[{"name":"wp","href":"https:\/\/api.w.org\/{rel}","templated":true}]}}