{"id":43194,"date":"2025-09-05T07:24:06","date_gmt":"2025-09-05T07:24:06","guid":{"rendered":"https:\/\/radiojehona.com\/?p=43194"},"modified":"2025-09-05T07:24:06","modified_gmt":"2025-09-05T07:24:06","slug":"moti-i-nxehte-vazhdon-temperaturat-deri-ne-36-grade","status":"publish","type":"post","link":"https:\/\/radiojehona.mk\/?p=43194","title":{"rendered":"Moti i nxeht\u00eb vazhdon, temperaturat deri n\u00eb 36 grad\u00eb"},"content":{"rendered":"\n<figure class=\"wp-block-image size-large\"><img fetchpriority=\"high\" decoding=\"async\" width=\"1024\" height=\"622\" src=\"https:\/\/radiojehona.com\/wp-content\/uploads\/2025\/09\/IMG_2462-1024x622.jpeg\" alt=\"\" class=\"wp-image-43195\" srcset=\"https:\/\/radiojehona.mk\/wp-content\/uploads\/2025\/09\/IMG_2462-1024x622.jpeg 1024w, https:\/\/radiojehona.mk\/wp-content\/uploads\/2025\/09\/IMG_2462-300x182.jpeg 300w, https:\/\/radiojehona.mk\/wp-content\/uploads\/2025\/09\/IMG_2462-768x466.jpeg 768w, https:\/\/radiojehona.mk\/wp-content\/uploads\/2025\/09\/IMG_2462.jpeg 1125w\" sizes=\"(max-width: 1024px) 100vw, 1024px\" \/><\/figure>\n\n\n\n<p>Moti sot do t\u00eb jet\u00eb me diell dhe me vran\u00ebsira t\u00eb pakta deri mesatare lokale. Gjat\u00eb dit\u00ebs do t\u00eb fryj\u00eb er\u00eb e leht\u00eb deri mesatare nga drejtimi verior. Temperatura e m\u00ebngjesit do t\u00eb jet\u00eb prej 8 deri 18 grad\u00eb Celsius, nd\u00ebrsa ajo ditore do t\u00eb l\u00ebviz\u00eb prej 25 deri 36 grad\u00eb.<\/p>\n\n\n\n<p>N\u00eb Shkup, sot moti do t\u00eb jet\u00eb me diell dhe me vran\u00ebsira t\u00eb pakta deri mesatare, nd\u00ebrsa do t\u00eb fryj\u00eb edhe er\u00eb e leht\u00eb deri mesatare nga veriu. Temperatura do t\u00eb jet\u00eb nga 16 grad\u00eb n\u00eb m\u00ebngjes, deri 35 gjat\u00eb dit\u00ebs.<\/p>\n\n\n\n<p>P\u00ebr nes\u00ebr, meteorolog\u00ebt paralajm\u00ebrojn\u00eb mot me diell dhe me vran\u00ebsira t\u00eb pakta deri mesatare lokale. Gjat\u00eb dit\u00ebs do t\u00eb fryj\u00eb er\u00eb e leht\u00eb deri mesatare, e cila n\u00eb disa vende p\u00ebrgjat\u00eb Vardarit do t\u00eb jet\u00eb her\u00eb pas here m\u00eb e fort\u00eb dhe nga drejtimi verior.<\/p>\n\n\n\n<p>Temperatura nes\u00ebr do t\u00eb l\u00ebviz\u00eb prej 28 deri 36 grad\u00eb.<\/p>\n\n\n\n<p>T\u00eb diel\u00ebn dhe t\u00eb h\u00ebn\u00ebn pritet mot pjes\u00ebrisht i vran\u00ebt me periudha me diell dhe me er\u00eb t\u00eb leht\u00eb deri mesatare. Temperatura do t\u00eb ngjitet deri n\u00eb 35 grad\u00eb.<\/p>\n","protected":false},"excerpt":{"rendered":"<p>Moti sot do t&euml; jet&euml; me diell dhe me vran&euml;sira t&euml; pakta deri mesatare lokale. Gjat&euml; dit&euml;s do t&euml; fryj&euml; er&euml; e leht&euml; deri mesatare nga drejtimi verior. Temperatura e m&euml;ngjesit do t&euml; jet&euml; prej 8 deri 18 grad&euml; Celsius, nd&euml;rsa ajo ditore do t&euml; l&euml;viz&euml; prej 25 deri 36 grad&euml;. N&euml; Shkup, sot moti [&hellip;]<\/p>\n","protected":false},"author":2,"featured_media":43195,"comment_status":"open","ping_status":"closed","sticky":false,"template":"","format":"standard","meta":{"_monsterinsights_skip_tracking":false,"_monsterinsights_sitenote_active":false,"_monsterinsights_sitenote_note":"","_monsterinsights_sitenote_category":0,"footnotes":""},"categories":[1],"tags":[],"class_list":["post-43194","post","type-post","status-publish","format-standard","has-post-thumbnail","hentry","category-vendi"],"_links":{"self":[{"href":"https:\/\/radiojehona.mk\/index.php?rest_route=\/wp\/v2\/posts\/43194","targetHints":{"allow":["GET"]}}],"collection":[{"href":"https:\/\/radiojehona.mk\/index.php?rest_route=\/wp\/v2\/posts"}],"about":[{"href":"https:\/\/radiojehona.mk\/index.php?rest_route=\/wp\/v2\/types\/post"}],"author":[{"embeddable":true,"href":"https:\/\/radiojehona.mk\/index.php?rest_route=\/wp\/v2\/users\/2"}],"replies":[{"embeddable":true,"href":"https:\/\/radiojehona.mk\/index.php?rest_route=%2Fwp%2Fv2%2Fcomments&post=43194"}],"version-history":[{"count":1,"href":"https:\/\/radiojehona.mk\/index.php?rest_route=\/wp\/v2\/posts\/43194\/revisions"}],"predecessor-version":[{"id":43196,"href":"https:\/\/radiojehona.mk\/index.php?rest_route=\/wp\/v2\/posts\/43194\/revisions\/43196"}],"wp:featuredmedia":[{"embeddable":true,"href":"https:\/\/radiojehona.mk\/index.php?rest_route=\/wp\/v2\/media\/43195"}],"wp:attachment":[{"href":"https:\/\/radiojehona.mk\/index.php?rest_route=%2Fwp%2Fv2%2Fmedia&parent=43194"}],"wp:term":[{"taxonomy":"category","embeddable":true,"href":"https:\/\/radiojehona.mk\/index.php?rest_route=%2Fwp%2Fv2%2Fcategories&post=43194"},{"taxonomy":"post_tag","embeddable":true,"href":"https:\/\/radiojehona.mk\/index.php?rest_route=%2Fwp%2Fv2%2Ftags&post=43194"}],"curies":[{"name":"wp","href":"https:\/\/api.w.org\/{rel}","templated":true}]}}