{"id":43188,"date":"2025-09-04T20:24:15","date_gmt":"2025-09-04T20:24:15","guid":{"rendered":"https:\/\/radiojehona.com\/?p=43188"},"modified":"2025-09-04T20:24:15","modified_gmt":"2025-09-04T20:24:15","slug":"egli-tako-rikthehet-ne-televizion-ja-ku-do-ta-shohim","status":"publish","type":"post","link":"https:\/\/radiojehona.mk\/?p=43188","title":{"rendered":"Egli Tako rikthehet n\u00eb televizion, ja ku do ta shohim"},"content":{"rendered":"\n<figure class=\"wp-block-image size-full\"><img fetchpriority=\"high\" decoding=\"async\" width=\"700\" height=\"448\" src=\"https:\/\/radiojehona.com\/wp-content\/uploads\/2025\/09\/Egli.png\" alt=\"\" class=\"wp-image-43189\" srcset=\"https:\/\/radiojehona.mk\/wp-content\/uploads\/2025\/09\/Egli.png 700w, https:\/\/radiojehona.mk\/wp-content\/uploads\/2025\/09\/Egli-300x192.png 300w\" sizes=\"(max-width: 700px) 100vw, 700px\" \/><\/figure>\n\n\n\n<p>Ish banorja e \u2018Big Brother VIP Albania\u2019, Egli Tako do t\u00eb vij\u00eb k\u00ebt\u00eb sezon televiziv me nj\u00eb risi t\u00eb r\u00ebnd\u00ebsishme n\u00eb karrier\u00ebn e saj, duke u b\u00ebr\u00eb pjes\u00eb e ekranit t\u00eb Top Channel si moderatore. Lajmi \u00ebsht\u00eb konfirmuar p\u00ebrmes burimeve p\u00ebr Vip Magazine, duke sh\u00ebnuar nj\u00eb hap t\u00eb madh p\u00ebr karrier\u00ebn e saj mediatike.<\/p>\n\n\n\n<p>Sipas informacioneve, Egli do t\u00eb bashkohet me programin \u201cE diell\u201d, i cili transmetohet \u00e7do t\u00eb diel\u00eb. Ky do t\u00eb jet\u00eb debutimi i saj i par\u00eb si moderatore, pas disa eksperiencave t\u00eb tjera artistike, kryesisht si k\u00ebng\u00ebtare.<\/p>\n\n\n\n<p>Ky rol sh\u00ebnon nj\u00eb etap\u00eb t\u00eb re dhe t\u00eb r\u00ebnd\u00ebsishme p\u00ebr t\u00eb, duke i hapur dyert drejt bot\u00ebs s\u00eb moderimit dhe televizionit n\u00eb nj\u00eb prej programeve m\u00eb t\u00eb ndjekura t\u00eb fundjav\u00eb.<\/p>\n\n\n\n<p>Publiku e njohu Egli Takon gjat\u00eb pjes\u00ebmarrjes s\u00eb saj n\u00eb Big Brother Vip, ku arriti t\u00eb b\u00ebhej nj\u00eb nga emrat m\u00eb t\u00eb komentuar t\u00eb edicionit. Marr\u00ebdh\u00ebnia e saj me Gjestin ngjalli mjaft reagime dhe u kthye n\u00eb nj\u00eb nga temat m\u00eb t\u00eb diskutuara t\u00eb reality-show-t. Q\u00eb prej asaj kohe, Egli ka qen\u00eb n\u00eb v\u00ebmendje t\u00eb mediave dhe publikut, duke fituar nj\u00eb baz\u00eb t\u00eb fort\u00eb ndjek\u00ebsish.<\/p>\n\n\n\n<p>Me k\u00ebt\u00eb hap, Egli zgjeron karrier\u00ebn e saj p\u00ebrtej muzik\u00ebs dhe spektakleve televizive.<\/p>\n","protected":false},"excerpt":{"rendered":"<p>Ish banorja e &lsquo;Big Brother VIP Albania&rsquo;, Egli Tako do t&euml; vij&euml; k&euml;t&euml; sezon televiziv me nj&euml; risi t&euml; r&euml;nd&euml;sishme n&euml; karrier&euml;n e saj, duke u b&euml;r&euml; pjes&euml; e ekranit t&euml; Top Channel si moderatore. Lajmi &euml;sht&euml; konfirmuar p&euml;rmes burimeve p&euml;r Vip Magazine, duke sh&euml;nuar nj&euml; hap t&euml; madh p&euml;r karrier&euml;n e saj mediatike. Sipas [&hellip;]<\/p>\n","protected":false},"author":2,"featured_media":43189,"comment_status":"open","ping_status":"closed","sticky":false,"template":"","format":"standard","meta":{"_monsterinsights_skip_tracking":false,"_monsterinsights_sitenote_active":false,"_monsterinsights_sitenote_note":"","_monsterinsights_sitenote_category":0,"footnotes":""},"categories":[7],"tags":[],"class_list":["post-43188","post","type-post","status-publish","format-standard","has-post-thumbnail","hentry","category-showbizz"],"_links":{"self":[{"href":"https:\/\/radiojehona.mk\/index.php?rest_route=\/wp\/v2\/posts\/43188","targetHints":{"allow":["GET"]}}],"collection":[{"href":"https:\/\/radiojehona.mk\/index.php?rest_route=\/wp\/v2\/posts"}],"about":[{"href":"https:\/\/radiojehona.mk\/index.php?rest_route=\/wp\/v2\/types\/post"}],"author":[{"embeddable":true,"href":"https:\/\/radiojehona.mk\/index.php?rest_route=\/wp\/v2\/users\/2"}],"replies":[{"embeddable":true,"href":"https:\/\/radiojehona.mk\/index.php?rest_route=%2Fwp%2Fv2%2Fcomments&post=43188"}],"version-history":[{"count":1,"href":"https:\/\/radiojehona.mk\/index.php?rest_route=\/wp\/v2\/posts\/43188\/revisions"}],"predecessor-version":[{"id":43190,"href":"https:\/\/radiojehona.mk\/index.php?rest_route=\/wp\/v2\/posts\/43188\/revisions\/43190"}],"wp:featuredmedia":[{"embeddable":true,"href":"https:\/\/radiojehona.mk\/index.php?rest_route=\/wp\/v2\/media\/43189"}],"wp:attachment":[{"href":"https:\/\/radiojehona.mk\/index.php?rest_route=%2Fwp%2Fv2%2Fmedia&parent=43188"}],"wp:term":[{"taxonomy":"category","embeddable":true,"href":"https:\/\/radiojehona.mk\/index.php?rest_route=%2Fwp%2Fv2%2Fcategories&post=43188"},{"taxonomy":"post_tag","embeddable":true,"href":"https:\/\/radiojehona.mk\/index.php?rest_route=%2Fwp%2Fv2%2Ftags&post=43188"}],"curies":[{"name":"wp","href":"https:\/\/api.w.org\/{rel}","templated":true}]}}