{"id":43182,"date":"2025-09-04T20:19:13","date_gmt":"2025-09-04T20:19:13","guid":{"rendered":"https:\/\/radiojehona.com\/?p=43182"},"modified":"2025-09-04T20:19:14","modified_gmt":"2025-09-04T20:19:14","slug":"perfundoi-shpallja-per-subvencionimin-e-rrymes-ne-rmv-aplikuan-878-amviseri","status":"publish","type":"post","link":"https:\/\/radiojehona.mk\/?p=43182","title":{"rendered":"P\u00ebrfundoi shpallja p\u00ebr subvencionimin e rrym\u00ebs n\u00eb RMV, aplikuan 878 amvis\u00ebri"},"content":{"rendered":"\n<figure class=\"wp-block-image size-full\"><img fetchpriority=\"high\" decoding=\"async\" width=\"880\" height=\"598\" src=\"https:\/\/radiojehona.com\/wp-content\/uploads\/2025\/09\/evn-fatura.jpg\" alt=\"\" class=\"wp-image-43183\" srcset=\"https:\/\/radiojehona.mk\/wp-content\/uploads\/2025\/09\/evn-fatura.jpg 880w, https:\/\/radiojehona.mk\/wp-content\/uploads\/2025\/09\/evn-fatura-300x204.jpg 300w, https:\/\/radiojehona.mk\/wp-content\/uploads\/2025\/09\/evn-fatura-768x522.jpg 768w\" sizes=\"(max-width: 880px) 100vw, 880px\" \/><\/figure>\n\n\n\n<p><strong>Shpallja publike p\u00ebr mb\u00ebshtetje financiare p\u00ebr energjin\u00eb elektrike t\u00eb konsumuar p\u00ebr vitin 2025, e destinuar p\u00ebr personat q\u00eb i p\u00ebrkasin kategoris\u00eb s\u00eb konsumator\u00ebve t\u00eb cenuesh\u00ebm t\u00eb energjis\u00eb, p\u00ebrfundoi m\u00eb 30 gusht 2025, transmeton&nbsp;<a href=\"https:\/\/portalb.mk\/\">Portalb.mk.<\/a><\/strong><\/p>\n\n\n\n<p>N\u00eb k\u00ebt\u00eb thirrje kan\u00eb arritur gjithsej&nbsp;<strong>878 k\u00ebrkesa<\/strong>, t\u00eb shp\u00ebrndara sipas kategorive t\u00eb m\u00ebposhtme:<\/p>\n\n\n\n<ul class=\"wp-block-list\">\n<li>Amvis\u00ebri me nj\u00eb ose m\u00eb shum\u00eb persona me aft\u00ebsi t\u00eb kufizuara t\u00eb r\u00ebnda ose t\u00eb thella intelektuale:<strong>227<\/strong><\/li>\n\n\n\n<li>Amvis\u00ebri me nje ose m\u00eb shum\u00eb persona me aft\u00ebsi t\u00eb kufizuara t\u00eb r\u00ebnd\u00eb fizike:<strong>296<\/strong><\/li>\n\n\n\n<li>Amvis\u00ebri me nj\u00eb ose m\u00eb shum\u00eb persona plot\u00ebsisht t\u00eb verb\u00ebr:<strong>201<\/strong><\/li>\n\n\n\n<li>Amvis\u00ebri me nj\u00eb ose m\u00eb shum\u00eb persona plot\u00ebsisht t\u00eb shurdh\u00ebr:154<\/li>\n<\/ul>\n\n\n\n<p>Komisionet p\u00ebrgjegj\u00ebse p\u00ebr p\u00ebrpunimin e aplikimeve jan\u00eb n\u00eb proces shqyrtimi. Duke filluar nga java e ardhshme, t\u00eb dh\u00ebnat e p\u00ebrpunuara do t\u2019u dor\u00ebzohen instuticioneve p\u00ebrkat\u00ebse t\u00eb p\u00ebrfshira n\u00eb shpalljen publike dhe programin \u2013 p\u00ebrkat\u00ebsisht &nbsp;Ministris\u00eb p\u00ebr politik\u00eb sociale, demografi dhe rini, Drejtoria e t\u00eb ardhurave publike dhe EVN Maqedoni.<\/p>\n\n\n\n<p>Komisionet, t\u00eb p\u00ebrb\u00ebra nga tre an\u00ebtar\u00eb, do t\u00eb kryejn\u00eb verifikimin e nevojsh\u00ebm n\u00ebp\u00ebrmjet instuticioneve dhe do t\u00eb propozojn\u00eb vendime p\u00ebr ministrin. Mb\u00ebshtetja financiare do t\u00eb ofrohet p\u00ebrmes uljes s\u00eb fatur\u00ebs mujore t\u00eb energjis\u00eb elektrike me nga&nbsp;<strong>1.000 denar\u00eb n\u00eb muaj<\/strong>, p\u00ebr nj\u00eb periudh\u00eb 12 mujore, duke u llogaritur nga data e dor\u00ebzimit t\u00eb k\u00ebrkes\u00ebs.<\/p>\n\n\n\n<p>Ministrja e energjis\u00eb, minierave dhe burimeve minerale,&nbsp;<strong>Sanja Bozhinovska<\/strong>&nbsp;theksoi:<\/p>\n\n\n\n<p>\u201eMe k\u00ebt\u00eb mas\u00eb po d\u00ebrgojm\u00eb nj\u00eb mesazh t\u00eb qart\u00eb se shteti q\u00ebndron pas atyre q\u00eb kan\u00eb m\u00eb shum\u00eb nevoj\u00eb p\u00ebr mb\u00ebshtetje. Duam t\u00eb sigurojm\u00eb siguri dhe dinjitet p\u00ebr kategorit\u00eb e cenueshme t\u00eb konsumator\u00ebve, dhe t\u2019i ndihmojm\u00eb t\u00eb p\u00ebrballen me sfidat e p\u00ebrditshme. Mb\u00ebshtetje financiare p\u00ebr energjin\u00eb elektrike \u00ebsht\u00eb nj\u00eb hap konkret drejt mbrojtjes m\u00eb t\u00eb madhe sociale dhe qasjes s\u00eb barabart\u00eb n\u00eb nevojat baz\u00eb\u201d<\/p>\n\n\n\n<p>Mb\u00ebshtetja do t\u00eb llogaritet n\u00eb fatur\u00ebn mujore t\u00eb energjis\u00eb elektrike, duke filluar nga muaji pas publikimit t\u00eb list\u00ebs s\u00eb p\u00ebrfituesve. Sipas rregullave, mos \u2013 pagesa e dy faturave radhazi do t\u00eb rezulotoj\u00eb n\u00eb anulimin e vendimit p\u00ebr mb\u00ebshtetje financiare.<\/p>\n\n\n\n<p>Ministria rikujton gjithashtu se \u00ebsht\u00eb n\u00eb vijim shpallja publike p\u00ebr subvencione p\u00ebr pajisje klimaterike inverter, me t\u00eb cil\u00ebn synohen drejtp\u00ebrdrejt konsumator\u00ebt e cenuesh\u00ebm t\u00eb energjis\u00eb. Afati p\u00ebr aplikimin \u00ebsht\u00eb deri n\u00eb fund t\u00eb muajit dhe t\u00eb gjitha informacionet dhe formular\u00ebt e nevojsh\u00ebm jan\u00eb t\u00eb disponuesh\u00ebm n\u00eb<a href=\"https:\/\/energy.gov.mk\/mk-MK\/odnosi-so-javnost\/javni-oglasi\">&nbsp;faqen zyrtare<\/a>&nbsp;t\u00eb Ministris\u00eb s\u00eb energjis\u00eb, minierave dhe burimeve minerale.<\/p>\n\n\n\n<p>Edhe pse masat synojn\u00eb p\u00ebrmir\u00ebsimin e standardit t\u00eb jetes\u00ebs p\u00ebr kategorit\u00eb vulnerab\u00ebl, megjithat\u00eb<strong>, zbatimi i tyre pak para zgjedhjeve lokale ngre dyshime p\u00ebr p\u00ebrdorim politik t\u00eb ndihm\u00ebs sociale p\u00ebr q\u00ebllime elektorale.<\/strong><\/p>\n","protected":false},"excerpt":{"rendered":"<p>Shpallja publike p&euml;r mb&euml;shtetje financiare p&euml;r energjin&euml; elektrike t&euml; konsumuar p&euml;r vitin 2025, e destinuar p&euml;r personat q&euml; i p&euml;rkasin kategoris&euml; s&euml; konsumator&euml;ve t&euml; cenuesh&euml;m t&euml; energjis&euml;, p&euml;rfundoi m&euml; 30 gusht 2025, transmeton&nbsp;Portalb.mk. N&euml; k&euml;t&euml; thirrje kan&euml; arritur gjithsej&nbsp;878 k&euml;rkesa, t&euml; shp&euml;rndara sipas kategorive t&euml; m&euml;poshtme: Komisionet p&euml;rgjegj&euml;se p&euml;r p&euml;rpunimin e aplikimeve jan&euml; n&euml; proces [&hellip;]<\/p>\n","protected":false},"author":2,"featured_media":43183,"comment_status":"open","ping_status":"closed","sticky":false,"template":"","format":"standard","meta":{"_monsterinsights_skip_tracking":false,"_monsterinsights_sitenote_active":false,"_monsterinsights_sitenote_note":"","_monsterinsights_sitenote_category":0,"footnotes":""},"categories":[1],"tags":[],"class_list":["post-43182","post","type-post","status-publish","format-standard","has-post-thumbnail","hentry","category-vendi"],"_links":{"self":[{"href":"https:\/\/radiojehona.mk\/index.php?rest_route=\/wp\/v2\/posts\/43182","targetHints":{"allow":["GET"]}}],"collection":[{"href":"https:\/\/radiojehona.mk\/index.php?rest_route=\/wp\/v2\/posts"}],"about":[{"href":"https:\/\/radiojehona.mk\/index.php?rest_route=\/wp\/v2\/types\/post"}],"author":[{"embeddable":true,"href":"https:\/\/radiojehona.mk\/index.php?rest_route=\/wp\/v2\/users\/2"}],"replies":[{"embeddable":true,"href":"https:\/\/radiojehona.mk\/index.php?rest_route=%2Fwp%2Fv2%2Fcomments&post=43182"}],"version-history":[{"count":1,"href":"https:\/\/radiojehona.mk\/index.php?rest_route=\/wp\/v2\/posts\/43182\/revisions"}],"predecessor-version":[{"id":43184,"href":"https:\/\/radiojehona.mk\/index.php?rest_route=\/wp\/v2\/posts\/43182\/revisions\/43184"}],"wp:featuredmedia":[{"embeddable":true,"href":"https:\/\/radiojehona.mk\/index.php?rest_route=\/wp\/v2\/media\/43183"}],"wp:attachment":[{"href":"https:\/\/radiojehona.mk\/index.php?rest_route=%2Fwp%2Fv2%2Fmedia&parent=43182"}],"wp:term":[{"taxonomy":"category","embeddable":true,"href":"https:\/\/radiojehona.mk\/index.php?rest_route=%2Fwp%2Fv2%2Fcategories&post=43182"},{"taxonomy":"post_tag","embeddable":true,"href":"https:\/\/radiojehona.mk\/index.php?rest_route=%2Fwp%2Fv2%2Ftags&post=43182"}],"curies":[{"name":"wp","href":"https:\/\/api.w.org\/{rel}","templated":true}]}}