{"id":43179,"date":"2025-09-04T20:17:54","date_gmt":"2025-09-04T20:17:54","guid":{"rendered":"https:\/\/radiojehona.com\/?p=43179"},"modified":"2025-09-04T20:17:55","modified_gmt":"2025-09-04T20:17:55","slug":"filipce-te-rinjte-ne-maqedoni-po-jetojne-ne-nje-shtet-pa-prosperitet-pushteti-nuk-kujdeset-per-qytetaret","status":"publish","type":"post","link":"https:\/\/radiojehona.mk\/?p=43179","title":{"rendered":"Filip\u00e7e: T\u00eb rinjt\u00eb n\u00eb Maqedoni po jetojn\u00eb n\u00eb nj\u00eb shtet pa prosperitet, pushteti nuk kujdeset p\u00ebr qytetar\u00ebt"},"content":{"rendered":"\n<figure class=\"wp-block-image size-full\"><img fetchpriority=\"high\" decoding=\"async\" width=\"718\" height=\"413\" src=\"https:\/\/radiojehona.com\/wp-content\/uploads\/2025\/09\/Doc.-d-r-Venko-Filipce-Minister-za-zdravstvo.jpg\" alt=\"\" class=\"wp-image-43180\" srcset=\"https:\/\/radiojehona.mk\/wp-content\/uploads\/2025\/09\/Doc.-d-r-Venko-Filipce-Minister-za-zdravstvo.jpg 718w, https:\/\/radiojehona.mk\/wp-content\/uploads\/2025\/09\/Doc.-d-r-Venko-Filipce-Minister-za-zdravstvo-300x173.jpg 300w\" sizes=\"(max-width: 718px) 100vw, 718px\" \/><\/figure>\n\n\n\n<p>Kryetari i LSDM-s\u00eb, Venko Filip\u00e7e tha se t\u00eb rinjt\u00eb n\u00eb Maqedoni sot jetojn\u00eb n\u00eb nj\u00eb shtet q\u00eb nuk po zhvillohet, nj\u00eb shtet ku nuk ka prosperitet.<\/p>\n\n\n\n<p>Filip\u00e7e theksoi se mungesa e nj\u00eb strategjie p\u00ebr p\u00ebrmir\u00ebsimin e tregut t\u00eb pun\u00ebs dhe varf\u00ebria n\u00eb rritje jan\u00eb vet\u00ebm disa nga arsyet p\u00ebr t\u00eb cilat t\u00eb rinjt\u00eb e shohin t\u00eb ardhmen e tyre jasht\u00eb Maqedonis\u00eb.<\/p>\n\n\n\n<p>\u201cNumri i personave t\u00eb pun\u00ebsuar n\u00eb vend \u00ebsht\u00eb zvog\u00ebluar p\u00ebr mbi 17.000 veta. P\u00ebr shembull, kam qen\u00eb n\u00eb Del\u00e7ev\u00eb. N\u00eb k\u00ebt\u00eb qytet, \u00e7do vit mesatarisht diplomojn\u00eb rreth 100 nx\u00ebn\u00ebs. K\u00ebt\u00eb vit, 90 prej tyre jan\u00eb regjistruar n\u00eb fakultete n\u00eb Bullgari. Pse? Sepse tek ne nuk ka universitet q\u00eb t\u00eb jet\u00eb n\u00eb list\u00ebn e Shangait. Nuk ka investime serioze n\u00eb shkenc\u00eb, nuk ka mb\u00ebshtetje p\u00ebr k\u00ebrkim, nuk ka cil\u00ebsi q\u00eb do t\u2019i mbante t\u00eb rinjt\u00eb k\u00ebtu,\u201d tha Filip\u00e7e.<\/p>\n\n\n\n<p>Filip\u00e7e theksoi se t\u00eb gjitha parametrat tregojn\u00eb se pushteti nuk po kujdeset p\u00ebr qytetar\u00ebt, e sidomos p\u00ebr t\u00eb rinjt\u00eb.<\/p>\n\n\n\n<p>\u201cPozicionet e pun\u00ebs q\u00eb hapen jan\u00eb t\u00eb gjitha me paga t\u00eb ul\u00ebta, nuk jan\u00eb t\u00eb ardhura t\u00eb q\u00ebndrueshme, kjo \u00ebsht\u00eb vet\u00ebm mbijetes\u00eb, nuk \u00ebsht\u00eb zhvillim. Sa her\u00eb q\u00eb thon\u00eb se pagat rriten, k\u00ebto jan\u00eb vet\u00ebm p\u00ebrqindje minimale q\u00eb me inflacionin, t\u00eb cilin nuk e kontrollojn\u00eb, jan\u00eb t\u00eb shkat\u00ebrruara para se t\u00eb ndihen,\u201d tha Filip\u00e7e.<\/p>\n","protected":false},"excerpt":{"rendered":"<p>Kryetari i LSDM-s&euml;, Venko Filip&ccedil;e tha se t&euml; rinjt&euml; n&euml; Maqedoni sot jetojn&euml; n&euml; nj&euml; shtet q&euml; nuk po zhvillohet, nj&euml; shtet ku nuk ka prosperitet. Filip&ccedil;e theksoi se mungesa e nj&euml; strategjie p&euml;r p&euml;rmir&euml;simin e tregut t&euml; pun&euml;s dhe varf&euml;ria n&euml; rritje jan&euml; vet&euml;m disa nga arsyet p&euml;r t&euml; cilat t&euml; rinjt&euml; e shohin [&hellip;]<\/p>\n","protected":false},"author":2,"featured_media":43180,"comment_status":"open","ping_status":"closed","sticky":false,"template":"","format":"standard","meta":{"_monsterinsights_skip_tracking":false,"_monsterinsights_sitenote_active":false,"_monsterinsights_sitenote_note":"","_monsterinsights_sitenote_category":0,"footnotes":""},"categories":[1],"tags":[],"class_list":["post-43179","post","type-post","status-publish","format-standard","has-post-thumbnail","hentry","category-vendi"],"_links":{"self":[{"href":"https:\/\/radiojehona.mk\/index.php?rest_route=\/wp\/v2\/posts\/43179","targetHints":{"allow":["GET"]}}],"collection":[{"href":"https:\/\/radiojehona.mk\/index.php?rest_route=\/wp\/v2\/posts"}],"about":[{"href":"https:\/\/radiojehona.mk\/index.php?rest_route=\/wp\/v2\/types\/post"}],"author":[{"embeddable":true,"href":"https:\/\/radiojehona.mk\/index.php?rest_route=\/wp\/v2\/users\/2"}],"replies":[{"embeddable":true,"href":"https:\/\/radiojehona.mk\/index.php?rest_route=%2Fwp%2Fv2%2Fcomments&post=43179"}],"version-history":[{"count":1,"href":"https:\/\/radiojehona.mk\/index.php?rest_route=\/wp\/v2\/posts\/43179\/revisions"}],"predecessor-version":[{"id":43181,"href":"https:\/\/radiojehona.mk\/index.php?rest_route=\/wp\/v2\/posts\/43179\/revisions\/43181"}],"wp:featuredmedia":[{"embeddable":true,"href":"https:\/\/radiojehona.mk\/index.php?rest_route=\/wp\/v2\/media\/43180"}],"wp:attachment":[{"href":"https:\/\/radiojehona.mk\/index.php?rest_route=%2Fwp%2Fv2%2Fmedia&parent=43179"}],"wp:term":[{"taxonomy":"category","embeddable":true,"href":"https:\/\/radiojehona.mk\/index.php?rest_route=%2Fwp%2Fv2%2Fcategories&post=43179"},{"taxonomy":"post_tag","embeddable":true,"href":"https:\/\/radiojehona.mk\/index.php?rest_route=%2Fwp%2Fv2%2Ftags&post=43179"}],"curies":[{"name":"wp","href":"https:\/\/api.w.org\/{rel}","templated":true}]}}