{"id":43177,"date":"2025-09-04T20:16:50","date_gmt":"2025-09-04T20:16:50","guid":{"rendered":"https:\/\/radiojehona.com\/?p=43177"},"modified":"2025-09-04T20:16:51","modified_gmt":"2025-09-04T20:16:51","slug":"mickoski-pse-u-frikesua-lsdm-ja-dhe-filloi-te-shpike-teza-se-gjoja-materialet-jane-gjetur-te-viktimat-qe-jane-pergjuar","status":"publish","type":"post","link":"https:\/\/radiojehona.mk\/?p=43177","title":{"rendered":"Mickoski: Pse u frik\u00ebsua LSDM-ja dhe filloi t\u00eb shpik\u00eb teza se gjoja materialet jan\u00eb gjetur te viktimat q\u00eb jan\u00eb p\u00ebrgjuar?"},"content":{"rendered":"\n<figure class=\"wp-block-image size-full\"><img fetchpriority=\"high\" decoding=\"async\" width=\"900\" height=\"529\" src=\"https:\/\/radiojehona.com\/wp-content\/uploads\/2024\/11\/auto_mickoski-768x4511732440992-1.jpg\" alt=\"\" class=\"wp-image-37843\" srcset=\"https:\/\/radiojehona.mk\/wp-content\/uploads\/2024\/11\/auto_mickoski-768x4511732440992-1.jpg 900w, https:\/\/radiojehona.mk\/wp-content\/uploads\/2024\/11\/auto_mickoski-768x4511732440992-1-300x176.jpg 300w, https:\/\/radiojehona.mk\/wp-content\/uploads\/2024\/11\/auto_mickoski-768x4511732440992-1-768x451.jpg 768w\" sizes=\"(max-width: 900px) 100vw, 900px\" \/><\/figure>\n\n\n\n<p>Kryetari i Qeveris\u00eb s\u00eb Republik\u00ebs s\u00eb Maqedonis\u00eb s\u00eb Veriut, Hristijan Mickoski, sot, duke iu p\u00ebrgjigjur pyetjes gazetareske lidhur me pretendimet e LSDM-s\u00eb se materialet e p\u00ebrgjimeve jan\u00eb gjetur te viktimat dhe se si institucionet i din\u00eb detajet, deklaroi:<\/p>\n\n\n\n<p>\u201cShikoni, \u00ebsht\u00eb tradit\u00eb kur LSDM \u00ebsht\u00eb n\u00eb Qeveri dhe kur LSDM udh\u00ebheq me sh\u00ebrbimet e shtetit, q\u00eb VMRO-DPMNE t\u00eb p\u00ebrgjohet. Ajo q\u00eb un\u00eb mund t\u00eb them, tashm\u00eb e kam th\u00ebn\u00eb n\u00eb deklarat\u00ebn time kur mor\u00ebm informacionin p\u00ebr at\u00eb q\u00eb ka ndodhur n\u00eb periudh\u00ebn kur isha kryetar i partis\u00eb m\u00eb t\u00eb madhe opozitare dhe partis\u00eb m\u00eb t\u00eb madhe politike, n\u00eb thelb VMRO-DPMNE. Nga vet\u00eb natyra e gj\u00ebrave, tani \u00ebsht\u00eb logjike si kryetar i Qeveris\u00eb t\u00eb marrim raporte t\u00eb tilla, kjo nuk \u00ebsht\u00eb di\u00e7ka e \u00e7uditshme, nuk \u00ebsht\u00eb asgj\u00eb e tmerrshme. Pres Prokuroria dhe Gjyq\u00ebsori ta \u00e7ojn\u00eb deri n\u00eb fund k\u00ebt\u00eb rast. Shoh q\u00eb opozita \u00ebsht\u00eb e shqet\u00ebsuar, LSDM jan\u00eb shqet\u00ebsuar. Dhe duhet t\u00eb jen\u00eb t\u00eb shqet\u00ebsuar sepse me dekada jan\u00eb keqp\u00ebrdorur resurset e sh\u00ebrbimeve. M\u00eb par\u00eb t\u00eb Drejtoris\u00eb p\u00ebr Siguri dhe Kund\u00ebrzbulim, tani t\u00eb Agjencis\u00eb p\u00ebr Siguri Komb\u00ebtare, Agjencis\u00eb s\u00eb Zbulimit, prandaj mendoj se duhet nj\u00eb her\u00eb e p\u00ebrgjithmon\u00eb t\u2019i jepet fund keqp\u00ebrdorimit t\u00eb resurseve p\u00ebr t\u00eb hyr\u00eb n\u00eb jet\u00ebt e njer\u00ebzve t\u00eb tjer\u00eb. T\u00eb mjer\u00eb jan\u00eb ata njer\u00ebz t\u00eb cil\u00ebt n\u00eb vend q\u00eb t\u00eb merren me veten, merren me njer\u00ebzit e tjer\u00eb.\u201d<\/p>\n","protected":false},"excerpt":{"rendered":"<p>Kryetari i Qeveris&euml; s&euml; Republik&euml;s s&euml; Maqedonis&euml; s&euml; Veriut, Hristijan Mickoski, sot, duke iu p&euml;rgjigjur pyetjes gazetareske lidhur me pretendimet e LSDM-s&euml; se materialet e p&euml;rgjimeve jan&euml; gjetur te viktimat dhe se si institucionet i din&euml; detajet, deklaroi: &ldquo;Shikoni, &euml;sht&euml; tradit&euml; kur LSDM &euml;sht&euml; n&euml; Qeveri dhe kur LSDM udh&euml;heq me sh&euml;rbimet e shtetit, q&euml; [&hellip;]<\/p>\n","protected":false},"author":2,"featured_media":37843,"comment_status":"open","ping_status":"closed","sticky":false,"template":"","format":"standard","meta":{"_monsterinsights_skip_tracking":false,"_monsterinsights_sitenote_active":false,"_monsterinsights_sitenote_note":"","_monsterinsights_sitenote_category":0,"footnotes":""},"categories":[1],"tags":[],"class_list":["post-43177","post","type-post","status-publish","format-standard","has-post-thumbnail","hentry","category-vendi"],"_links":{"self":[{"href":"https:\/\/radiojehona.mk\/index.php?rest_route=\/wp\/v2\/posts\/43177","targetHints":{"allow":["GET"]}}],"collection":[{"href":"https:\/\/radiojehona.mk\/index.php?rest_route=\/wp\/v2\/posts"}],"about":[{"href":"https:\/\/radiojehona.mk\/index.php?rest_route=\/wp\/v2\/types\/post"}],"author":[{"embeddable":true,"href":"https:\/\/radiojehona.mk\/index.php?rest_route=\/wp\/v2\/users\/2"}],"replies":[{"embeddable":true,"href":"https:\/\/radiojehona.mk\/index.php?rest_route=%2Fwp%2Fv2%2Fcomments&post=43177"}],"version-history":[{"count":1,"href":"https:\/\/radiojehona.mk\/index.php?rest_route=\/wp\/v2\/posts\/43177\/revisions"}],"predecessor-version":[{"id":43178,"href":"https:\/\/radiojehona.mk\/index.php?rest_route=\/wp\/v2\/posts\/43177\/revisions\/43178"}],"wp:featuredmedia":[{"embeddable":true,"href":"https:\/\/radiojehona.mk\/index.php?rest_route=\/wp\/v2\/media\/37843"}],"wp:attachment":[{"href":"https:\/\/radiojehona.mk\/index.php?rest_route=%2Fwp%2Fv2%2Fmedia&parent=43177"}],"wp:term":[{"taxonomy":"category","embeddable":true,"href":"https:\/\/radiojehona.mk\/index.php?rest_route=%2Fwp%2Fv2%2Fcategories&post=43177"},{"taxonomy":"post_tag","embeddable":true,"href":"https:\/\/radiojehona.mk\/index.php?rest_route=%2Fwp%2Fv2%2Ftags&post=43177"}],"curies":[{"name":"wp","href":"https:\/\/api.w.org\/{rel}","templated":true}]}}