{"id":43174,"date":"2025-09-04T20:15:17","date_gmt":"2025-09-04T20:15:17","guid":{"rendered":"https:\/\/radiojehona.com\/?p=43174"},"modified":"2025-09-04T20:15:18","modified_gmt":"2025-09-04T20:15:18","slug":"kasami-viziton-nxenesit-e-sulmuar-ne-tetove-dhuna-nuk-do-te-behet-norme-ne-qytetin-tone","status":"publish","type":"post","link":"https:\/\/radiojehona.mk\/?p=43174","title":{"rendered":"Kasami viziton nx\u00ebn\u00ebsit e sulmuar n\u00eb Tetov\u00eb: Dhuna nuk do t\u00eb b\u00ebhet norm\u00eb n\u00eb qytetin ton\u00eb"},"content":{"rendered":"\n<figure class=\"wp-block-image size-full\"><img fetchpriority=\"high\" decoding=\"async\" width=\"696\" height=\"522\" src=\"https:\/\/radiojehona.com\/wp-content\/uploads\/2025\/09\/cbc7645f-ba95-4226-b8d6-56e690c5da16-1536x1152-1-696x522-1.jpeg\" alt=\"\" class=\"wp-image-43175\" srcset=\"https:\/\/radiojehona.mk\/wp-content\/uploads\/2025\/09\/cbc7645f-ba95-4226-b8d6-56e690c5da16-1536x1152-1-696x522-1.jpeg 696w, https:\/\/radiojehona.mk\/wp-content\/uploads\/2025\/09\/cbc7645f-ba95-4226-b8d6-56e690c5da16-1536x1152-1-696x522-1-300x225.jpeg 300w\" sizes=\"(max-width: 696px) 100vw, 696px\" \/><\/figure>\n\n\n\n<p>Kryetari i Komun\u00ebs s\u00eb Tetov\u00ebs, Bilall Kasami, ka vizituar dy nx\u00ebn\u00ebsit q\u00eb u sulmuan mbr\u00ebmjen e kaluar n\u00eb qytet, duke shprehur shqet\u00ebsimin dhe solidaritetin me familjet e tyre.<\/p>\n\n\n\n<p>\u201cBashk\u00eb me familjet e tyre ndam\u00eb shqet\u00ebsimin dhe dhimbjen p\u00ebr k\u00ebt\u00eb akt t\u00eb papranuesh\u00ebm. Nuk do t\u2019i normalizojm\u00eb kurr\u00eb raste t\u00eb tilla. Dhuna nuk do t\u00eb b\u00ebhet norm\u00eb n\u00eb Tetov\u00eb dhe nuk do t\u00eb tolerohet. \u00cbsht\u00eb obligim i yni ta parandalojm\u00eb at\u00eb q\u00eb n\u00eb rr\u00ebnj\u00eb\u201d, theksoi Kasami.<br>Ai vler\u00ebsoi reagimin e shpejt\u00eb t\u00eb Sektorit p\u00ebr Pun\u00eb t\u00eb Brendshme n\u00eb Tetov\u00eb dhe shtoi se ka garantuar para familjar\u00ebve se do t\u00eb b\u00ebj\u00eb gjith\u00e7ka q\u00eb organet kompetente t\u00eb veprojn\u00eb pa vones\u00eb.<br>\u201cDhunuesit duhet t\u00eb p\u00ebrballen me drejt\u00ebsin\u00eb menj\u00ebher\u00eb,\u201d u shpreh kryetari i Tetov\u00ebs.<\/p>\n","protected":false},"excerpt":{"rendered":"<p>Kryetari i Komun&euml;s s&euml; Tetov&euml;s, Bilall Kasami, ka vizituar dy nx&euml;n&euml;sit q&euml; u sulmuan mbr&euml;mjen e kaluar n&euml; qytet, duke shprehur shqet&euml;simin dhe solidaritetin me familjet e tyre. &ldquo;Bashk&euml; me familjet e tyre ndam&euml; shqet&euml;simin dhe dhimbjen p&euml;r k&euml;t&euml; akt t&euml; papranuesh&euml;m. Nuk do t&rsquo;i normalizojm&euml; kurr&euml; raste t&euml; tilla. Dhuna nuk do t&euml; b&euml;het [&hellip;]<\/p>\n","protected":false},"author":2,"featured_media":43175,"comment_status":"open","ping_status":"closed","sticky":false,"template":"","format":"standard","meta":{"_monsterinsights_skip_tracking":false,"_monsterinsights_sitenote_active":false,"_monsterinsights_sitenote_note":"","_monsterinsights_sitenote_category":0,"footnotes":""},"categories":[1],"tags":[],"class_list":["post-43174","post","type-post","status-publish","format-standard","has-post-thumbnail","hentry","category-vendi"],"_links":{"self":[{"href":"https:\/\/radiojehona.mk\/index.php?rest_route=\/wp\/v2\/posts\/43174","targetHints":{"allow":["GET"]}}],"collection":[{"href":"https:\/\/radiojehona.mk\/index.php?rest_route=\/wp\/v2\/posts"}],"about":[{"href":"https:\/\/radiojehona.mk\/index.php?rest_route=\/wp\/v2\/types\/post"}],"author":[{"embeddable":true,"href":"https:\/\/radiojehona.mk\/index.php?rest_route=\/wp\/v2\/users\/2"}],"replies":[{"embeddable":true,"href":"https:\/\/radiojehona.mk\/index.php?rest_route=%2Fwp%2Fv2%2Fcomments&post=43174"}],"version-history":[{"count":1,"href":"https:\/\/radiojehona.mk\/index.php?rest_route=\/wp\/v2\/posts\/43174\/revisions"}],"predecessor-version":[{"id":43176,"href":"https:\/\/radiojehona.mk\/index.php?rest_route=\/wp\/v2\/posts\/43174\/revisions\/43176"}],"wp:featuredmedia":[{"embeddable":true,"href":"https:\/\/radiojehona.mk\/index.php?rest_route=\/wp\/v2\/media\/43175"}],"wp:attachment":[{"href":"https:\/\/radiojehona.mk\/index.php?rest_route=%2Fwp%2Fv2%2Fmedia&parent=43174"}],"wp:term":[{"taxonomy":"category","embeddable":true,"href":"https:\/\/radiojehona.mk\/index.php?rest_route=%2Fwp%2Fv2%2Fcategories&post=43174"},{"taxonomy":"post_tag","embeddable":true,"href":"https:\/\/radiojehona.mk\/index.php?rest_route=%2Fwp%2Fv2%2Ftags&post=43174"}],"curies":[{"name":"wp","href":"https:\/\/api.w.org\/{rel}","templated":true}]}}