{"id":43171,"date":"2025-09-04T20:13:53","date_gmt":"2025-09-04T20:13:53","guid":{"rendered":"https:\/\/radiojehona.com\/?p=43171"},"modified":"2025-09-04T20:13:54","modified_gmt":"2025-09-04T20:13:54","slug":"policia-thote-se-ka-zbardhur-rrahjen-brutale-te-dy-te-rinjeve-shqiptare-nga-maqedonasit-ne-tetove","status":"publish","type":"post","link":"https:\/\/radiojehona.mk\/?p=43171","title":{"rendered":"Policia thot\u00eb se ka zbardhur rrahjen brutale t\u00eb dy t\u00eb rinj\u00ebve shqiptar\u00eb nga maqedonasit n\u00eb Tetov\u00eb"},"content":{"rendered":"\n<figure class=\"wp-block-image size-full\"><img fetchpriority=\"high\" decoding=\"async\" width=\"900\" height=\"494\" src=\"https:\/\/radiojehona.com\/wp-content\/uploads\/2025\/09\/17-00-Rastet-qe-perfundojne-me-se-shpejti.jpg\" alt=\"\" class=\"wp-image-43172\" srcset=\"https:\/\/radiojehona.mk\/wp-content\/uploads\/2025\/09\/17-00-Rastet-qe-perfundojne-me-se-shpejti.jpg 900w, https:\/\/radiojehona.mk\/wp-content\/uploads\/2025\/09\/17-00-Rastet-qe-perfundojne-me-se-shpejti-300x165.jpg 300w, https:\/\/radiojehona.mk\/wp-content\/uploads\/2025\/09\/17-00-Rastet-qe-perfundojne-me-se-shpejti-768x422.jpg 768w\" sizes=\"(max-width: 900px) 100vw, 900px\" \/><\/figure>\n\n\n\n<p>Sektori p\u00ebr Pun\u00eb t\u00eb Brendshme n\u00eb Tetov\u00eb thot\u00eb ka zbardhur rastin ku gjat\u00eb dit\u00ebs s\u00eb djeshme (03.09.2025), n\u00eb Tetov\u00eb u sulmuan fizikisht dy t\u00eb mitur.<\/p>\n\n\n\n<p>Si\u00e7 informojn\u00eb nga MPB, sulmuesit jan\u00eb privuar nga liria dhe ndaj tyre do t\u00eb ngriten kall\u00ebzime penale.<\/p>\n\n\n\n<p>Njoftimi i plot\u00eb:<\/p>\n\n\n\n<p>\u201cM\u00eb 03.09.2025, n\u00eb or\u00ebn 22:30, n\u00eb rrug\u00ebn \u201cPrilepska\u201d n\u00eb Tetov\u00eb, zyrtar\u00eb policor\u00eb nga SPB Tetov\u00eb kan\u00eb privuar nga liria personin N.\u00c7. (20) nga Tetova, nd\u00ebrsa m\u00eb 04.09.2025, n\u00eb or\u00ebn 12:10, n\u00eb rrug\u00ebn \u201cIlinden\u201d, \u00ebsht\u00eb privuar nga liria edhe D.D. (23) nga fshati Radiovc. Gjithashtu, \u00ebsht\u00eb zhvilluar bised\u00eb zyrtare me 16 t\u00eb mitur. Ata dyshohen se rreth or\u00ebs 18:00, n\u00eb rrug\u00ebn \u201cBllagoja Toska\u201d n\u00eb Tetov\u00eb, n\u00eb grup, kan\u00eb sulmuar fizikisht nj\u00eb 17-vje\u00e7ar dhe nj\u00eb 15-vje\u00e7ar, t\u00eb dy nga fshati Dobrosht, komuna e Tearc\u00ebs, t\u00eb cil\u00ebt ishin duke dal\u00eb nga shkolla e mesme. Sipas kall\u00ebzimit t\u00eb b\u00ebr\u00eb nga prind\u00ebrit e tyre, Q.E. (50) dhe H.I. (43) nga Dobroshta, djemt\u00eb e tyre kan\u00eb qen\u00eb bashk\u00eb me nj\u00eb t\u00eb mitur tjet\u00ebr, i cili ka arritur t\u00eb ik\u00eb nga vendngjarja. An\u00ebtar\u00ebt e grupit dyshohet t\u00eb ken\u00eb qen\u00eb tifoz\u00eb t\u00eb nj\u00eb klubi futbolli nga Tetova. Pas sulmit, dy t\u00eb miturit jan\u00eb d\u00ebrguar n\u00eb spitalin klinik t\u00eb Tetov\u00ebs p\u00ebr ndihm\u00eb mjek\u00ebsore. Pas dokumentimit t\u00eb rastit, n\u00eb bashk\u00ebpunim me prokurorin publik, ndaj sulmuesve do t\u00eb ngriten kall\u00ebzime p\u00ebrkat\u00ebse.\u201d<\/p>\n\n\n\n<p>Kujtojm\u00eb se p\u00ebr rastin n\u00eb fjal\u00eb reaguan dhe partit\u00eb politike n\u00eb vend, ata d\u00ebnuan aktin e dhun\u00ebs teksa k\u00ebrkuan zbardhjen e plot\u00eb t\u00eb rastit.<\/p>\n\n\n\n<p>Kryeministri i vendit, Hristijan Mickoski apeloi q\u00eb rastit t\u00eb mos i jepet konotacion etnik dhe t\u00eb mos p\u00ebrhapet gjuh\u00eb e urrejtjes.<\/p>\n","protected":false},"excerpt":{"rendered":"<p>Sektori p&euml;r Pun&euml; t&euml; Brendshme n&euml; Tetov&euml; thot&euml; ka zbardhur rastin ku gjat&euml; dit&euml;s s&euml; djeshme (03.09.2025), n&euml; Tetov&euml; u sulmuan fizikisht dy t&euml; mitur. Si&ccedil; informojn&euml; nga MPB, sulmuesit jan&euml; privuar nga liria dhe ndaj tyre do t&euml; ngriten kall&euml;zime penale. Njoftimi i plot&euml;: &ldquo;M&euml; 03.09.2025, n&euml; or&euml;n 22:30, n&euml; rrug&euml;n &ldquo;Prilepska&rdquo; n&euml; Tetov&euml;, [&hellip;]<\/p>\n","protected":false},"author":2,"featured_media":43172,"comment_status":"open","ping_status":"closed","sticky":false,"template":"","format":"standard","meta":{"_monsterinsights_skip_tracking":false,"_monsterinsights_sitenote_active":false,"_monsterinsights_sitenote_note":"","_monsterinsights_sitenote_category":0,"footnotes":""},"categories":[1],"tags":[],"class_list":["post-43171","post","type-post","status-publish","format-standard","has-post-thumbnail","hentry","category-vendi"],"_links":{"self":[{"href":"https:\/\/radiojehona.mk\/index.php?rest_route=\/wp\/v2\/posts\/43171","targetHints":{"allow":["GET"]}}],"collection":[{"href":"https:\/\/radiojehona.mk\/index.php?rest_route=\/wp\/v2\/posts"}],"about":[{"href":"https:\/\/radiojehona.mk\/index.php?rest_route=\/wp\/v2\/types\/post"}],"author":[{"embeddable":true,"href":"https:\/\/radiojehona.mk\/index.php?rest_route=\/wp\/v2\/users\/2"}],"replies":[{"embeddable":true,"href":"https:\/\/radiojehona.mk\/index.php?rest_route=%2Fwp%2Fv2%2Fcomments&post=43171"}],"version-history":[{"count":1,"href":"https:\/\/radiojehona.mk\/index.php?rest_route=\/wp\/v2\/posts\/43171\/revisions"}],"predecessor-version":[{"id":43173,"href":"https:\/\/radiojehona.mk\/index.php?rest_route=\/wp\/v2\/posts\/43171\/revisions\/43173"}],"wp:featuredmedia":[{"embeddable":true,"href":"https:\/\/radiojehona.mk\/index.php?rest_route=\/wp\/v2\/media\/43172"}],"wp:attachment":[{"href":"https:\/\/radiojehona.mk\/index.php?rest_route=%2Fwp%2Fv2%2Fmedia&parent=43171"}],"wp:term":[{"taxonomy":"category","embeddable":true,"href":"https:\/\/radiojehona.mk\/index.php?rest_route=%2Fwp%2Fv2%2Fcategories&post=43171"},{"taxonomy":"post_tag","embeddable":true,"href":"https:\/\/radiojehona.mk\/index.php?rest_route=%2Fwp%2Fv2%2Ftags&post=43171"}],"curies":[{"name":"wp","href":"https:\/\/api.w.org\/{rel}","templated":true}]}}