{"id":43168,"date":"2025-09-03T18:17:54","date_gmt":"2025-09-03T18:17:54","guid":{"rendered":"https:\/\/radiojehona.com\/?p=43168"},"modified":"2025-09-03T18:17:54","modified_gmt":"2025-09-03T18:17:54","slug":"erkan-arifi-me-llojanin-ne-zemer-bashke-per-nje-likove-me-te-forte","status":"publish","type":"post","link":"https:\/\/radiojehona.mk\/?p=43168","title":{"rendered":"Erkan Arifi: Me Llojanin n\u00eb zem\u00ebr, bashk\u00eb p\u00ebr nj\u00eb Likov\u00eb m\u00eb t\u00eb fort\u00eb!"},"content":{"rendered":"\n<figure class=\"wp-block-image size-large\"><img fetchpriority=\"high\" decoding=\"async\" width=\"1024\" height=\"657\" src=\"https:\/\/radiojehona.com\/wp-content\/uploads\/2025\/09\/IMG_2453-1024x657.jpeg\" alt=\"\" class=\"wp-image-43169\" srcset=\"https:\/\/radiojehona.mk\/wp-content\/uploads\/2025\/09\/IMG_2453-1024x657.jpeg 1024w, https:\/\/radiojehona.mk\/wp-content\/uploads\/2025\/09\/IMG_2453-300x193.jpeg 300w, https:\/\/radiojehona.mk\/wp-content\/uploads\/2025\/09\/IMG_2453-768x493.jpeg 768w, https:\/\/radiojehona.mk\/wp-content\/uploads\/2025\/09\/IMG_2453.jpeg 1125w\" sizes=\"(max-width: 1024px) 100vw, 1024px\" \/><\/figure>\n\n\n\n<p>Kandidati i Aleanc\u00ebs p\u00ebr Komb\u00ebtare Integrim (AKI) p\u00ebr kryetar t\u00eb Komun\u00ebs s\u00eb Likov\u00ebs, Erkan Arifi, ka p\u00ebrcjell\u00eb nj\u00eb mesazh t\u00eb fuqish\u00ebm nga fshati Llojan, duke theksuar bashk\u00ebpunimin dhe unitetin si garanci p\u00ebr nj\u00eb t\u00eb ardhme m\u00eb t\u00eb mir\u00eb.<\/p>\n\n\n\n<p>\u201cBashk\u00eb, me Llojanin n\u00eb zem\u00ebr!\u201d \u2013 ka shkruar Arifi, duke shoq\u00ebruar postimin me mesazhin e qart\u00eb t\u00eb vizionit t\u00eb tij p\u00ebr zhvillimin e komun\u00ebs. Ai theksoi se AKI dhe bes\u00eblidhja jan\u00eb forca q\u00eb do t\u00eb garantojn\u00eb ndryshim real dhe p\u00ebrfaq\u00ebsim t\u00eb denj\u00eb p\u00ebr t\u00eb gjith\u00eb qytetar\u00ebt e Likov\u00ebs.<\/p>\n","protected":false},"excerpt":{"rendered":"<p>Kandidati i Aleanc&euml;s p&euml;r Komb&euml;tare Integrim (AKI) p&euml;r kryetar t&euml; Komun&euml;s s&euml; Likov&euml;s, Erkan Arifi, ka p&euml;rcjell&euml; nj&euml; mesazh t&euml; fuqish&euml;m nga fshati Llojan, duke theksuar bashk&euml;punimin dhe unitetin si garanci p&euml;r nj&euml; t&euml; ardhme m&euml; t&euml; mir&euml;. &ldquo;Bashk&euml;, me Llojanin n&euml; zem&euml;r!&rdquo; &ndash; ka shkruar Arifi, duke shoq&euml;ruar postimin me mesazhin e qart&euml; t&euml; [&hellip;]<\/p>\n","protected":false},"author":2,"featured_media":43169,"comment_status":"open","ping_status":"closed","sticky":false,"template":"","format":"standard","meta":{"_monsterinsights_skip_tracking":false,"_monsterinsights_sitenote_active":false,"_monsterinsights_sitenote_note":"","_monsterinsights_sitenote_category":0,"footnotes":""},"categories":[1],"tags":[],"class_list":["post-43168","post","type-post","status-publish","format-standard","has-post-thumbnail","hentry","category-vendi"],"_links":{"self":[{"href":"https:\/\/radiojehona.mk\/index.php?rest_route=\/wp\/v2\/posts\/43168","targetHints":{"allow":["GET"]}}],"collection":[{"href":"https:\/\/radiojehona.mk\/index.php?rest_route=\/wp\/v2\/posts"}],"about":[{"href":"https:\/\/radiojehona.mk\/index.php?rest_route=\/wp\/v2\/types\/post"}],"author":[{"embeddable":true,"href":"https:\/\/radiojehona.mk\/index.php?rest_route=\/wp\/v2\/users\/2"}],"replies":[{"embeddable":true,"href":"https:\/\/radiojehona.mk\/index.php?rest_route=%2Fwp%2Fv2%2Fcomments&post=43168"}],"version-history":[{"count":1,"href":"https:\/\/radiojehona.mk\/index.php?rest_route=\/wp\/v2\/posts\/43168\/revisions"}],"predecessor-version":[{"id":43170,"href":"https:\/\/radiojehona.mk\/index.php?rest_route=\/wp\/v2\/posts\/43168\/revisions\/43170"}],"wp:featuredmedia":[{"embeddable":true,"href":"https:\/\/radiojehona.mk\/index.php?rest_route=\/wp\/v2\/media\/43169"}],"wp:attachment":[{"href":"https:\/\/radiojehona.mk\/index.php?rest_route=%2Fwp%2Fv2%2Fmedia&parent=43168"}],"wp:term":[{"taxonomy":"category","embeddable":true,"href":"https:\/\/radiojehona.mk\/index.php?rest_route=%2Fwp%2Fv2%2Fcategories&post=43168"},{"taxonomy":"post_tag","embeddable":true,"href":"https:\/\/radiojehona.mk\/index.php?rest_route=%2Fwp%2Fv2%2Ftags&post=43168"}],"curies":[{"name":"wp","href":"https:\/\/api.w.org\/{rel}","templated":true}]}}