{"id":43166,"date":"2025-09-03T18:14:22","date_gmt":"2025-09-03T18:14:22","guid":{"rendered":"https:\/\/radiojehona.com\/?p=43166"},"modified":"2025-09-03T18:14:23","modified_gmt":"2025-09-03T18:14:23","slug":"dyshim-per-pergjime-te-paligjshme-ne-maqedonine-e-veriut-vmro-dpmne-kerkon-hetim","status":"publish","type":"post","link":"https:\/\/radiojehona.mk\/?p=43166","title":{"rendered":"Dyshim p\u00ebr p\u00ebrgjime t\u00eb paligjshme n\u00eb Maqedonin\u00eb e Veriut, VMRO-DPMNE k\u00ebrkon hetim"},"content":{"rendered":"\n<figure class=\"wp-block-image size-full\"><img fetchpriority=\"high\" decoding=\"async\" width=\"696\" height=\"405\" src=\"https:\/\/radiojehona.com\/wp-content\/uploads\/2025\/04\/SHKUPI-QENDER-696x405-1.jpg\" alt=\"\" class=\"wp-image-42244\" srcset=\"https:\/\/radiojehona.mk\/wp-content\/uploads\/2025\/04\/SHKUPI-QENDER-696x405-1.jpg 696w, https:\/\/radiojehona.mk\/wp-content\/uploads\/2025\/04\/SHKUPI-QENDER-696x405-1-300x175.jpg 300w\" sizes=\"(max-width: 696px) 100vw, 696px\" \/><\/figure>\n\n\n\n<p>Agjencia e Siguris\u00eb Komb\u00ebtare (ASK) n\u00eb RMV ka dor\u00ebzuar tre njoftime n\u00eb Prokurorin\u00eb Publike kund\u00ebr nj\u00eb ish-drejtori dhe nj\u00eb grupi t\u00eb pun\u00ebsuarish, t\u00eb cil\u00ebt dyshohen p\u00ebr ndjekje t\u00eb paligjshme t\u00eb kryeministrit aktual q\u00eb at\u00ebher\u00eb ka qen\u00eb lider i opozit\u00ebs, gazetar\u00ebve dhe disa biznesmen\u00ebve gjat\u00eb periudh\u00ebs 2019\u20132024.<\/p>\n\n\n\n<p>&#8211; Advertisement &#8211;<\/p>\n\n\n\n<p>\u201cNuk mund t\u00eb flas shum\u00eb se b\u00ebhet fjal\u00eb p\u00ebr sekret shtet\u00ebror. Por t\u00eb dy agjencit\u00eb, edhe Agjencia p\u00ebr Siguri Komb\u00ebtare dhe ajo p\u00ebr Kund\u00ebrzbulim, jan\u00eb marr\u00eb n\u00eb m\u00ebnyr\u00eb t\u00eb detajuar me liderin e at\u00ebhersh\u00ebm t\u00eb partis\u00eb m\u00eb t\u00eb madhe opozitare t\u00eb asaj kohe, pra me mua. Mes tjerash me gazetar\u00eb, biznesmen\u00eb, pra ta lejm\u00eb \u00e7far\u00eb do t\u00eb thot\u00eb prokuroria\u201d, tha Hristijan Mickoski, kryeminist\u00ebr i RMV.<\/p>\n\n\n\n<p>N\u00eb t\u00eb nj\u00ebjt\u00ebn periudh\u00eb, sipas ASK-s\u00eb, n\u00eb m\u00ebnyr\u00eb t\u00eb paligjshme jan\u00eb ndjekur edhe nj\u00eb prokuror publik dhe nj\u00eb ish-minist\u00ebr i qeveris\u00eb s\u00eb at\u00ebhershme.<\/p>\n\n\n\n<p>Hetimi i brendsh\u00ebm i agjencis\u00eb, i zhvilluar pas ndryshimit t\u00eb pushtetit dhe ardhjes n\u00eb krye t\u00eb drejtorit t\u00eb ri, Bojan Hristovski, ka zbuluar se ishin formuar dosje p\u00ebr operacione ndjekjeje me arsyetimin se k\u00ebta persona p\u00ebrb\u00ebnin k\u00ebrc\u00ebnim p\u00ebr rr\u00ebzimin e qeveris\u00eb.<\/p>\n\n\n\n<p>Po ashtu, hetimi ka treguar se jan\u00eb b\u00ebr\u00eb vonesa t\u00eb q\u00ebllimshme n\u00eb kontrollet e siguris\u00eb p\u00ebr individ\u00eb q\u00eb prisnin certifikata sigurie.<\/p>\n\n\n\n<p>Gjat\u00eb periudh\u00ebs s\u00eb kontestuar, n\u00eb krye t\u00eb ASK-s\u00eb kan\u00eb qen\u00eb Viktor Dimovski dhe Zare Miloshevski. Dimovski ka hedhur posht\u00eb akuzat dhe i ka b\u00ebr\u00eb thirrje drejtorit aktual t\u00eb Agjencis\u00eb s\u00eb Siguris\u00eb Komb\u00ebtare, Bojan Hristovskit, q\u00eb t\u00eb deklasifikoj\u00eb dokumentet rreth keqp\u00ebrdorimeve t\u00eb dyshuara, ve\u00e7an\u00ebrisht ato q\u00eb lidhen me Mickoskin.<\/p>\n\n\n\n<p>\u201cDeklaroj me p\u00ebrgjegj\u00ebsi se ai si lider i partis\u00eb s\u00eb at\u00ebhershme opozitare n\u00eb periudh\u00ebn nga viti 2019 \u2013 2022 nuk ishte subjekt i nj\u00eb interesi t\u00eb ve\u00e7ant\u00eb operativ t\u00eb Agjencis\u00eb , nuk ishte subjekt i pun\u00ebs s\u00eb organizuar operative dhe p\u00ebr k\u00ebt\u00eb arsye nuk ishte objektiv ndaj t\u00eb cilit u zbatuan \u00e7far\u00ebdo lloj masa operativo-teknike\u201d, u shpreh Viktor Dimovski, ish-drejtor i ASK-s\u00eb.<\/p>\n\n\n\n<p>P\u00ebr deklasifikimin e dokumenteve sekrete t\u00eb Agjencis\u00eb p\u00ebr Siguri Komb\u00ebtare ka b\u00ebr\u00eb thirrje edhe lideri i opozit\u00ebs maqedonase, Venko Filip\u00e7e, si dhe disa eksponent\u00eb t\u00eb partis\u00eb s\u00eb tij.\/euronews.al\/<\/p>\n\n\n\n<p><\/p>\n","protected":false},"excerpt":{"rendered":"<p>Agjencia e Siguris&euml; Komb&euml;tare (ASK) n&euml; RMV ka dor&euml;zuar tre njoftime n&euml; Prokurorin&euml; Publike kund&euml;r nj&euml; ish-drejtori dhe nj&euml; grupi t&euml; pun&euml;suarish, t&euml; cil&euml;t dyshohen p&euml;r ndjekje t&euml; paligjshme t&euml; kryeministrit aktual q&euml; at&euml;her&euml; ka qen&euml; lider i opozit&euml;s, gazetar&euml;ve dhe disa biznesmen&euml;ve gjat&euml; periudh&euml;s 2019&ndash;2024. &ndash; Advertisement &ndash; &ldquo;Nuk mund t&euml; flas shum&euml; se [&hellip;]<\/p>\n","protected":false},"author":2,"featured_media":42244,"comment_status":"open","ping_status":"closed","sticky":false,"template":"","format":"standard","meta":{"_monsterinsights_skip_tracking":false,"_monsterinsights_sitenote_active":false,"_monsterinsights_sitenote_note":"","_monsterinsights_sitenote_category":0,"footnotes":""},"categories":[1],"tags":[],"class_list":["post-43166","post","type-post","status-publish","format-standard","has-post-thumbnail","hentry","category-vendi"],"_links":{"self":[{"href":"https:\/\/radiojehona.mk\/index.php?rest_route=\/wp\/v2\/posts\/43166","targetHints":{"allow":["GET"]}}],"collection":[{"href":"https:\/\/radiojehona.mk\/index.php?rest_route=\/wp\/v2\/posts"}],"about":[{"href":"https:\/\/radiojehona.mk\/index.php?rest_route=\/wp\/v2\/types\/post"}],"author":[{"embeddable":true,"href":"https:\/\/radiojehona.mk\/index.php?rest_route=\/wp\/v2\/users\/2"}],"replies":[{"embeddable":true,"href":"https:\/\/radiojehona.mk\/index.php?rest_route=%2Fwp%2Fv2%2Fcomments&post=43166"}],"version-history":[{"count":1,"href":"https:\/\/radiojehona.mk\/index.php?rest_route=\/wp\/v2\/posts\/43166\/revisions"}],"predecessor-version":[{"id":43167,"href":"https:\/\/radiojehona.mk\/index.php?rest_route=\/wp\/v2\/posts\/43166\/revisions\/43167"}],"wp:featuredmedia":[{"embeddable":true,"href":"https:\/\/radiojehona.mk\/index.php?rest_route=\/wp\/v2\/media\/42244"}],"wp:attachment":[{"href":"https:\/\/radiojehona.mk\/index.php?rest_route=%2Fwp%2Fv2%2Fmedia&parent=43166"}],"wp:term":[{"taxonomy":"category","embeddable":true,"href":"https:\/\/radiojehona.mk\/index.php?rest_route=%2Fwp%2Fv2%2Fcategories&post=43166"},{"taxonomy":"post_tag","embeddable":true,"href":"https:\/\/radiojehona.mk\/index.php?rest_route=%2Fwp%2Fv2%2Ftags&post=43166"}],"curies":[{"name":"wp","href":"https:\/\/api.w.org\/{rel}","templated":true}]}}