{"id":43162,"date":"2025-09-03T18:11:21","date_gmt":"2025-09-03T18:11:21","guid":{"rendered":"https:\/\/radiojehona.com\/?p=43162"},"modified":"2025-09-03T18:11:22","modified_gmt":"2025-09-03T18:11:22","slug":"prof-dr-sadudin-ibraimi-inaugurohet-per-rektor-te-uejl-se","status":"publish","type":"post","link":"https:\/\/radiojehona.mk\/?p=43162","title":{"rendered":"Prof. dr. Sadudin Ibraimi inaugurohet p\u00ebr rektor t\u00eb UEJL-s\u00eb"},"content":{"rendered":"\n<figure class=\"wp-block-image size-large\"><img fetchpriority=\"high\" decoding=\"async\" width=\"1024\" height=\"872\" src=\"https:\/\/radiojehona.com\/wp-content\/uploads\/2025\/09\/IMG_2452-1024x872.jpeg\" alt=\"\" class=\"wp-image-43163\" srcset=\"https:\/\/radiojehona.mk\/wp-content\/uploads\/2025\/09\/IMG_2452-1024x872.jpeg 1024w, https:\/\/radiojehona.mk\/wp-content\/uploads\/2025\/09\/IMG_2452-300x255.jpeg 300w, https:\/\/radiojehona.mk\/wp-content\/uploads\/2025\/09\/IMG_2452-768x654.jpeg 768w, https:\/\/radiojehona.mk\/wp-content\/uploads\/2025\/09\/IMG_2452.jpeg 1125w\" sizes=\"(max-width: 1024px) 100vw, 1024px\" \/><\/figure>\n\n\n\n<p>Universiteti i Evrop\u00ebs Juglindore (UEJL) nga Tetova informojn\u00eb se sot n\u00eb nj\u00eb ceremoni solemne \u00ebsht\u00eb kryer inaugurimi i rektorit t\u00eb ri prof. dr. Sadudin Ibraimi.&nbsp;<\/p>\n\n\n\n<p>N\u00eb fjal\u00ebn e tij p\u00ebrsh\u00ebndet\u00ebse, kryetari i Bordit t\u00eb UEJL-s\u00eb, prof. dr. Klaus Toterman, theksoi se zgjedhja e prof.dr. Sadudin Ibraimit si rektor i ri \u00ebsht\u00eb nj\u00eb moment i r\u00ebnd\u00ebsish\u00ebm n\u00eb zhvillimin e institucionit dhe shprehje e besimit t\u00eb Bordit dhe komunitetit akademik n\u00eb aft\u00ebsit\u00eb e tij drejtuese.<\/p>\n\n\n\n<p>Pas dor\u00ebzimit t\u00eb mandatit, rektori i m\u00ebparsh\u00ebm, akad. prof. dr. Abdylmenaf Bexheti, deklaroi se \u201csot \u00ebsht\u00eb dita e bartjes s\u00eb stafet\u00ebs\u201d dhe shprehu bindjen se rektori i ri do ta \u00e7oj\u00eb universitetin drejt kapitujve edhe m\u00eb t\u00eb ndritur.<\/p>\n\n\n\n<p>\u201cProfesori Ibraimi e ka d\u00ebshmuar kapacitetin e tij gjat\u00eb gjith\u00eb koh\u00ebs dhe se do ta dinamizoj\u00eb m\u00eb tej zhvillimin e universitetit, duke pasur p\u00ebrkrahjen e stafit dhe t\u00eb gjith\u00eb komunitetit universitar\u201d, theksoi Bexheti.&nbsp;<\/p>\n\n\n\n<p>N\u00eb fjalimin e tij, rektori i ri, prof. dr. Sadudin Ibraimi, theksoi se k\u00ebt\u00eb p\u00ebrgjegj\u00ebsi e merr me mir\u00ebnjohje t\u00eb thell\u00eb ndaj paraardh\u00ebsve dhe me vizion t\u00eb qart\u00eb p\u00ebr nd\u00ebrtimin e m\u00ebtejsh\u00ebm mbi baz\u00ebn e krijuar. Ai u zotua se universiteti do t\u00eb vazhdoj\u00eb me zhvillim t\u00eb menduar dhe ambicioz, duke zgjeruar ndikimin e tij n\u00eb arsimin e lart\u00eb n\u00eb vend dhe rajon.<\/p>\n\n\n\n<p>\u201cLe ta nd\u00ebrtojm\u00eb s\u00eb bashku nj\u00eb universitet pa kufij, q\u00eb promovon diversitetin, barazin\u00eb, p\u00ebrgjegj\u00ebsin\u00eb dhe sh\u00ebrbimin ndaj shoq\u00ebris\u00eb; nj\u00eb universitet q\u00eb zhvillon jo vet\u00ebm dijen, por edhe t\u00eb qenit njeri\u201d, theksoi ai.<\/p>\n\n\n\n<p>Z\u00ebvend\u00ebsministri i Arsimit dhe Shkenc\u00ebs, Lulzim Aliu theksoi se Ministria e Arsimit do t\u00eb vazhdoj\u00eb t\u00eb mb\u00ebshtes\u00eb k\u00ebt\u00eb universitet.<\/p>\n\n\n\n<p>\u201cJemi t\u00eb bindur se me p\u00ebrvoj\u00ebn, profesionalizmin dhe p\u00ebrkushtimin tuaj, do t\u00eb udh\u00ebhiqni me sukses universitetin drejt sfidave t\u00eb reja duke i dh\u00ebn\u00eb prioritet inovacionit, digjitalizimit dhe p\u00ebrfshirjes s\u00eb student\u00ebve n\u00eb procesin vendimmarr\u00ebs. Ministria e Arsimit dhe Shkenc\u00ebs do t\u00eb vazhdoj\u00eb t\u00eb jet\u00eb partner i af\u00ebrt i universitetit tuaj dhe universiteteve tjera n\u00eb vend\u201d, theksoi Aliu.&nbsp;<\/p>\n\n\n\n<p>N\u00eb promovim mor\u00ebn pjes\u00eb p\u00ebrfaq\u00ebsues t\u00eb trupit diplomatik, rektor\u00eb t\u00eb universiteteve nga vendi, Shqip\u00ebria dhe nga Kosova, personalitete nga jeta shoq\u00ebrore dhe ajo biznesore, an\u00ebtar\u00eb t\u00eb familjes, stafi akademik dhe student\u00ebt e Universitetit t\u00eb Evrop\u00ebs Juglindore.<\/p>\n","protected":false},"excerpt":{"rendered":"<p>Universiteti i Evrop&euml;s Juglindore (UEJL) nga Tetova informojn&euml; se sot n&euml; nj&euml; ceremoni solemne &euml;sht&euml; kryer inaugurimi i rektorit t&euml; ri prof. dr. Sadudin Ibraimi.&nbsp; N&euml; fjal&euml;n e tij p&euml;rsh&euml;ndet&euml;se, kryetari i Bordit t&euml; UEJL-s&euml;, prof. dr. Klaus Toterman, theksoi se zgjedhja e prof.dr. Sadudin Ibraimit si rektor i ri &euml;sht&euml; nj&euml; moment i r&euml;nd&euml;sish&euml;m [&hellip;]<\/p>\n","protected":false},"author":2,"featured_media":43163,"comment_status":"open","ping_status":"closed","sticky":false,"template":"","format":"standard","meta":{"_monsterinsights_skip_tracking":false,"_monsterinsights_sitenote_active":false,"_monsterinsights_sitenote_note":"","_monsterinsights_sitenote_category":0,"footnotes":""},"categories":[1],"tags":[],"class_list":["post-43162","post","type-post","status-publish","format-standard","has-post-thumbnail","hentry","category-vendi"],"_links":{"self":[{"href":"https:\/\/radiojehona.mk\/index.php?rest_route=\/wp\/v2\/posts\/43162","targetHints":{"allow":["GET"]}}],"collection":[{"href":"https:\/\/radiojehona.mk\/index.php?rest_route=\/wp\/v2\/posts"}],"about":[{"href":"https:\/\/radiojehona.mk\/index.php?rest_route=\/wp\/v2\/types\/post"}],"author":[{"embeddable":true,"href":"https:\/\/radiojehona.mk\/index.php?rest_route=\/wp\/v2\/users\/2"}],"replies":[{"embeddable":true,"href":"https:\/\/radiojehona.mk\/index.php?rest_route=%2Fwp%2Fv2%2Fcomments&post=43162"}],"version-history":[{"count":1,"href":"https:\/\/radiojehona.mk\/index.php?rest_route=\/wp\/v2\/posts\/43162\/revisions"}],"predecessor-version":[{"id":43164,"href":"https:\/\/radiojehona.mk\/index.php?rest_route=\/wp\/v2\/posts\/43162\/revisions\/43164"}],"wp:featuredmedia":[{"embeddable":true,"href":"https:\/\/radiojehona.mk\/index.php?rest_route=\/wp\/v2\/media\/43163"}],"wp:attachment":[{"href":"https:\/\/radiojehona.mk\/index.php?rest_route=%2Fwp%2Fv2%2Fmedia&parent=43162"}],"wp:term":[{"taxonomy":"category","embeddable":true,"href":"https:\/\/radiojehona.mk\/index.php?rest_route=%2Fwp%2Fv2%2Fcategories&post=43162"},{"taxonomy":"post_tag","embeddable":true,"href":"https:\/\/radiojehona.mk\/index.php?rest_route=%2Fwp%2Fv2%2Ftags&post=43162"}],"curies":[{"name":"wp","href":"https:\/\/api.w.org\/{rel}","templated":true}]}}