{"id":43159,"date":"2025-09-03T18:09:37","date_gmt":"2025-09-03T18:09:37","guid":{"rendered":"https:\/\/radiojehona.com\/?p=43159"},"modified":"2025-09-03T18:09:38","modified_gmt":"2025-09-03T18:09:38","slug":"fetai-denoj-ashper-tentimin-per-frikesimin-e-gazetarit-naser-selmani","status":"publish","type":"post","link":"https:\/\/radiojehona.mk\/?p=43159","title":{"rendered":"Fetai: Denoj ashp\u00ebr tentimin p\u00ebr frik\u00ebsimin e gazetarit Naser Selmani"},"content":{"rendered":"\n<figure class=\"wp-block-image size-large\"><img fetchpriority=\"high\" decoding=\"async\" width=\"998\" height=\"1024\" src=\"https:\/\/radiojehona.com\/wp-content\/uploads\/2025\/09\/IMG_2451-998x1024.jpeg\" alt=\"\" class=\"wp-image-43160\" srcset=\"https:\/\/radiojehona.mk\/wp-content\/uploads\/2025\/09\/IMG_2451-998x1024.jpeg 998w, https:\/\/radiojehona.mk\/wp-content\/uploads\/2025\/09\/IMG_2451-292x300.jpeg 292w, https:\/\/radiojehona.mk\/wp-content\/uploads\/2025\/09\/IMG_2451-768x788.jpeg 768w, https:\/\/radiojehona.mk\/wp-content\/uploads\/2025\/09\/IMG_2451.jpeg 1125w\" sizes=\"(max-width: 998px) 100vw, 998px\" \/><\/figure>\n\n\n\n<p>Shkruan: Arben Fetai<\/p>\n\n\n\n<p>E d\u00ebnoj ashp\u00ebr tentimin p\u00ebr frik\u00ebsim t\u00eb gazetarit Naser Selmani, t\u00eb raportuar nga vet\u00eb ai n\u00ebp\u00ebrmjet rrjeteve sociale.<\/p>\n\n\n\n<p>P\u00ebr ne, liria e shprehjes dhe liria e mediave jan\u00eb t\u00eb shenjta dhe do t\u2019i mbrojm\u00eb me p\u00ebrkushtim, edhe kur nuk pajtohemi.<\/p>\n\n\n\n<p>U b\u00ebj thirrje organeve kompetente ta zbardhin rastin sa m\u00eb shpejt q\u00eb \u00ebsht\u00eb e mundur.<\/p>\n","protected":false},"excerpt":{"rendered":"<p>Shkruan: Arben Fetai E d&euml;noj ashp&euml;r tentimin p&euml;r frik&euml;sim t&euml; gazetarit Naser Selmani, t&euml; raportuar nga vet&euml; ai n&euml;p&euml;rmjet rrjeteve sociale. P&euml;r ne, liria e shprehjes dhe liria e mediave jan&euml; t&euml; shenjta dhe do t&rsquo;i mbrojm&euml; me p&euml;rkushtim, edhe kur nuk pajtohemi. U b&euml;j thirrje organeve kompetente ta zbardhin rastin sa m&euml; shpejt q&euml; [&hellip;]<\/p>\n","protected":false},"author":2,"featured_media":43160,"comment_status":"open","ping_status":"closed","sticky":false,"template":"","format":"standard","meta":{"_monsterinsights_skip_tracking":false,"_monsterinsights_sitenote_active":false,"_monsterinsights_sitenote_note":"","_monsterinsights_sitenote_category":0,"footnotes":""},"categories":[1],"tags":[],"class_list":["post-43159","post","type-post","status-publish","format-standard","has-post-thumbnail","hentry","category-vendi"],"_links":{"self":[{"href":"https:\/\/radiojehona.mk\/index.php?rest_route=\/wp\/v2\/posts\/43159","targetHints":{"allow":["GET"]}}],"collection":[{"href":"https:\/\/radiojehona.mk\/index.php?rest_route=\/wp\/v2\/posts"}],"about":[{"href":"https:\/\/radiojehona.mk\/index.php?rest_route=\/wp\/v2\/types\/post"}],"author":[{"embeddable":true,"href":"https:\/\/radiojehona.mk\/index.php?rest_route=\/wp\/v2\/users\/2"}],"replies":[{"embeddable":true,"href":"https:\/\/radiojehona.mk\/index.php?rest_route=%2Fwp%2Fv2%2Fcomments&post=43159"}],"version-history":[{"count":1,"href":"https:\/\/radiojehona.mk\/index.php?rest_route=\/wp\/v2\/posts\/43159\/revisions"}],"predecessor-version":[{"id":43161,"href":"https:\/\/radiojehona.mk\/index.php?rest_route=\/wp\/v2\/posts\/43159\/revisions\/43161"}],"wp:featuredmedia":[{"embeddable":true,"href":"https:\/\/radiojehona.mk\/index.php?rest_route=\/wp\/v2\/media\/43160"}],"wp:attachment":[{"href":"https:\/\/radiojehona.mk\/index.php?rest_route=%2Fwp%2Fv2%2Fmedia&parent=43159"}],"wp:term":[{"taxonomy":"category","embeddable":true,"href":"https:\/\/radiojehona.mk\/index.php?rest_route=%2Fwp%2Fv2%2Fcategories&post=43159"},{"taxonomy":"post_tag","embeddable":true,"href":"https:\/\/radiojehona.mk\/index.php?rest_route=%2Fwp%2Fv2%2Ftags&post=43159"}],"curies":[{"name":"wp","href":"https:\/\/api.w.org\/{rel}","templated":true}]}}