{"id":43156,"date":"2025-09-03T18:08:03","date_gmt":"2025-09-03T18:08:03","guid":{"rendered":"https:\/\/radiojehona.com\/?p=43156"},"modified":"2025-09-03T18:08:04","modified_gmt":"2025-09-03T18:08:04","slug":"spasovski-themelimi-i-shkolles-se-mesme-policore-eshte-teresisht-i-jashteligjshem","status":"publish","type":"post","link":"https:\/\/radiojehona.mk\/?p=43156","title":{"rendered":"Spasovski: Themelimi i shkoll\u00ebs s\u00eb mesme policore \u00ebsht\u00eb t\u00ebr\u00ebsisht i jasht\u00ebligjsh\u00ebm"},"content":{"rendered":"\n<figure class=\"wp-block-image size-large\"><img fetchpriority=\"high\" decoding=\"async\" width=\"1024\" height=\"832\" src=\"https:\/\/radiojehona.com\/wp-content\/uploads\/2025\/09\/IMG_2450-1024x832.jpeg\" alt=\"\" class=\"wp-image-43157\" srcset=\"https:\/\/radiojehona.mk\/wp-content\/uploads\/2025\/09\/IMG_2450-1024x832.jpeg 1024w, https:\/\/radiojehona.mk\/wp-content\/uploads\/2025\/09\/IMG_2450-300x244.jpeg 300w, https:\/\/radiojehona.mk\/wp-content\/uploads\/2025\/09\/IMG_2450-768x624.jpeg 768w, https:\/\/radiojehona.mk\/wp-content\/uploads\/2025\/09\/IMG_2450.jpeg 1125w\" sizes=\"(max-width: 1024px) 100vw, 1024px\" \/><\/figure>\n\n\n\n<p>Ka p\u00ebrfunduar n\u00eb kuvend debati mbi propozimin e Ligjit p\u00ebr shkoll\u00ebn e mesme policore.<\/p>\n\n\n\n<p>N\u00ebnkryetarja e Kuvendit, Vesna Bendevska kumtoi se ky ligj sillet me shumic\u00eb votash nga deputet\u00ebt e pranish\u00ebm, me \u00e7\u2019rast duhet t\u00eb ket\u00eb shumic\u00eb votash nga deputet\u00ebt e pranish\u00ebm q\u00eb i takojn\u00eb bashk\u00ebsive q\u00eb nuk jan\u00eb shumic\u00eb.<\/p>\n\n\n\n<p>Oliver Spasovski, koordinues nga grupi i deputet\u00ebve t\u00eb LSDM-s\u00eb theksoi se kjo zgjidhje ligjore \u00ebsht\u00eb antikushtetuese, t\u00ebr\u00ebsisht \u00ebsht\u00eb jasht\u00eb Ligjit p\u00ebr arsim t\u00eb mes\u00ebm, n\u00eb kurar\u00eb korelacioni me k\u00ebto norma ligjore dhe n\u00eb at\u00eb m\u00ebnyr\u00eb, si\u00e7 tha, del jasht\u00eb suazave t\u00eb procesit arsimor n\u00eb Maqedoni.<\/p>\n\n\n\n<p>Kujtojm\u00eb se dit\u00eb m\u00eb par\u00eb ministri i Pun\u00ebve t\u00eb Brendshme Pan\u00e7e Toshkovski, ka njoftuar se nga shtatori i vitit 2026 do t\u00eb kthehet Shkolla e mesme e policis\u00eb .<\/p>\n\n\n\n<p>Toshkovski njoftoi pun\u00ebsim t\u00eb garantuar p\u00ebr t\u00eb gjith\u00eb ata q\u00eb do t\u00eb diplomohen nga shkolla e mesme e policis\u00eb.<\/p>\n","protected":false},"excerpt":{"rendered":"<p>Ka p&euml;rfunduar n&euml; kuvend debati mbi propozimin e Ligjit p&euml;r shkoll&euml;n e mesme policore. N&euml;nkryetarja e Kuvendit, Vesna Bendevska kumtoi se ky ligj sillet me shumic&euml; votash nga deputet&euml;t e pranish&euml;m, me &ccedil;&rsquo;rast duhet t&euml; ket&euml; shumic&euml; votash nga deputet&euml;t e pranish&euml;m q&euml; i takojn&euml; bashk&euml;sive q&euml; nuk jan&euml; shumic&euml;. Oliver Spasovski, koordinues nga grupi [&hellip;]<\/p>\n","protected":false},"author":2,"featured_media":43157,"comment_status":"open","ping_status":"closed","sticky":false,"template":"","format":"standard","meta":{"_monsterinsights_skip_tracking":false,"_monsterinsights_sitenote_active":false,"_monsterinsights_sitenote_note":"","_monsterinsights_sitenote_category":0,"footnotes":""},"categories":[1],"tags":[],"class_list":["post-43156","post","type-post","status-publish","format-standard","has-post-thumbnail","hentry","category-vendi"],"_links":{"self":[{"href":"https:\/\/radiojehona.mk\/index.php?rest_route=\/wp\/v2\/posts\/43156","targetHints":{"allow":["GET"]}}],"collection":[{"href":"https:\/\/radiojehona.mk\/index.php?rest_route=\/wp\/v2\/posts"}],"about":[{"href":"https:\/\/radiojehona.mk\/index.php?rest_route=\/wp\/v2\/types\/post"}],"author":[{"embeddable":true,"href":"https:\/\/radiojehona.mk\/index.php?rest_route=\/wp\/v2\/users\/2"}],"replies":[{"embeddable":true,"href":"https:\/\/radiojehona.mk\/index.php?rest_route=%2Fwp%2Fv2%2Fcomments&post=43156"}],"version-history":[{"count":1,"href":"https:\/\/radiojehona.mk\/index.php?rest_route=\/wp\/v2\/posts\/43156\/revisions"}],"predecessor-version":[{"id":43158,"href":"https:\/\/radiojehona.mk\/index.php?rest_route=\/wp\/v2\/posts\/43156\/revisions\/43158"}],"wp:featuredmedia":[{"embeddable":true,"href":"https:\/\/radiojehona.mk\/index.php?rest_route=\/wp\/v2\/media\/43157"}],"wp:attachment":[{"href":"https:\/\/radiojehona.mk\/index.php?rest_route=%2Fwp%2Fv2%2Fmedia&parent=43156"}],"wp:term":[{"taxonomy":"category","embeddable":true,"href":"https:\/\/radiojehona.mk\/index.php?rest_route=%2Fwp%2Fv2%2Fcategories&post=43156"},{"taxonomy":"post_tag","embeddable":true,"href":"https:\/\/radiojehona.mk\/index.php?rest_route=%2Fwp%2Fv2%2Ftags&post=43156"}],"curies":[{"name":"wp","href":"https:\/\/api.w.org\/{rel}","templated":true}]}}