{"id":43153,"date":"2025-09-03T18:06:03","date_gmt":"2025-09-03T18:06:03","guid":{"rendered":"https:\/\/radiojehona.com\/?p=43153"},"modified":"2025-09-03T18:06:04","modified_gmt":"2025-09-03T18:06:04","slug":"pese-linja-te-reja-ajrore-nga-maqedonia","status":"publish","type":"post","link":"https:\/\/radiojehona.mk\/?p=43153","title":{"rendered":"Pes\u00eb linja t\u00eb reja ajrore nga Maqedonia!"},"content":{"rendered":"\n<figure class=\"wp-block-image size-large\"><img fetchpriority=\"high\" decoding=\"async\" width=\"1024\" height=\"596\" src=\"https:\/\/radiojehona.com\/wp-content\/uploads\/2025\/09\/IMG_2449-1024x596.jpeg\" alt=\"\" class=\"wp-image-43154\" srcset=\"https:\/\/radiojehona.mk\/wp-content\/uploads\/2025\/09\/IMG_2449-1024x596.jpeg 1024w, https:\/\/radiojehona.mk\/wp-content\/uploads\/2025\/09\/IMG_2449-300x175.jpeg 300w, https:\/\/radiojehona.mk\/wp-content\/uploads\/2025\/09\/IMG_2449-768x447.jpeg 768w, https:\/\/radiojehona.mk\/wp-content\/uploads\/2025\/09\/IMG_2449.jpeg 1125w\" sizes=\"(max-width: 1024px) 100vw, 1024px\" \/><\/figure>\n\n\n\n<p>Me subvencione nga shteti po nisin edhe pes\u00eb linja t\u00eb reja ajrore. N\u00eb Aeroportin e Shkupit, nga 6 prilli i vitit t\u00eb ardhsh\u00ebm, do t\u00eb ket\u00eb fluturime nga Napoli dhe Budapesti, nd\u00ebrsa n\u00eb Aeroportin e Ohrit nga 28 qershori do t\u00eb ket\u00eb fluturime nga Katovica, Vroclavi dhe Milano \u2013 njoftoi z\u00ebvend\u00ebskryeministri dhe ministri i Transportit, Aleksandar Nikolloski, s\u00eb bashku me Jozsef Varadin, drejtorin ekzekutiv t\u00eb kompanis\u00eb \u201cWizz Air\u201d.<\/p>\n\n\n\n<p>Nikolloski b\u00ebri t\u00eb ditur se \u201cWizz Air\u201d nga viti i ardhsh\u00ebm n\u00eb Aeroportin e Shkupit do t\u00eb ket\u00eb flot\u00eb t\u00eb p\u00ebrhershme me gjasht\u00eb aeroplan\u00eb dhe do t\u00eb z\u00ebvend\u00ebsoj\u00eb avion\u00ebt ekzistues \u201cAirbus A320\u201d me \u201cAirbus A321neo\u201d.<\/p>\n\n\n\n<p>Numri i 200 t\u00eb pun\u00ebsuarve nga Maqedonia n\u00eb k\u00ebt\u00eb kompani ajrore planifikohet t\u00eb rritet edhe p\u00ebr 100 t\u00eb tjer\u00eb. Sipas Nikolloskit, kompania do t\u00eb rris\u00eb kapacitetin e pasagjer\u00ebve p\u00ebr rreth 50 p\u00ebr qind nga viti i ardhsh\u00ebm dhe do t\u00eb ofroj\u00eb 3.300.000 ul\u00ebse p\u00ebr Maqedonin\u00eb.<\/p>\n\n\n\n<p>\u201c\u00c7ka do t\u00eb thot\u00eb nj\u00eb rritje prej rreth 50 p\u00ebr qind t\u00eb kapacitetit q\u00eb nga viti i ardhsh\u00ebm dhe \u2018Wizz Air\u2019 do t\u00eb ofroj\u00eb 3.300.000 ul\u00ebse p\u00ebr Maqedonin\u00eb, gj\u00eb q\u00eb mund ta imagjinoni se \u00e7far\u00eb do t\u00eb thot\u00eb p\u00ebr turizmin dhe p\u00ebr ekonomin\u00eb n\u00eb p\u00ebrgjith\u00ebsi n\u00eb Maqedoni. Dhe nj\u00eb lajm i tret\u00eb i mir\u00eb, p\u00ebr momentin 200 persona nga Maqedonia punojn\u00eb n\u00eb \u2018Wizz Air\u2019 dhe k\u00ebt\u00eb num\u00ebr n\u00eb t\u00eb ardhmen planifikojm\u00eb ta rrisim edhe p\u00ebr 100 t\u00eb tjer\u00eb\u201d, tha Nikollovski.<\/p>\n\n\n\n<p>\u201cK\u00ebtu, n\u00eb Maqedoni, jemi n\u00eb sht\u00ebpi. Ne jemi linja juaj ajrore komb\u00ebtare. Duam t\u00eb jemi m\u00eb t\u00eb lokalizuar, t\u00eb b\u00ebhemi pjes\u00eb m\u00eb e madhe e shoq\u00ebris\u00eb, t\u00eb kemi m\u00eb shum\u00eb pilot\u00eb, inxhinier\u00eb, mekanik\u00eb dhe staf fluturues nga Maqedonia\u201d, tha Jozef Varadi, drejtor ekzekutiv i \u201cWizz Air\u201d.<\/p>\n","protected":false},"excerpt":{"rendered":"<p>Me subvencione nga shteti po nisin edhe pes&euml; linja t&euml; reja ajrore. N&euml; Aeroportin e Shkupit, nga 6 prilli i vitit t&euml; ardhsh&euml;m, do t&euml; ket&euml; fluturime nga Napoli dhe Budapesti, nd&euml;rsa n&euml; Aeroportin e Ohrit nga 28 qershori do t&euml; ket&euml; fluturime nga Katovica, Vroclavi dhe Milano &ndash; njoftoi z&euml;vend&euml;skryeministri dhe ministri i Transportit, [&hellip;]<\/p>\n","protected":false},"author":2,"featured_media":43154,"comment_status":"open","ping_status":"closed","sticky":false,"template":"","format":"standard","meta":{"_monsterinsights_skip_tracking":false,"_monsterinsights_sitenote_active":false,"_monsterinsights_sitenote_note":"","_monsterinsights_sitenote_category":0,"footnotes":""},"categories":[1],"tags":[],"class_list":["post-43153","post","type-post","status-publish","format-standard","has-post-thumbnail","hentry","category-vendi"],"_links":{"self":[{"href":"https:\/\/radiojehona.mk\/index.php?rest_route=\/wp\/v2\/posts\/43153","targetHints":{"allow":["GET"]}}],"collection":[{"href":"https:\/\/radiojehona.mk\/index.php?rest_route=\/wp\/v2\/posts"}],"about":[{"href":"https:\/\/radiojehona.mk\/index.php?rest_route=\/wp\/v2\/types\/post"}],"author":[{"embeddable":true,"href":"https:\/\/radiojehona.mk\/index.php?rest_route=\/wp\/v2\/users\/2"}],"replies":[{"embeddable":true,"href":"https:\/\/radiojehona.mk\/index.php?rest_route=%2Fwp%2Fv2%2Fcomments&post=43153"}],"version-history":[{"count":1,"href":"https:\/\/radiojehona.mk\/index.php?rest_route=\/wp\/v2\/posts\/43153\/revisions"}],"predecessor-version":[{"id":43155,"href":"https:\/\/radiojehona.mk\/index.php?rest_route=\/wp\/v2\/posts\/43153\/revisions\/43155"}],"wp:featuredmedia":[{"embeddable":true,"href":"https:\/\/radiojehona.mk\/index.php?rest_route=\/wp\/v2\/media\/43154"}],"wp:attachment":[{"href":"https:\/\/radiojehona.mk\/index.php?rest_route=%2Fwp%2Fv2%2Fmedia&parent=43153"}],"wp:term":[{"taxonomy":"category","embeddable":true,"href":"https:\/\/radiojehona.mk\/index.php?rest_route=%2Fwp%2Fv2%2Fcategories&post=43153"},{"taxonomy":"post_tag","embeddable":true,"href":"https:\/\/radiojehona.mk\/index.php?rest_route=%2Fwp%2Fv2%2Ftags&post=43153"}],"curies":[{"name":"wp","href":"https:\/\/api.w.org\/{rel}","templated":true}]}}