{"id":43150,"date":"2025-09-02T18:19:17","date_gmt":"2025-09-02T18:19:17","guid":{"rendered":"https:\/\/radiojehona.com\/?p=43150"},"modified":"2025-09-02T18:19:17","modified_gmt":"2025-09-02T18:19:17","slug":"parashqevi-simaku-mbush-59-vjec-mesazh-emocional-te-birit-te-dua-pafund-luke","status":"publish","type":"post","link":"https:\/\/radiojehona.mk\/?p=43150","title":{"rendered":"Parashqevi Simaku mbush 59 vje\u00e7, mesazh emocional t\u00eb birit: T\u00eb dua pafund, Luke!"},"content":{"rendered":"\n<figure class=\"wp-block-image size-full\"><img fetchpriority=\"high\" decoding=\"async\" width=\"696\" height=\"392\" src=\"https:\/\/radiojehona.com\/wp-content\/uploads\/2025\/09\/parashqevisimakuu-780x439-1-696x392-1.jpg\" alt=\"\" class=\"wp-image-43151\" srcset=\"https:\/\/radiojehona.mk\/wp-content\/uploads\/2025\/09\/parashqevisimakuu-780x439-1-696x392-1.jpg 696w, https:\/\/radiojehona.mk\/wp-content\/uploads\/2025\/09\/parashqevisimakuu-780x439-1-696x392-1-300x169.jpg 300w\" sizes=\"(max-width: 696px) 100vw, 696px\" \/><\/figure>\n\n\n\n<p>Ikona e muzik\u00ebs shqiptare, Parashqevi Simaku, ka mbushur sot, 1 shtator, 59 vje\u00e7. N\u00eb k\u00ebt\u00eb dit\u00eb t\u00eb ve\u00e7ant\u00eb p\u00ebr t\u00eb, ajo ndan nj\u00eb mesazh t\u00eb thell\u00eb dhe emocional p\u00ebr t\u00eb birin.<\/p>\n\n\n\n<figure class=\"wp-block-image\"><img decoding=\"async\" src=\"https:\/\/ads.tetovasot.com\/www\/delivery\/lg.php?bannerid=0&amp;campaignid=0&amp;zoneid=276&amp;loc=https%3A%2F%2Ftetovasot.com%2F2025%2F09%2Fparashqevi-simaku-mbush-59-vjec-mesazh-emocional-te-birit-te-dua-pafund-luke%2F&amp;referer=https%3A%2F%2Ffax.al%2F&amp;cb=10bacf2d5c\" alt=\"\"\/><\/figure>\n\n\n\n<p>\u201cSot, n\u00eb dit\u00eblindjen time t\u00eb 59-t\u00eb, zemra ime \u00ebsht\u00eb e mbushur me mall p\u00ebr ty. \u00c7do n\u00ebn\u00eb, kur zgjohet n\u00eb m\u00ebngjesin e dit\u00eblindjes s\u00eb saj, \u00ebnd\u00ebrron q\u00eb f\u00ebmija ta p\u00ebrqafoj\u00eb dhe t\u2019i thot\u00eb: G\u00ebzuar dit\u00eblindjen, n\u00ebna ime! Sa shum\u00eb do t\u00eb doja ta d\u00ebgjoja k\u00ebt\u00eb nga ti\u2026 Por e di q\u00eb ti as nuk e di kur \u00ebsht\u00eb dit\u00eblindja ime, dhe kjo m\u00eb dhemb thell\u00eb. Megjithat\u00eb, zemra ime rreh gjithmon\u00eb me ty, ashtu si at\u00ebher\u00eb kur ishe n\u00eb barkun tim, edhe sot, n\u00eb \u00e7do frym\u00eb t\u00eb jet\u00ebs sime. Edhe pse jemi larg, ti je gjithmon\u00eb pjes\u00eb e imja, drita dhe shpresa ime. T\u00eb dua pafund, Luke!\u201d, shkruan artistja n\u00eb Facebook-un e saj.Kujtojm\u00eb se p\u00ebr nj\u00eb koh\u00eb t\u00eb gjat\u00eb, k\u00ebng\u00ebtarja ishte zhdukur nga syt\u00eb e publikut shqiptar, p\u00ebr t\u2019u rikthyer vitin e shkuar n\u00eb nj\u00eb form\u00eb q\u00eb askujt s\u2019ja kishte marr\u00eb mendja.<\/p>\n\n\n\n<p>Simaku u pa n\u00eb kronik\u00ebn e televizionit amerikan \u201cABC 7\u201d duke marr\u00eb ndihma vullnetare. Video, q\u00eb u pasua me reagimin e mij\u00ebra shqiptar\u00ebve dhe q\u00eb u kthye padyshim n\u00eb kryefjal\u00eb t\u00eb mediave.Parashqevi Simaku u largua nga Shqip\u00ebria menj\u00ebher\u00eb pas rr\u00ebzimit t\u00eb komunizmit me \u00ebndrr\u00ebn e madhe p\u00ebr t\u00eb prekur Hollywood-in.<\/p>\n","protected":false},"excerpt":{"rendered":"<p>Ikona e muzik&euml;s shqiptare, Parashqevi Simaku, ka mbushur sot, 1 shtator, 59 vje&ccedil;. N&euml; k&euml;t&euml; dit&euml; t&euml; ve&ccedil;ant&euml; p&euml;r t&euml;, ajo ndan nj&euml; mesazh t&euml; thell&euml; dhe emocional p&euml;r t&euml; birin. &ldquo;Sot, n&euml; dit&euml;lindjen time t&euml; 59-t&euml;, zemra ime &euml;sht&euml; e mbushur me mall p&euml;r ty. &Ccedil;do n&euml;n&euml;, kur zgjohet n&euml; m&euml;ngjesin e dit&euml;lindjes s&euml; [&hellip;]<\/p>\n","protected":false},"author":2,"featured_media":43151,"comment_status":"open","ping_status":"closed","sticky":false,"template":"","format":"standard","meta":{"_monsterinsights_skip_tracking":false,"_monsterinsights_sitenote_active":false,"_monsterinsights_sitenote_note":"","_monsterinsights_sitenote_category":0,"footnotes":""},"categories":[7],"tags":[],"class_list":["post-43150","post","type-post","status-publish","format-standard","has-post-thumbnail","hentry","category-showbizz"],"_links":{"self":[{"href":"https:\/\/radiojehona.mk\/index.php?rest_route=\/wp\/v2\/posts\/43150","targetHints":{"allow":["GET"]}}],"collection":[{"href":"https:\/\/radiojehona.mk\/index.php?rest_route=\/wp\/v2\/posts"}],"about":[{"href":"https:\/\/radiojehona.mk\/index.php?rest_route=\/wp\/v2\/types\/post"}],"author":[{"embeddable":true,"href":"https:\/\/radiojehona.mk\/index.php?rest_route=\/wp\/v2\/users\/2"}],"replies":[{"embeddable":true,"href":"https:\/\/radiojehona.mk\/index.php?rest_route=%2Fwp%2Fv2%2Fcomments&post=43150"}],"version-history":[{"count":1,"href":"https:\/\/radiojehona.mk\/index.php?rest_route=\/wp\/v2\/posts\/43150\/revisions"}],"predecessor-version":[{"id":43152,"href":"https:\/\/radiojehona.mk\/index.php?rest_route=\/wp\/v2\/posts\/43150\/revisions\/43152"}],"wp:featuredmedia":[{"embeddable":true,"href":"https:\/\/radiojehona.mk\/index.php?rest_route=\/wp\/v2\/media\/43151"}],"wp:attachment":[{"href":"https:\/\/radiojehona.mk\/index.php?rest_route=%2Fwp%2Fv2%2Fmedia&parent=43150"}],"wp:term":[{"taxonomy":"category","embeddable":true,"href":"https:\/\/radiojehona.mk\/index.php?rest_route=%2Fwp%2Fv2%2Fcategories&post=43150"},{"taxonomy":"post_tag","embeddable":true,"href":"https:\/\/radiojehona.mk\/index.php?rest_route=%2Fwp%2Fv2%2Ftags&post=43150"}],"curies":[{"name":"wp","href":"https:\/\/api.w.org\/{rel}","templated":true}]}}