{"id":43147,"date":"2025-09-02T18:17:59","date_gmt":"2025-09-02T18:17:59","guid":{"rendered":"https:\/\/radiojehona.com\/?p=43147"},"modified":"2025-09-02T18:18:00","modified_gmt":"2025-09-02T18:18:00","slug":"dhjete-vjet-nga-vdekja-e-vogelushit-sirian-imazhi-qe-tronditi-boten","status":"publish","type":"post","link":"https:\/\/radiojehona.mk\/?p=43147","title":{"rendered":"Dhjet\u00eb vjet nga vdekja e vog\u00eblushit sirian, imazhi q\u00eb tronditi bot\u00ebn"},"content":{"rendered":"\n<figure class=\"wp-block-image size-full\"><img fetchpriority=\"high\" decoding=\"async\" width=\"750\" height=\"422\" src=\"https:\/\/radiojehona.com\/wp-content\/uploads\/2025\/09\/65834b51a2681_sd-750x422-1.jpg\" alt=\"\" class=\"wp-image-43148\" srcset=\"https:\/\/radiojehona.mk\/wp-content\/uploads\/2025\/09\/65834b51a2681_sd-750x422-1.jpg 750w, https:\/\/radiojehona.mk\/wp-content\/uploads\/2025\/09\/65834b51a2681_sd-750x422-1-300x169.jpg 300w\" sizes=\"(max-width: 750px) 100vw, 750px\" \/><\/figure>\n\n\n\n<p>Ishte 2 shtatori 2015, kur trupi i Alan Kurdit, i veshur me nj\u00eb bluz\u00eb t\u00eb kuqe dhe pantallona t\u00eb shkurtra blu, u gjet n\u00eb bregdetin e Bodrumit. Djali trevje\u00e7ar kurd&nbsp;sirian, me origjin\u00eb nga Kobani, ishte nisur me familjen e tij gjat\u00eb nat\u00ebs n\u00eb nj\u00eb gomone t\u00eb mbipopulluar me destinacion ishullin grek t\u00eb Kosit. Ashtu si t\u00eb gjith\u00eb pasagjer\u00ebt e tjer\u00eb, ai mbante veshur nj\u00eb jelek shp\u00ebtimi t\u00eb rrem\u00eb, pavar\u00ebsisht se babai i tij kishte paguar m\u00eb shum\u00eb se 5,000 dollar\u00eb p\u00ebr udh\u00ebtimin e shkurt\u00ebr.<\/p>\n\n\n\n<p>Trupi i Alanit dhe nj\u00eb f\u00ebmije tjet\u00ebr u zbuluan n\u00eb agim nga nj\u00eb barist q\u00eb punonte n\u00eb nj\u00eb hotel buz\u00eb detit. Mehmet \u00c7\u0131plak, oficeri i par\u00eb i policis\u00eb q\u00eb mb\u00ebrriti n\u00eb vendngjarje, e p\u00ebrshkroi k\u00ebt\u00eb gj\u00eb si di\u00e7ka q\u00eb e kishte \u201cshkat\u00ebrruar at\u00eb deri n\u00eb palc\u00eb\u201d. Ai tha se, duke par\u00eb f\u00ebmij\u00ebn me fytyr\u00eb posht\u00eb, \u201cshpresonte q\u00eb f\u00ebmija t\u00eb ishte gjall\u00eb\u201d, por pasi e ktheu konfirmoi vdekjen e tij.<\/p>\n\n\n\n<p>Nj\u00eb imazh shum\u00eb m\u00eb i fuqish\u00ebm se ai pothuajse delikat i b\u00ebr\u00eb nga fotografja Nil\u00fcfer Demir, i cili e tregonte Alanin sikur flinte dhe q\u00eb megjithat\u00eb u b\u00eb simbol i d\u00ebshtimit t\u00eb politikave evropiane t\u00eb migracionit.<\/p>\n\n\n\n<p>Nj\u00ebsoj si at\u00ebher\u00eb, sapo ishim kthyer nga pushimet n\u00eb t\u00eb nj\u00ebjtat plazhe ku \u00ebndrra e nj\u00eb familjeje t\u00eb t\u00ebr\u00eb p\u00ebr siguri ishte shkat\u00ebrruar. N\u00eb at\u00eb koh\u00eb, lufta n\u00eb Siri dhe sulmet e ISIS-it po detyronin mij\u00ebra prind\u00ebr t\u2019i t\u00ebrhiqnin f\u00ebmij\u00ebt e tyre n\u00eb gomone dhe varka p\u00ebr t\u2019i shp\u00ebtuar. Mij\u00ebra vdiq\u00ebn duke u p\u00ebrpjekur t\u00eb arrinin n\u00eb Evrop\u00eb. Por mij\u00ebra ia dol\u00ebn mban\u00eb, duke gjetur streh\u00eb t\u00eb sigurta n\u00eb Gjermani, Danimark\u00eb dhe Suedi ku mund t\u00eb fillonin nga e para.<\/p>\n\n\n\n<p>Ky nuk ishte rasti p\u00ebr familjen Kurdi, e cila kishte tentuar pa sukses t\u00eb fitonte azil politik n\u00eb Kanada. Historia e tyre b\u00ebri buj\u00eb n\u00eb t\u00eb gjith\u00eb bot\u00ebn. Gjat\u00eb mesazhit t\u00eb zakonsh\u00ebm t\u00eb Krishtlindjeve, Channel 4, n\u00eb vend q\u00eb t\u00eb transmetonte p\u00ebrsh\u00ebndetjen e Mbret\u00ebresh\u00ebs Elizabeth, thirri Abdullah Kurdin, babain mbijetues, si fol\u00ebs.<\/p>\n\n\n\n<p>Ai tha: \u201cN\u00ebse nj\u00eb person ia p\u00ebrplas der\u00ebn n\u00eb fytyr\u00eb nj\u00eb tjetri, kjo \u00ebsht\u00eb v\u00ebrtet e v\u00ebshtir\u00eb. Por kur nj\u00eb der\u00eb \u00ebsht\u00eb e hapur, ata nuk ndihen m\u00eb t\u00eb posht\u00ebruar. N\u00eb k\u00ebt\u00eb koh\u00eb t\u00eb vitit, do t\u2019ju k\u00ebrkoja t\u00eb gjith\u00ebve t\u00eb mendoni p\u00ebr dhimbjen e atyre baballar\u00ebve, n\u00ebnave dhe f\u00ebmij\u00ebve q\u00eb k\u00ebrkojn\u00eb paqe dhe siguri. Ne k\u00ebrkojm\u00eb vet\u00ebm pak mir\u00ebkuptim. Shpresoj q\u00eb vitin tjet\u00ebr lufta n\u00eb Siri t\u00eb p\u00ebrfundoj\u00eb dhe q\u00eb paqja t\u00eb mbret\u00ebroj\u00eb n\u00eb bot\u00eb.\u201d<\/p>\n\n\n\n<p>Sot, dhjet\u00eb vjet m\u00eb von\u00eb, jo vet\u00ebm q\u00eb paqja nuk mbret\u00ebron n\u00eb bot\u00eb, por i nj\u00ebjti det \u00ebsht\u00eb shnd\u00ebrruar n\u00eb nj\u00eb varr q\u00eb, p\u00ebrve\u00e7se mban mij\u00ebra trupa q\u00eb nuk u kthyen kurr\u00eb n\u00eb tok\u00eb, \u00ebsht\u00eb b\u00ebr\u00eb nj\u00eb kurth p\u00ebr 2 milion\u00eb banor\u00ebt e Gaz\u00ebs q\u00eb nuk mund t\u00eb largohen nga Rripi. Dhe kjo sepse n\u00eb dhjet\u00eb vjet, jo vet\u00ebm q\u00eb nuk kemi qen\u00eb n\u00eb gjendje t\u00eb gjejm\u00eb nj\u00eb sistem q\u00eb u lejon refugjat\u00ebve t\u00eb kalojn\u00eb kufijt\u00eb ligj\u00ebrisht pa rrezikuar jet\u00ebn e tyre, por gjithashtu kemi lejuar q\u00eb dy luft\u00ebra t\u00eb reja, ajo n\u00eb Lindjen e Mesme dhe ajo n\u00eb Ukrain\u00eb, t\u00eb sakrifikojn\u00eb mij\u00ebra e mij\u00ebra banor\u00eb t\u00eb tjer\u00eb t\u00eb Gaz\u00ebs \u00e7do dit\u00eb.<\/p>\n\n\n\n<p>\u201cAta q\u00eb ikin nga sht\u00ebpit\u00eb e tyre pothuajse kurr\u00eb nuk kan\u00eb zgjidhje tjet\u00ebr\u201d, shpjegoi Tima Kurdi, tezja e Alanit, p\u00ebr Corriere della Sera dhjet\u00eb vjet m\u00eb par\u00eb.<\/p>\n\n\n\n<p>Ajo nuk e kishte takuar kurr\u00eb nipin e saj, por jeta e saj u p\u00ebrmby po aq shum\u00eb nga ajo anije e mbytur n\u00eb bregdetin turk. As banor\u00ebt e Gaz\u00ebs, t\u00eb bllokuar, t\u00eb shtypur dhe t\u00eb mbajtur peng si nga Hamasi ashtu edhe nga ushtria izraelite q\u00eb i l\u00eb t\u00eb uritur dhe i vret, nuk kan\u00eb zgjidhje tjet\u00ebr. Ashtu si prind\u00ebrit ukrainas, t\u00eb detyruar t\u00eb fshihen me f\u00ebmij\u00ebt e tyre n\u00eb bunker\u00eb p\u00ebr t\u2019i shp\u00ebtuar bastisjeve ruse, nuk kan\u00eb zgjidhje tjet\u00ebr.<\/p>\n\n\n\n<p>Mesdheu \u00ebsht\u00eb nj\u00eb det mizor, i thell\u00eb, i pangopur p\u00ebr jet\u00eb. Gjat\u00eb dhjet\u00eb viteve t\u00eb fundit, 28,000 viktima jan\u00eb regjistruar n\u00eb anije t\u00eb mbytura p\u00ebrgjat\u00eb rrug\u00ebve t\u00eb ndryshme t\u00eb migrimit, sipas Organizat\u00ebs Nd\u00ebrkomb\u00ebtare p\u00ebr Migracionin (IOM). Nj\u00eb pjes\u00eb e konsiderueshme e tyre jan\u00eb f\u00ebmij\u00eb, me af\u00ebrsisht 3,500 t\u00eb mitur q\u00eb kan\u00eb vdekur gjat\u00eb kalimit. \u00cbsht\u00eb sikur nj\u00eb vend i t\u00ebr\u00eb alan\u00ebsh me bluza t\u00eb kuqe dhe pantallona t\u00eb shkurtra t\u00eb kuqe u zhduk papritmas. Pothuajse nj\u00eb n\u00eb dit\u00eb p\u00ebr 10 vjet.<\/p>\n\n\n\n<p>\u201c\u2018Kurr\u00eb m\u00eb\u2019, e d\u00ebgjuam n\u00eb vitin 2015; e kam d\u00ebgjuar pafund\u00ebsisht. Dhe \u00e7far\u00eb ka ndryshuar? Sa shpirtra t\u00eb pafajsh\u00ebm jan\u00eb humbur n\u00eb det q\u00eb at\u00ebher\u00eb?\u201d Si u ndjet\u00eb kur pat\u00eb at\u00eb imazh t\u00eb nipit tim? \u00c7far\u00eb that\u00eb, \u00e7far\u00eb b\u00ebt\u00eb? Kur d\u00ebgjova p\u00ebr mbytjen e nipit tim, rash\u00eb p\u00ebrtok\u00eb duke qar\u00eb dhe duke b\u00ebrtitur me gjith\u00eb forc\u00ebn q\u00eb munda sepse doja q\u00eb bota t\u00eb m\u00eb d\u00ebgjonte! Pse ata? Pse tani? Dhe kush do t\u00eb jet\u00eb i radh\u00ebs?\u201d pyeti p\u00ebrs\u00ebri tezja e Alanit vitin e kaluar n\u00eb Dit\u00ebn Bot\u00ebrore t\u00eb Refugjat\u00ebve.<\/p>\n\n\n\n<p>P\u00ebr t\u00eb provuar t\u00eb korrigjoj\u00eb fundin e misionit Mare Nostrum, shoq\u00ebria civile evropiane ka krijuar vitet e fundit nj\u00eb flot\u00eb anijesh t\u00eb OJQ-ve p\u00ebr t\u00eb shp\u00ebtuar disa nga ata mij\u00ebra alan\u00eb. T\u00eb kund\u00ebrshtuara nga qeverit\u00eb, shpesh t\u00eb akuzuara si mjete politike, k\u00ebto anije \u2013 nj\u00ebra prej t\u00eb cilave iu dedikua dhe u em\u00ebrua sipas Alanit \u2013 kan\u00eb lundruar n\u00eb det, madje edhe mes stuhive dhe rreziqeve.<\/p>\n\n\n\n<p>Kjo ndodh sepse Mesdheu \u00ebsht\u00eb nj\u00eb det q\u00eb mund t\u00eb jet\u00eb bujar, por edhe mizor: nj\u00eb shembull i k\u00ebsaj \u00ebsht\u00eb mobilizimi nd\u00ebrkomb\u00ebtar p\u00ebr Flotiljen Sumud, e cila aktualisht po niset nga porte t\u00eb ndryshme me destinacion Gaz\u00ebn. Gjenova, Tunizia, Si\u00e7ilia, Spanja, Greqia: sikur disi, pas dhjet\u00eb vitesh, t\u00eb pakt\u00ebn pjes\u00ebrisht, nj\u00eb shenj\u00eb shprese po mb\u00ebrrin nga bregu, nj\u00eb mesazh n\u00eb nj\u00eb shishe p\u00ebr t\u00eb th\u00ebn\u00eb se nuk \u00ebsht\u00eb m\u00eb e pranueshme q\u00eb t\u00eb gjith\u00eb kurd\u00ebt alan\u00eb t\u00eb bot\u00ebs dhe detit ton\u00eb t\u00eb vdesin nga mbytja ose uria.\/<a href=\"https:\/\/www.corriere.it\/esteri\/25_settembre_02\/dieci-anni-dalla-morte-di-alan-kurdi-perche-non-e-servito-dire-mai-piu-42562c95-d48d-4f8f-b3e1-bdd707f43xlk.shtml?refresh_ce\"><strong><em>Corriere della Sera<\/em><\/strong><\/a><\/p>\n","protected":false},"excerpt":{"rendered":"<p>Ishte 2 shtatori 2015, kur trupi i Alan Kurdit, i veshur me nj&euml; bluz&euml; t&euml; kuqe dhe pantallona t&euml; shkurtra blu, u gjet n&euml; bregdetin e Bodrumit. Djali trevje&ccedil;ar kurd&nbsp;sirian, me origjin&euml; nga Kobani, ishte nisur me familjen e tij gjat&euml; nat&euml;s n&euml; nj&euml; gomone t&euml; mbipopulluar me destinacion ishullin grek t&euml; Kosit. Ashtu si [&hellip;]<\/p>\n","protected":false},"author":2,"featured_media":43148,"comment_status":"open","ping_status":"closed","sticky":false,"template":"","format":"standard","meta":{"_monsterinsights_skip_tracking":false,"_monsterinsights_sitenote_active":false,"_monsterinsights_sitenote_note":"","_monsterinsights_sitenote_category":0,"footnotes":""},"categories":[569],"tags":[],"class_list":["post-43147","post","type-post","status-publish","format-standard","has-post-thumbnail","hentry","category-bota"],"_links":{"self":[{"href":"https:\/\/radiojehona.mk\/index.php?rest_route=\/wp\/v2\/posts\/43147","targetHints":{"allow":["GET"]}}],"collection":[{"href":"https:\/\/radiojehona.mk\/index.php?rest_route=\/wp\/v2\/posts"}],"about":[{"href":"https:\/\/radiojehona.mk\/index.php?rest_route=\/wp\/v2\/types\/post"}],"author":[{"embeddable":true,"href":"https:\/\/radiojehona.mk\/index.php?rest_route=\/wp\/v2\/users\/2"}],"replies":[{"embeddable":true,"href":"https:\/\/radiojehona.mk\/index.php?rest_route=%2Fwp%2Fv2%2Fcomments&post=43147"}],"version-history":[{"count":1,"href":"https:\/\/radiojehona.mk\/index.php?rest_route=\/wp\/v2\/posts\/43147\/revisions"}],"predecessor-version":[{"id":43149,"href":"https:\/\/radiojehona.mk\/index.php?rest_route=\/wp\/v2\/posts\/43147\/revisions\/43149"}],"wp:featuredmedia":[{"embeddable":true,"href":"https:\/\/radiojehona.mk\/index.php?rest_route=\/wp\/v2\/media\/43148"}],"wp:attachment":[{"href":"https:\/\/radiojehona.mk\/index.php?rest_route=%2Fwp%2Fv2%2Fmedia&parent=43147"}],"wp:term":[{"taxonomy":"category","embeddable":true,"href":"https:\/\/radiojehona.mk\/index.php?rest_route=%2Fwp%2Fv2%2Fcategories&post=43147"},{"taxonomy":"post_tag","embeddable":true,"href":"https:\/\/radiojehona.mk\/index.php?rest_route=%2Fwp%2Fv2%2Ftags&post=43147"}],"curies":[{"name":"wp","href":"https:\/\/api.w.org\/{rel}","templated":true}]}}