{"id":43144,"date":"2025-09-02T18:16:40","date_gmt":"2025-09-02T18:16:40","guid":{"rendered":"https:\/\/radiojehona.com\/?p=43144"},"modified":"2025-09-02T18:16:41","modified_gmt":"2025-09-02T18:16:41","slug":"grupet-kriminale-nga-ballkani-po-e-zgjerojne-rolin-e-afrikes-perendimore-ne-tregtine-e-kokaines-thote-nje-raport","status":"publish","type":"post","link":"https:\/\/radiojehona.mk\/?p=43144","title":{"rendered":"Grupet kriminale nga Ballkani po e zgjerojn\u00eb rolin e Afrik\u00ebs Per\u00ebndimore n\u00eb tregtin\u00eb e kokain\u00ebs, thot\u00eb nj\u00eb raport"},"content":{"rendered":"\n<figure class=\"wp-block-image size-full\"><img fetchpriority=\"high\" decoding=\"async\" width=\"600\" height=\"360\" src=\"https:\/\/radiojehona.com\/wp-content\/uploads\/2025\/09\/oo-600x360-1.jpg\" alt=\"\" class=\"wp-image-43145\" srcset=\"https:\/\/radiojehona.mk\/wp-content\/uploads\/2025\/09\/oo-600x360-1.jpg 600w, https:\/\/radiojehona.mk\/wp-content\/uploads\/2025\/09\/oo-600x360-1-300x180.jpg 300w\" sizes=\"(max-width: 600px) 100vw, 600px\" \/><\/figure>\n\n\n\n<p>Grupet kriminale nga Ballkani Per\u00ebndimor, t\u00eb cilat jan\u00eb nd\u00ebr trafikan\u00ebt kryesor\u00eb t\u00eb kokain\u00ebs n\u00eb Evrop\u00eb, po konsolidojn\u00eb pranin\u00eb e tyre n\u00eb Afrik\u00ebn Per\u00ebndimore, duke e shnd\u00ebrruar rajonin n\u00eb nj\u00eb hallk\u00eb gjithnj\u00eb e m\u00eb t\u00eb r\u00ebnd\u00ebsishme t\u00eb itinerarit t\u00eb kontraband\u00ebs nga Amerika Latine drejt Bashkimit Evropian, thuhet n\u00eb nj\u00eb raport t\u00eb ri.<\/p>\n\n\n\n<p>K\u00ebrkesa n\u00eb rritje p\u00ebr kokain\u00eb n\u00eb Evrop\u00eb, s\u00eb bashku me shtimin e kontrolleve n\u00eb rrug\u00ebt direkte nga Amerika Latine dhe zgjerimi i konsideruesh\u00ebm i porteve detare n\u00eb Afrik\u00ebn Per\u00ebndimore, ka shtyr\u00eb kontrabandist\u00ebt prej disa vitesh t\u00eb rrisin trafikun p\u00ebrmes Senegalit, Sierra Leones, Gambias, Guinea-Bisaut dhe Kepit t\u00eb Gjelb\u00ebr.<\/p>\n\n\n\n<p>Por, ndikimi i rrjeteve shqiptare dhe atyre sllavishtfol\u00ebse n\u00eb rajon deri m\u00eb tani \u00ebsht\u00eb kuptuar pak.<\/p>\n\n\n\n<p>Hulumtuesit e Iniciativ\u00ebs Globale kund\u00ebr Krimit t\u00eb Organizuar Transnacional (GI-TOC), n\u00eb raportin e publikuar t\u00eb mart\u00ebn, than\u00eb se k\u00ebto grupe jan\u00eb rritur duksh\u00ebm n\u00eb r\u00ebnd\u00ebsi globale dhe tashm\u00eb jan\u00eb mes rrjeteve m\u00eb t\u00eb m\u00ebdha kriminale n\u00eb tregtin\u00eb e kokain\u00ebs n\u00eb Evrop\u00eb.<\/p>\n\n\n\n<p>Ato kan\u00eb shfryt\u00ebzuar aleancat n\u00eb rajon me grupe kriminale holandeze dhe sidomos me organizat\u00ebn braziliane Primeiro Comando da Capital (PCC), p\u00ebr t\u00eb thelluar kontrollin mbi zinxhirin e furnizimit.<\/p>\n\n\n\n<p>\u201cAleanca mes grupeve nga Ballkani Per\u00ebndimor dhe PCC-s\u00eb \u00ebsht\u00eb ndoshta partneriteti m\u00eb i r\u00ebnd\u00ebsish\u00ebm aktualisht p\u00ebr futjen e kokain\u00ebs n\u00eb Evrop\u00eb\u201d, tha Sasha Gjirgjeviq, nj\u00eb nga autor\u00ebt dhe analist i lart\u00eb n\u00eb GI-TOC.<\/p>\n\n\n\n<p>Raporti, pjes\u00ebrisht i mb\u00ebshtetur nga qeveria britanike, thekson se nevojitet m\u00eb shum\u00eb bashk\u00ebpunim nd\u00ebrkontinental mes agjencive t\u00eb rendit, autoriteteve portuale dhe aktor\u00ebve t\u00eb tjer\u00eb p\u00ebr t\u00eb luftuar k\u00ebto rrug\u00eb gjithnj\u00eb e m\u00eb t\u00eb zgjeruara t\u00eb drog\u00ebs.<\/p>\n\n\n\n<p>Ai b\u00ebn thirrje, gjithashtu, p\u00ebr mbledhje m\u00eb t\u00eb gjer\u00eb t\u00eb t\u00eb dh\u00ebnave dhe sh\u00ebnjestrim m\u00eb t\u00eb men\u00e7ur t\u00eb nd\u00ebrmjet\u00ebsve n\u00eb k\u00ebt\u00eb tregti.<\/p>\n\n\n\n<p>\u201cK\u00ebto grupe jan\u00eb nd\u00ebr m\u00eb t\u00eb sofistikuarat n\u00eb bot\u00eb \u2013 nuk jan\u00eb lojtar\u00eb periferik\u00eb\u201d, tha Lucia Bird Ruiz-Benitez de Lugo, drejtoresh\u00eb e Observatorit t\u00eb Ekonomive t\u00eb Paligjshme n\u00eb Afrik\u00ebn Per\u00ebndimore pran\u00eb GI-TOC.<\/p>\n\n\n\n<p>\u201cK\u00ebta aktor\u00eb t\u00eb m\u00ebdhenj global\u00eb lidhen me dhun\u00eb n\u00eb Evrop\u00eb, dhe nd\u00ebrsa gjithnj\u00eb e m\u00eb shum\u00eb rrjete kriminale tep\u00ebr t\u00eb sofistikuara e t\u00eb dhunshme dep\u00ebrtojn\u00eb n\u00eb Afrik\u00ebn Per\u00ebndimore, kjo paraqet rrezik serioz p\u00ebr stabilitetin dhe sigurin\u00eb\u201d.\/REL\/<\/p>\n","protected":false},"excerpt":{"rendered":"<p>Grupet kriminale nga Ballkani Per&euml;ndimor, t&euml; cilat jan&euml; nd&euml;r trafikan&euml;t kryesor&euml; t&euml; kokain&euml;s n&euml; Evrop&euml;, po konsolidojn&euml; pranin&euml; e tyre n&euml; Afrik&euml;n Per&euml;ndimore, duke e shnd&euml;rruar rajonin n&euml; nj&euml; hallk&euml; gjithnj&euml; e m&euml; t&euml; r&euml;nd&euml;sishme t&euml; itinerarit t&euml; kontraband&euml;s nga Amerika Latine drejt Bashkimit Evropian, thuhet n&euml; nj&euml; raport t&euml; ri. K&euml;rkesa n&euml; rritje p&euml;r [&hellip;]<\/p>\n","protected":false},"author":2,"featured_media":43145,"comment_status":"open","ping_status":"closed","sticky":false,"template":"","format":"standard","meta":{"_monsterinsights_skip_tracking":false,"_monsterinsights_sitenote_active":false,"_monsterinsights_sitenote_note":"","_monsterinsights_sitenote_category":0,"footnotes":""},"categories":[569],"tags":[],"class_list":["post-43144","post","type-post","status-publish","format-standard","has-post-thumbnail","hentry","category-bota"],"_links":{"self":[{"href":"https:\/\/radiojehona.mk\/index.php?rest_route=\/wp\/v2\/posts\/43144","targetHints":{"allow":["GET"]}}],"collection":[{"href":"https:\/\/radiojehona.mk\/index.php?rest_route=\/wp\/v2\/posts"}],"about":[{"href":"https:\/\/radiojehona.mk\/index.php?rest_route=\/wp\/v2\/types\/post"}],"author":[{"embeddable":true,"href":"https:\/\/radiojehona.mk\/index.php?rest_route=\/wp\/v2\/users\/2"}],"replies":[{"embeddable":true,"href":"https:\/\/radiojehona.mk\/index.php?rest_route=%2Fwp%2Fv2%2Fcomments&post=43144"}],"version-history":[{"count":1,"href":"https:\/\/radiojehona.mk\/index.php?rest_route=\/wp\/v2\/posts\/43144\/revisions"}],"predecessor-version":[{"id":43146,"href":"https:\/\/radiojehona.mk\/index.php?rest_route=\/wp\/v2\/posts\/43144\/revisions\/43146"}],"wp:featuredmedia":[{"embeddable":true,"href":"https:\/\/radiojehona.mk\/index.php?rest_route=\/wp\/v2\/media\/43145"}],"wp:attachment":[{"href":"https:\/\/radiojehona.mk\/index.php?rest_route=%2Fwp%2Fv2%2Fmedia&parent=43144"}],"wp:term":[{"taxonomy":"category","embeddable":true,"href":"https:\/\/radiojehona.mk\/index.php?rest_route=%2Fwp%2Fv2%2Fcategories&post=43144"},{"taxonomy":"post_tag","embeddable":true,"href":"https:\/\/radiojehona.mk\/index.php?rest_route=%2Fwp%2Fv2%2Ftags&post=43144"}],"curies":[{"name":"wp","href":"https:\/\/api.w.org\/{rel}","templated":true}]}}