{"id":43141,"date":"2025-09-02T18:15:34","date_gmt":"2025-09-02T18:15:34","guid":{"rendered":"https:\/\/radiojehona.com\/?p=43141"},"modified":"2025-09-02T18:15:35","modified_gmt":"2025-09-02T18:15:35","slug":"pse-dimri-do-te-jete-kritik-per-negociatat-e-paqes-ne-ukraine-rusia-duket-se-ka-nje-strategji-te-qarte","status":"publish","type":"post","link":"https:\/\/radiojehona.mk\/?p=43141","title":{"rendered":"Pse dimri do t\u00eb jet\u00eb kritik p\u00ebr negociatat e paqes n\u00eb Ukrain\u00eb, Rusia duket se ka nj\u00eb strategji t\u00eb qart\u00eb"},"content":{"rendered":"\n<figure class=\"wp-block-image size-full\"><img fetchpriority=\"high\" decoding=\"async\" width=\"876\" height=\"548\" src=\"https:\/\/radiojehona.com\/wp-content\/uploads\/2025\/09\/ukraine.jpg\" alt=\"\" class=\"wp-image-43142\" srcset=\"https:\/\/radiojehona.mk\/wp-content\/uploads\/2025\/09\/ukraine.jpg 876w, https:\/\/radiojehona.mk\/wp-content\/uploads\/2025\/09\/ukraine-300x188.jpg 300w, https:\/\/radiojehona.mk\/wp-content\/uploads\/2025\/09\/ukraine-768x480.jpg 768w\" sizes=\"(max-width: 876px) 100vw, 876px\" \/><\/figure>\n\n\n\n<p>Vet\u00ebm dy jav\u00eb m\u00eb par\u00eb, pas samiteve me Presidentin e Rusis\u00eb, Vladimir Putin, n\u00eb Alaska, dhe udh\u00ebheq\u00ebsit e Ukrain\u00ebs dhe aleat\u00ebve evropian\u00eb n\u00eb Sht\u00ebpin\u00eb e Bardh\u00eb, kishte shpres\u00eb p\u00ebr nj\u00eb proces diplomatik t\u00eb rigjall\u00ebruar mbi Ukrain\u00ebn.<\/p>\n\n\n\n<p>Kjo shpres\u00eb tani \u00ebsht\u00eb zbehur s\u00eb bashku me dritat n\u00eb t\u00eb gjith\u00eb Ukrain\u00ebn, pasi Putini nisi nj\u00eb nga sulmet m\u00eb t\u00eb m\u00ebdha t\u00eb luft\u00ebs kund\u00ebr infrastruktur\u00ebs civile t\u00eb Ukrain\u00ebs, me nj\u00eb fokus t\u00eb ve\u00e7ant\u00eb n\u00eb energjin\u00eb elektrike t\u00eb nevojshme gjat\u00eb muajve t\u00eb dimrit.Donald Trump shpresonte q\u00eb pas samiteve t\u00eb tij, n\u00eb nj\u00eb takim midis Putinit dhe presidentit ukrainas Volodymyr Zelensky, t\u00eb ndiqte edhe nj\u00eb takim. Putin duket se ka ide t\u00eb tjera: t\u00eb thyej\u00eb vullnetin e Ukrain\u00ebs gjat\u00eb sezonit t\u00eb ftoht\u00eb t\u00eb dimrit q\u00eb po afrohet me shpejt\u00ebsi. \u00cbsht\u00eb nj\u00eb strategji e pap\u00ebrpunuar q\u00eb synon t\u2019u paraqes\u00eb ukrainasve nj\u00eb zgjedhje t\u00eb ashp\u00ebr: t\u00eb pranoni k\u00ebrkesat e mia ose t\u00eb rrezikoni t\u00eb ngrini deri n\u00eb vdekje n\u00eb sht\u00ebpit\u00eb tuaja.<\/p>\n\n\n\n<p>Putini e ka provuar k\u00ebt\u00eb m\u00eb par\u00eb, gjat\u00eb dy dimrave t\u00eb fundit, dhe ka d\u00ebshtuar pjes\u00ebrisht p\u00ebr shkak t\u00eb nj\u00eb p\u00ebrpjekjeje globale t\u00eb udh\u00ebhequr nga Shtetet e Bashkuara p\u00ebr t\u00eb mb\u00ebshtetur q\u00ebndrueshm\u00ebrin\u00eb e Ukrain\u00ebs gjat\u00eb sezonit t\u00eb ngrohjes. Por, nd\u00ebrsa ky dim\u00ebr afrohet, ka pik\u00ebpyetje n\u00ebse Shtetet e Bashkuara do ta b\u00ebjn\u00eb k\u00ebt\u00eb p\u00ebrs\u00ebri.<\/p>\n\n\n\n<figure class=\"wp-block-image\"><img decoding=\"async\" src=\"https:\/\/ads.balkanweb.com\/www\/delivery\/lg.php?bannerid=0&amp;campaignid=0&amp;zoneid=629&amp;loc=https%3A%2F%2Fwww.balkanweb.com%2Fpse-dimri-do-te-jete-kritik-per-negociatat-e-paqes-ne-ukraine-rusia-duket-se-ka-nje-strategji-te-qarte%2F&amp;referer=https%3A%2F%2Ffax.al%2F&amp;cb=808bf1f70b\" alt=\"\"\/><\/figure>\n\n\n\n<p>Nj\u00eb histori pak e njohur e luft\u00ebs ukrainase deri m\u00eb sot \u00ebsht\u00eb p\u00ebrpjekja e udh\u00ebhequr nga Shtetet e Bashkuara p\u00ebr t\u00eb p\u00ebrgatitur Ukrain\u00ebn p\u00ebr sulmin e Rusis\u00eb duke lidhur rrjetin e saj energjitik me at\u00eb t\u00eb Evrop\u00ebs dhe duke nd\u00ebrprer\u00eb var\u00ebsin\u00eb e Kievit nga Rusia \u2013 t\u00eb gjitha nd\u00ebrkoh\u00eb q\u00eb i furnizonin Ukrain\u00ebs me burime energjie para \u00e7do dimri.<\/p>\n","protected":false},"excerpt":{"rendered":"<p>Vet&euml;m dy jav&euml; m&euml; par&euml;, pas samiteve me Presidentin e Rusis&euml;, Vladimir Putin, n&euml; Alaska, dhe udh&euml;heq&euml;sit e Ukrain&euml;s dhe aleat&euml;ve evropian&euml; n&euml; Sht&euml;pin&euml; e Bardh&euml;, kishte shpres&euml; p&euml;r nj&euml; proces diplomatik t&euml; rigjall&euml;ruar mbi Ukrain&euml;n. Kjo shpres&euml; tani &euml;sht&euml; zbehur s&euml; bashku me dritat n&euml; t&euml; gjith&euml; Ukrain&euml;n, pasi Putini nisi nj&euml; nga sulmet [&hellip;]<\/p>\n","protected":false},"author":2,"featured_media":43142,"comment_status":"open","ping_status":"closed","sticky":false,"template":"","format":"standard","meta":{"_monsterinsights_skip_tracking":false,"_monsterinsights_sitenote_active":false,"_monsterinsights_sitenote_note":"","_monsterinsights_sitenote_category":0,"footnotes":""},"categories":[569],"tags":[],"class_list":["post-43141","post","type-post","status-publish","format-standard","has-post-thumbnail","hentry","category-bota"],"_links":{"self":[{"href":"https:\/\/radiojehona.mk\/index.php?rest_route=\/wp\/v2\/posts\/43141","targetHints":{"allow":["GET"]}}],"collection":[{"href":"https:\/\/radiojehona.mk\/index.php?rest_route=\/wp\/v2\/posts"}],"about":[{"href":"https:\/\/radiojehona.mk\/index.php?rest_route=\/wp\/v2\/types\/post"}],"author":[{"embeddable":true,"href":"https:\/\/radiojehona.mk\/index.php?rest_route=\/wp\/v2\/users\/2"}],"replies":[{"embeddable":true,"href":"https:\/\/radiojehona.mk\/index.php?rest_route=%2Fwp%2Fv2%2Fcomments&post=43141"}],"version-history":[{"count":1,"href":"https:\/\/radiojehona.mk\/index.php?rest_route=\/wp\/v2\/posts\/43141\/revisions"}],"predecessor-version":[{"id":43143,"href":"https:\/\/radiojehona.mk\/index.php?rest_route=\/wp\/v2\/posts\/43141\/revisions\/43143"}],"wp:featuredmedia":[{"embeddable":true,"href":"https:\/\/radiojehona.mk\/index.php?rest_route=\/wp\/v2\/media\/43142"}],"wp:attachment":[{"href":"https:\/\/radiojehona.mk\/index.php?rest_route=%2Fwp%2Fv2%2Fmedia&parent=43141"}],"wp:term":[{"taxonomy":"category","embeddable":true,"href":"https:\/\/radiojehona.mk\/index.php?rest_route=%2Fwp%2Fv2%2Fcategories&post=43141"},{"taxonomy":"post_tag","embeddable":true,"href":"https:\/\/radiojehona.mk\/index.php?rest_route=%2Fwp%2Fv2%2Ftags&post=43141"}],"curies":[{"name":"wp","href":"https:\/\/api.w.org\/{rel}","templated":true}]}}