{"id":43138,"date":"2025-09-02T18:13:50","date_gmt":"2025-09-02T18:13:50","guid":{"rendered":"https:\/\/radiojehona.com\/?p=43138"},"modified":"2025-09-02T18:13:50","modified_gmt":"2025-09-02T18:13:50","slug":"vijojne-protestat-antiqeveritare-ne-beograd","status":"publish","type":"post","link":"https:\/\/radiojehona.mk\/?p=43138","title":{"rendered":"Vijojn\u00eb protestat antiqeveritare n\u00eb Beograd"},"content":{"rendered":"\n<figure class=\"wp-block-image size-large\"><img fetchpriority=\"high\" decoding=\"async\" width=\"1024\" height=\"538\" src=\"https:\/\/radiojehona.com\/wp-content\/uploads\/2025\/09\/1200-630-1756819516x656984-protesta-beograd-1-780x470-1-498-1024x538.webp\" alt=\"\" class=\"wp-image-43139\" srcset=\"https:\/\/radiojehona.mk\/wp-content\/uploads\/2025\/09\/1200-630-1756819516x656984-protesta-beograd-1-780x470-1-498-1024x538.webp 1024w, https:\/\/radiojehona.mk\/wp-content\/uploads\/2025\/09\/1200-630-1756819516x656984-protesta-beograd-1-780x470-1-498-300x158.webp 300w, https:\/\/radiojehona.mk\/wp-content\/uploads\/2025\/09\/1200-630-1756819516x656984-protesta-beograd-1-780x470-1-498-768x403.webp 768w, https:\/\/radiojehona.mk\/wp-content\/uploads\/2025\/09\/1200-630-1756819516x656984-protesta-beograd-1-780x470-1-498.webp 1200w\" sizes=\"(max-width: 1024px) 100vw, 1024px\" \/><\/figure>\n\n\n\n<p>Dhjet\u00ebra mij\u00ebra protestues antiqeveritar\u00eb marshuan s\u00ebrish n\u00eb Serbi. Demonstruesit u mblodh\u00ebn nd\u00ebrsa zyrtar\u00ebt policor\u00eb ruanin selin\u00eb e presidentit serb Aleksandar Vu\u00e7i\u00e7 n\u00eb Beograd.<\/p>\n\n\n\n<p>Protestuesit k\u00ebrkojn\u00eb zgjedhje t\u00eb parakohshme, hetime transparente dhe ndjekje penale p\u00ebr ata q\u00eb jan\u00eb p\u00ebrgjegj\u00ebs p\u00ebr shembjen e \u00e7atis\u00eb n\u00eb stacionin e trenit n\u00eb Novi Sad dhe media t\u00eb lira q\u00eb, sipas tyre, Vu\u00e7i\u00e7 po p\u00ebrpiqet t\u2019i mbyll\u00eb.<\/p>\n\n\n\n<p>M\u00eb shum\u00eb se nj\u00ebqind profesor\u00eb universitar\u00eb dhe t\u00eb shkollave t\u00eb mesme kan\u00eb humbur vendet e tyre t\u00eb pun\u00ebs pasi qeveria nd\u00ebrmori masa nd\u00ebshkuese ndaj mb\u00ebshtetjes s\u00eb tyre p\u00ebr student\u00ebt.<\/p>\n\n\n\n<p>\u201cJemi k\u00ebtu sot p\u00ebr ta mb\u00ebshtetur t\u00eb v\u00ebrtet\u00ebn, p\u00ebr t\u00eb mb\u00ebshtetur at\u00eb q\u00eb student\u00ebt kan\u00eb b\u00ebr\u00eb gjat\u00eb 10 muajve t\u00eb fundit. Ka ardhur koha q\u00eb di\u00e7ka t\u00eb ndryshoj\u00eb\u201d, tha Pavle Maksimoviq, banor i Beogradit.<\/p>\n\n\n\n<p>\u201cJemi k\u00ebtu p\u00ebr t\u2019i mb\u00ebshtetur f\u00ebmij\u00ebt tan\u00eb, n\u00eb gjith\u00e7ka q\u00eb ata b\u00ebjn\u00eb\u201d, u shpreh Igor, banor i Beogradit.<\/p>\n\n\n\n<p>Protesta e madhe e s\u00eb h\u00ebn\u00ebs u mbajt nd\u00ebrkoh\u00eb q\u00eb Vu\u00e7i\u00e7, udh\u00ebtoi p\u00ebr n\u00eb Kin\u00eb p\u00ebr nj\u00eb samit ku marrin pjes\u00eb presidenti rus Vlladimir Putin, si dhe lider\u00ebt e Kin\u00ebs, Kores\u00eb s\u00eb Veriut, Bjellorusis\u00eb dhe Iranit.<\/p>\n\n\n\n<p>Protesta e udh\u00ebhequr nga nx\u00ebn\u00ebs t\u00eb shkollave t\u00eb mesme dhe student\u00eb sh\u00ebnon 10 muaj nga shembja e \u00e7atis\u00eb s\u00eb betonit n\u00eb stacionin e trenit n\u00eb Novi Sad, ku humb\u00ebn jet\u00ebn 16 persona. Kjo tragjedi ndezi nj\u00eb val\u00eb zem\u00ebrimi p\u00ebr korrupsionin shtet\u00ebror dhe neglizhenc\u00ebn e institucioneve q\u00eb p\u00ebrmend\u00ebn si shkaqet kryesore.\/ Alsat.mk<\/p>\n","protected":false},"excerpt":{"rendered":"<p>Dhjet&euml;ra mij&euml;ra protestues antiqeveritar&euml; marshuan s&euml;rish n&euml; Serbi. Demonstruesit u mblodh&euml;n nd&euml;rsa zyrtar&euml;t policor&euml; ruanin selin&euml; e presidentit serb Aleksandar Vu&ccedil;i&ccedil; n&euml; Beograd. Protestuesit k&euml;rkojn&euml; zgjedhje t&euml; parakohshme, hetime transparente dhe ndjekje penale p&euml;r ata q&euml; jan&euml; p&euml;rgjegj&euml;s p&euml;r shembjen e &ccedil;atis&euml; n&euml; stacionin e trenit n&euml; Novi Sad dhe media t&euml; lira q&euml;, sipas [&hellip;]<\/p>\n","protected":false},"author":2,"featured_media":43139,"comment_status":"open","ping_status":"closed","sticky":false,"template":"","format":"standard","meta":{"_monsterinsights_skip_tracking":false,"_monsterinsights_sitenote_active":false,"_monsterinsights_sitenote_note":"","_monsterinsights_sitenote_category":0,"footnotes":""},"categories":[576],"tags":[],"class_list":["post-43138","post","type-post","status-publish","format-standard","has-post-thumbnail","hentry","category-rajoni"],"_links":{"self":[{"href":"https:\/\/radiojehona.mk\/index.php?rest_route=\/wp\/v2\/posts\/43138","targetHints":{"allow":["GET"]}}],"collection":[{"href":"https:\/\/radiojehona.mk\/index.php?rest_route=\/wp\/v2\/posts"}],"about":[{"href":"https:\/\/radiojehona.mk\/index.php?rest_route=\/wp\/v2\/types\/post"}],"author":[{"embeddable":true,"href":"https:\/\/radiojehona.mk\/index.php?rest_route=\/wp\/v2\/users\/2"}],"replies":[{"embeddable":true,"href":"https:\/\/radiojehona.mk\/index.php?rest_route=%2Fwp%2Fv2%2Fcomments&post=43138"}],"version-history":[{"count":1,"href":"https:\/\/radiojehona.mk\/index.php?rest_route=\/wp\/v2\/posts\/43138\/revisions"}],"predecessor-version":[{"id":43140,"href":"https:\/\/radiojehona.mk\/index.php?rest_route=\/wp\/v2\/posts\/43138\/revisions\/43140"}],"wp:featuredmedia":[{"embeddable":true,"href":"https:\/\/radiojehona.mk\/index.php?rest_route=\/wp\/v2\/media\/43139"}],"wp:attachment":[{"href":"https:\/\/radiojehona.mk\/index.php?rest_route=%2Fwp%2Fv2%2Fmedia&parent=43138"}],"wp:term":[{"taxonomy":"category","embeddable":true,"href":"https:\/\/radiojehona.mk\/index.php?rest_route=%2Fwp%2Fv2%2Fcategories&post=43138"},{"taxonomy":"post_tag","embeddable":true,"href":"https:\/\/radiojehona.mk\/index.php?rest_route=%2Fwp%2Fv2%2Ftags&post=43138"}],"curies":[{"name":"wp","href":"https:\/\/api.w.org\/{rel}","templated":true}]}}