{"id":43135,"date":"2025-09-02T18:12:41","date_gmt":"2025-09-02T18:12:41","guid":{"rendered":"https:\/\/radiojehona.com\/?p=43135"},"modified":"2025-09-02T18:12:42","modified_gmt":"2025-09-02T18:12:42","slug":"mickoski-per-rezoluten-e-paralajmeruar-do-ta-shqyrtojme-dokumentin","status":"publish","type":"post","link":"https:\/\/radiojehona.mk\/?p=43135","title":{"rendered":"Mickoski p\u00ebr rezolut\u00ebn e paralajm\u00ebruar: Do ta shqyrtojm\u00eb dokumentin"},"content":{"rendered":"\n<figure class=\"wp-block-image size-full\"><img fetchpriority=\"high\" decoding=\"async\" width=\"696\" height=\"419\" src=\"https:\/\/radiojehona.com\/wp-content\/uploads\/2025\/09\/mickoski-1-780x470-1-696x419-1.webp\" alt=\"\" class=\"wp-image-43136\" srcset=\"https:\/\/radiojehona.mk\/wp-content\/uploads\/2025\/09\/mickoski-1-780x470-1-696x419-1.webp 696w, https:\/\/radiojehona.mk\/wp-content\/uploads\/2025\/09\/mickoski-1-780x470-1-696x419-1-300x181.webp 300w\" sizes=\"(max-width: 696px) 100vw, 696px\" \/><\/figure>\n\n\n\n<p>\u201cRezoluta p\u00ebr eurointegrimet nuk ka loj\u00ebra apo llogaritje t\u00eb fshehta,\u201d tha kryetari i LSDM-s\u00eb, Venko Filip\u00e7e, si p\u00ebrgjigje ndaj komentit t\u00eb kryeministrit Micskoski, i cili tha se \u00ebsht\u00eb e nevojshme nj\u00eb politik\u00eb e qart\u00eb, jo shpenzime t\u00eb nxituara. Filip\u00e7e pret q\u00eb Micskoski t\u00eb ket\u00eb nj\u00eb qasje serioze ndaj eurointegrimeve.<\/p>\n\n\n\n<p>\u201cMendoj se n\u00ebse VMRO-DPMNE dhe kryeministri do t\u00eb ken\u00eb k\u00ebt\u00eb qasje serioze ndaj tem\u00ebs \u2013 dhe nuk shoh arsye pse t\u00eb mos ken\u00eb \u2013 at\u00ebher\u00eb besoj se do t\u00eb gjejm\u00eb nj\u00eb zgjidhje. Gjith\u00e7ka q\u00eb \u00ebsht\u00eb b\u00ebr\u00eb n\u00eb fush\u00ebn e eurointegrimeve n\u00eb periudh\u00ebn e kaluar \u00ebsht\u00eb brenda korniz\u00ebs dhe kontekstit t\u00eb interesave t\u00eb larta shtet\u00ebrore. Gjithmon\u00eb \u00ebsht\u00eb kushtuar kujdes i madh p\u00ebr element\u00ebt tan\u00eb identitar\u00eb dhe p\u00ebr pozicionet e shtetit\u201d, tha Venko Filip\u00e7e \u2013 kryetar i LSDM-s\u00eb.<\/p>\n\n\n\n<p>Edhe pse m\u00eb par\u00eb e kishte refuzuar hapur iden\u00eb, kryeministri Micskoski tani u t\u00ebrhoq dhe tha se megjithat\u00eb do ta shqyrtoj\u00eb dokumentin dhe n\u00ebse e sheh t\u00eb nevojshme, grupi parlamentar i VMRO-DPMNE-s\u00eb do t\u00eb jap\u00eb kontributin e vet.<\/p>\n\n\n\n<p>\u201cT\u00eb shohim dokumentin q\u00eb do t\u00eb dor\u00ebzojn\u00eb, shpresoj se do t\u00eb lejojn\u00eb q\u00eb edhe VMRO-DPMNE dhe grupi parlamentar i koalicionit t\u00eb japin inputin e tyre n\u00eb t\u00eb gjith\u00eb k\u00ebt\u00eb proces. Pra, le t\u00eb shohim dokumentin, t\u00eb shohim se \u00e7far\u00eb do t\u00eb ofrojn\u00eb t\u00eb re, edhe pse duhet t\u00eb them se n\u00eb t\u00eb kaluar\u00ebn, deklaratat e LSDM-s\u00eb shpesh kan\u00eb p\u00ebrfunduar si letra t\u00eb zakonshme n\u00eb let\u00ebr, dhe nuk respektohen fare\u201d, u shpreh kryeministri i vendit, Hristijan Mickoski.<\/p>\n\n\n\n<p>S\u00eb fundi, edhe komisionerja evropiane Ursula von der Leyen nuk tha konkretisht n\u00ebse do t\u00eb marr\u00eb parasysh k\u00ebrkesat e Mickoskit lidhur me ndryshimet kushtetuese, por theksoi se vendet e Ballkanit Per\u00ebndimor do t\u00eb b\u00ebhen pjes\u00eb e Bashkimit Evropian bazuar n\u00eb meritat e tyre.<\/p>\n\n\n\n<p><a href=\"https:\/\/zdravjebezrecept.mk\/product\/multi-essence-vitamin-d3-1000-iu-2000-iu-4000-iu\/\"><\/a><\/p>\n","protected":false},"excerpt":{"rendered":"<p>&ldquo;Rezoluta p&euml;r eurointegrimet nuk ka loj&euml;ra apo llogaritje t&euml; fshehta,&rdquo; tha kryetari i LSDM-s&euml;, Venko Filip&ccedil;e, si p&euml;rgjigje ndaj komentit t&euml; kryeministrit Micskoski, i cili tha se &euml;sht&euml; e nevojshme nj&euml; politik&euml; e qart&euml;, jo shpenzime t&euml; nxituara. Filip&ccedil;e pret q&euml; Micskoski t&euml; ket&euml; nj&euml; qasje serioze ndaj eurointegrimeve. &ldquo;Mendoj se n&euml;se VMRO-DPMNE dhe kryeministri [&hellip;]<\/p>\n","protected":false},"author":2,"featured_media":43136,"comment_status":"open","ping_status":"closed","sticky":false,"template":"","format":"standard","meta":{"_monsterinsights_skip_tracking":false,"_monsterinsights_sitenote_active":false,"_monsterinsights_sitenote_note":"","_monsterinsights_sitenote_category":0,"footnotes":""},"categories":[1],"tags":[],"class_list":["post-43135","post","type-post","status-publish","format-standard","has-post-thumbnail","hentry","category-vendi"],"_links":{"self":[{"href":"https:\/\/radiojehona.mk\/index.php?rest_route=\/wp\/v2\/posts\/43135","targetHints":{"allow":["GET"]}}],"collection":[{"href":"https:\/\/radiojehona.mk\/index.php?rest_route=\/wp\/v2\/posts"}],"about":[{"href":"https:\/\/radiojehona.mk\/index.php?rest_route=\/wp\/v2\/types\/post"}],"author":[{"embeddable":true,"href":"https:\/\/radiojehona.mk\/index.php?rest_route=\/wp\/v2\/users\/2"}],"replies":[{"embeddable":true,"href":"https:\/\/radiojehona.mk\/index.php?rest_route=%2Fwp%2Fv2%2Fcomments&post=43135"}],"version-history":[{"count":1,"href":"https:\/\/radiojehona.mk\/index.php?rest_route=\/wp\/v2\/posts\/43135\/revisions"}],"predecessor-version":[{"id":43137,"href":"https:\/\/radiojehona.mk\/index.php?rest_route=\/wp\/v2\/posts\/43135\/revisions\/43137"}],"wp:featuredmedia":[{"embeddable":true,"href":"https:\/\/radiojehona.mk\/index.php?rest_route=\/wp\/v2\/media\/43136"}],"wp:attachment":[{"href":"https:\/\/radiojehona.mk\/index.php?rest_route=%2Fwp%2Fv2%2Fmedia&parent=43135"}],"wp:term":[{"taxonomy":"category","embeddable":true,"href":"https:\/\/radiojehona.mk\/index.php?rest_route=%2Fwp%2Fv2%2Fcategories&post=43135"},{"taxonomy":"post_tag","embeddable":true,"href":"https:\/\/radiojehona.mk\/index.php?rest_route=%2Fwp%2Fv2%2Ftags&post=43135"}],"curies":[{"name":"wp","href":"https:\/\/api.w.org\/{rel}","templated":true}]}}