{"id":43132,"date":"2025-09-02T18:11:41","date_gmt":"2025-09-02T18:11:41","guid":{"rendered":"https:\/\/radiojehona.com\/?p=43132"},"modified":"2025-09-02T18:11:42","modified_gmt":"2025-09-02T18:11:42","slug":"bdi-pushteti-ushqen-huliganizmin","status":"publish","type":"post","link":"https:\/\/radiojehona.mk\/?p=43132","title":{"rendered":"BDI: Pushteti ushqen huliganizmin"},"content":{"rendered":"\n<figure class=\"wp-block-image size-full\"><img fetchpriority=\"high\" decoding=\"async\" width=\"780\" height=\"439\" src=\"https:\/\/radiojehona.com\/wp-content\/uploads\/2025\/09\/IMG_4649.jpeg.webp\" alt=\"\" class=\"wp-image-43133\" srcset=\"https:\/\/radiojehona.mk\/wp-content\/uploads\/2025\/09\/IMG_4649.jpeg.webp 780w, https:\/\/radiojehona.mk\/wp-content\/uploads\/2025\/09\/IMG_4649.jpeg-300x169.webp 300w, https:\/\/radiojehona.mk\/wp-content\/uploads\/2025\/09\/IMG_4649.jpeg-768x432.webp 768w\" sizes=\"(max-width: 780px) 100vw, 780px\" \/><\/figure>\n\n\n\n<p>Sulmi i turpsh\u00ebm n\u00eb Manastir ndaj nj\u00eb qytetari shqiptar me shtet\u00ebsi suedeze, vet\u00ebm pse mbante nj\u00eb bluz\u00eb me shqiponj\u00eb, dhe deklaratat skandaloze t\u00eb nj\u00eb grupi tifoz\u00ebsh t\u00eb quajtur \u201c\u00c7kembari\u201d q\u00eb fyejn\u00eb flamurin ton\u00eb komb\u00ebtar, jan\u00eb d\u00ebshmi e qart\u00eb se nacionalizmi dhe urrejtja nd\u00ebretnike po ushqehen p\u00ebrdit\u00eb nga partit\u00eb n\u00eb pushtet dhe nga vet\u00eb kreu shtet\u00ebror.<\/p>\n\n\n\n<p>Kur n\u00eb stadiume dhe tribuna publike, n\u00eb pranin\u00eb e udh\u00ebheq\u00ebsve t\u00eb shtetit, d\u00ebgjohen thirrje urrejtjeje dhe askush nuk mban p\u00ebrgjegj\u00ebsi penale; kur p\u00ebrfaq\u00ebsuesit m\u00eb t\u00eb lart\u00eb t\u00eb pushtetit tallen duke th\u00ebn\u00eb se \u201cnuk kan\u00eb d\u00ebgjuar\u201d ato thirrje, at\u00ebher\u00eb nuk b\u00ebhet m\u00eb fjal\u00eb p\u00ebr incidente t\u00eb izoluara, por p\u00ebr nj\u00eb klim\u00eb t\u00eb q\u00ebllimshme nxitjeje dhe relativizimi t\u00eb urrejtjes e cila nuk po ndalon.<\/p>\n\n\n\n<p>BDI thekson se kjo qasje \u00ebsht\u00eb n\u00eb kund\u00ebrshtim flagrant me frym\u00ebn e Marr\u00ebveshjes s\u00eb Ohrit dhe me vlerat mbi t\u00eb cilat nd\u00ebrtohet bashk\u00ebjetesa. Sulmet mbi baza etnike dhe fushatat e urrejtjes nuk lindin vetvetiu, ato burojn\u00eb nga politika q\u00eb e sheh kolltukun para barazis\u00eb dhe q\u00eb mbron huligan\u00ebt n\u00eb vend q\u00eb t\u2019i nd\u00ebshkoj\u00eb.<\/p>\n\n\n\n<p>Ne k\u00ebrkojm\u00eb masa urgjente dhe t\u00eb pakompromis:<br>\u2022 Prokuroria t\u00eb hap\u00eb procedura p\u00ebr nxitje t\u00eb urrejtjes nd\u00ebretnike;<br>\u2022 MPB t\u00eb identifikoj\u00eb dhe nd\u00ebshkoj\u00eb autor\u00ebt e sulmit;<br>\u2022 Kreu i shtetit dhe partit\u00eb n\u00eb pushtet t\u00eb ndalin diskursin q\u00eb legjitimon urrejtjen dhe diskriminimin.<\/p>\n\n\n\n<p>Flamuri shqiptar nuk \u00ebsht\u00eb provokim, ai \u00ebsht\u00eb i institucionalizuar, \u00ebsht\u00eb simbol i nj\u00eb kombi t\u00eb t\u00ebr\u00eb dhe kushdo q\u00eb e p\u00ebrdhos duhet t\u00eb jap\u00eb llogari para drejt\u00ebsis\u00eb. Heshtja dhe vonesa jan\u00eb bashk\u00ebfaj\u00ebsi.<\/p>\n\n\n\n<p>Shteti nuk mund t\u00eb nd\u00ebrtohet mbi urrejtje, por mbi barazi dhe respekt t\u00eb nd\u00ebrsjell\u00eb.<\/p>\n","protected":false},"excerpt":{"rendered":"<p>Sulmi i turpsh&euml;m n&euml; Manastir ndaj nj&euml; qytetari shqiptar me shtet&euml;si suedeze, vet&euml;m pse mbante nj&euml; bluz&euml; me shqiponj&euml;, dhe deklaratat skandaloze t&euml; nj&euml; grupi tifoz&euml;sh t&euml; quajtur &ldquo;&Ccedil;kembari&rdquo; q&euml; fyejn&euml; flamurin ton&euml; komb&euml;tar, jan&euml; d&euml;shmi e qart&euml; se nacionalizmi dhe urrejtja nd&euml;retnike po ushqehen p&euml;rdit&euml; nga partit&euml; n&euml; pushtet dhe nga vet&euml; kreu shtet&euml;ror. [&hellip;]<\/p>\n","protected":false},"author":2,"featured_media":43133,"comment_status":"open","ping_status":"closed","sticky":false,"template":"","format":"standard","meta":{"_monsterinsights_skip_tracking":false,"_monsterinsights_sitenote_active":false,"_monsterinsights_sitenote_note":"","_monsterinsights_sitenote_category":0,"footnotes":""},"categories":[1],"tags":[],"class_list":["post-43132","post","type-post","status-publish","format-standard","has-post-thumbnail","hentry","category-vendi"],"_links":{"self":[{"href":"https:\/\/radiojehona.mk\/index.php?rest_route=\/wp\/v2\/posts\/43132","targetHints":{"allow":["GET"]}}],"collection":[{"href":"https:\/\/radiojehona.mk\/index.php?rest_route=\/wp\/v2\/posts"}],"about":[{"href":"https:\/\/radiojehona.mk\/index.php?rest_route=\/wp\/v2\/types\/post"}],"author":[{"embeddable":true,"href":"https:\/\/radiojehona.mk\/index.php?rest_route=\/wp\/v2\/users\/2"}],"replies":[{"embeddable":true,"href":"https:\/\/radiojehona.mk\/index.php?rest_route=%2Fwp%2Fv2%2Fcomments&post=43132"}],"version-history":[{"count":1,"href":"https:\/\/radiojehona.mk\/index.php?rest_route=\/wp\/v2\/posts\/43132\/revisions"}],"predecessor-version":[{"id":43134,"href":"https:\/\/radiojehona.mk\/index.php?rest_route=\/wp\/v2\/posts\/43132\/revisions\/43134"}],"wp:featuredmedia":[{"embeddable":true,"href":"https:\/\/radiojehona.mk\/index.php?rest_route=\/wp\/v2\/media\/43133"}],"wp:attachment":[{"href":"https:\/\/radiojehona.mk\/index.php?rest_route=%2Fwp%2Fv2%2Fmedia&parent=43132"}],"wp:term":[{"taxonomy":"category","embeddable":true,"href":"https:\/\/radiojehona.mk\/index.php?rest_route=%2Fwp%2Fv2%2Fcategories&post=43132"},{"taxonomy":"post_tag","embeddable":true,"href":"https:\/\/radiojehona.mk\/index.php?rest_route=%2Fwp%2Fv2%2Ftags&post=43132"}],"curies":[{"name":"wp","href":"https:\/\/api.w.org\/{rel}","templated":true}]}}