{"id":43127,"date":"2025-09-02T18:08:48","date_gmt":"2025-09-02T18:08:48","guid":{"rendered":"https:\/\/radiojehona.com\/?p=43127"},"modified":"2025-09-02T18:08:48","modified_gmt":"2025-09-02T18:08:48","slug":"studentet-kerkojne-rritjen-e-shumes-se-shujtes-studentore-nga-140-ne-150-denare","status":"publish","type":"post","link":"https:\/\/radiojehona.mk\/?p=43127","title":{"rendered":"Student\u00ebt k\u00ebrkojn\u00eb rritjen e shum\u00ebs s\u00eb shujt\u00ebs studentore nga 140 n\u00eb 150 denar\u00eb"},"content":{"rendered":"\n<figure class=\"wp-block-image size-full\"><img fetchpriority=\"high\" decoding=\"async\" width=\"850\" height=\"478\" src=\"https:\/\/radiojehona.com\/wp-content\/uploads\/2025\/03\/auto_rroga-denari-MK-780x4391742905394-1.jpg\" alt=\"\" class=\"wp-image-41985\" srcset=\"https:\/\/radiojehona.mk\/wp-content\/uploads\/2025\/03\/auto_rroga-denari-MK-780x4391742905394-1.jpg 850w, https:\/\/radiojehona.mk\/wp-content\/uploads\/2025\/03\/auto_rroga-denari-MK-780x4391742905394-1-300x169.jpg 300w, https:\/\/radiojehona.mk\/wp-content\/uploads\/2025\/03\/auto_rroga-denari-MK-780x4391742905394-1-768x432.jpg 768w, https:\/\/radiojehona.mk\/wp-content\/uploads\/2025\/03\/auto_rroga-denari-MK-780x4391742905394-1-800x450.jpg 800w\" sizes=\"(max-width: 850px) 100vw, 850px\" \/><\/figure>\n\n\n\n<p>Trupi nacional studentor k\u00ebrkon q\u00eb shuma e shujt\u00ebs studentore t\u00eb rritet n\u00eb 150 denar\u00eb, 10 denar\u00eb m\u00eb shum\u00eb nga ajo q\u00eb po zbatohet p\u00ebr momentin. Sipas k\u00ebtij trupi, kjo k\u00ebrkes\u00eb b\u00ebhet n\u00eb p\u00ebrputhje me Ligjin p\u00ebr subvencionim t\u00eb shujt\u00ebs studentopre e cila p\u00ebrshtatet n\u00eb p\u00ebrputhje me norm\u00ebn e inflacionit pas \u00e7do viti fiskal dhe para miratimit t\u00eb buxhetit p\u00ebr vitin e ardhsh\u00ebm.<\/p>\n\n\n\n<p>\u201cN\u00ebse marrim parasysh se mesatarisht rreth 30,000 student\u00eb n\u00eb vend jan\u00eb p\u00ebrfitues t\u00eb mas\u00ebs gjat\u00eb 9 muajve t\u00eb vitit, at\u00ebher\u00eb kjo rritje k\u00ebrkon 70,200,000 denar\u00eb shtes\u00eb ose 1,141,463 euro n\u00eb vit. Kjo p\u00ebrshtatje nuk \u00ebsht\u00eb nj\u00eb privilegj shtes\u00eb, por nj\u00eb hap i domosdosh\u00ebm p\u00ebr t\u00eb ruajtur vler\u00ebn reale t\u00eb ushqimit studentor. Kjo rritje do t\u00eb ofroj\u00eb siguri dhe mb\u00ebshtetje m\u00eb t\u00eb madhe p\u00ebr student\u00ebt p\u00ebrball\u00eb rritjes s\u00eb kostove t\u00eb jetes\u00ebs, do t\u00eb leht\u00ebsoj\u00eb barr\u00ebn e tyre financiare dhe do t\u00eb kontribuoj\u00eb n\u00eb krijimin e kushteve m\u00eb t\u00eb mira p\u00ebr studim,\u201d tha Aleksandar Nikollovski, Trupi Nacional Studentor.<\/p>\n\n\n\n<p>Ministrja e Arsimit, Vesna Janevska tha se do t\u00eb angazhohet p\u00ebr t\u00eb plot\u00ebsuar k\u00ebt\u00eb k\u00ebrkes\u00eb t\u00eb student\u00ebve. Mir\u00ebpo, si\u00e7 tha Janevska realizimi nuk mund t\u00eb garantohet p\u00ebr momentin.<\/p>\n\n\n\n<p>\u201cDeri tani, \u00e7do gj\u00eb q\u00eb \u00ebsht\u00eb k\u00ebrkuar nga ana e tyre \u00ebsht\u00eb realizuar dhe plot\u00ebsuar. Kjo \u00e7\u00ebshtje ka arritur deri tek un\u00eb, mendoj se n\u00eb t\u00eb ardhmen ndoshta mund t\u00eb dakordohemi mir\u00ebpo n\u00eb k\u00ebt\u00eb moment nuk mund t\u00eb garantoj sepse buxheti i Ministris\u00eb s\u00eb Arsimit varet nga buxheti i shtetit. Sigurisht q\u00eb do t\u00eb angazhohem, n\u00ebse \u00ebsht\u00eb e mundur edhe kjo k\u00ebrkes\u00eb t\u00eb realizohet vitin e ardhsh\u00ebm,\u201d deklaroi Vesna Janevska, ministre e Arsimit.<\/p>\n\n\n\n<p>Her\u00ebn e fundit, shuma e subvencionit t\u00eb shujt\u00ebs studentore ndryshoi n\u00eb vitin 2023 nga 120 n\u00eb 140 denar\u00eb. Nd\u00ebrkoh\u00eb, Ministria e Arsimit deri m\u00eb 5 shtator do t\u00eb pranoj\u00eb aplikime nga student\u00ebt e vendit p\u00ebr realizimin e t\u00eb drejt\u00ebs p\u00ebr subvencionimin e shujt\u00ebs p\u00ebr student\u00ebt gjat\u00eb vitit akademik 2025\/2026. \/alsat.mk<\/p>\n\n\n\n<p><a href=\"https:\/\/zdravjebezrecept.mk\/product\/multi-essence-vitamin-d3-1000-iu-2000-iu-4000-iu\/\"><\/a><\/p>\n","protected":false},"excerpt":{"rendered":"<p>Trupi nacional studentor k&euml;rkon q&euml; shuma e shujt&euml;s studentore t&euml; rritet n&euml; 150 denar&euml;, 10 denar&euml; m&euml; shum&euml; nga ajo q&euml; po zbatohet p&euml;r momentin. Sipas k&euml;tij trupi, kjo k&euml;rkes&euml; b&euml;het n&euml; p&euml;rputhje me Ligjin p&euml;r subvencionim t&euml; shujt&euml;s studentopre e cila p&euml;rshtatet n&euml; p&euml;rputhje me norm&euml;n e inflacionit pas &ccedil;do viti fiskal dhe para [&hellip;]<\/p>\n","protected":false},"author":2,"featured_media":41985,"comment_status":"open","ping_status":"closed","sticky":false,"template":"","format":"standard","meta":{"_monsterinsights_skip_tracking":false,"_monsterinsights_sitenote_active":false,"_monsterinsights_sitenote_note":"","_monsterinsights_sitenote_category":0,"footnotes":""},"categories":[1],"tags":[],"class_list":["post-43127","post","type-post","status-publish","format-standard","has-post-thumbnail","hentry","category-vendi"],"_links":{"self":[{"href":"https:\/\/radiojehona.mk\/index.php?rest_route=\/wp\/v2\/posts\/43127","targetHints":{"allow":["GET"]}}],"collection":[{"href":"https:\/\/radiojehona.mk\/index.php?rest_route=\/wp\/v2\/posts"}],"about":[{"href":"https:\/\/radiojehona.mk\/index.php?rest_route=\/wp\/v2\/types\/post"}],"author":[{"embeddable":true,"href":"https:\/\/radiojehona.mk\/index.php?rest_route=\/wp\/v2\/users\/2"}],"replies":[{"embeddable":true,"href":"https:\/\/radiojehona.mk\/index.php?rest_route=%2Fwp%2Fv2%2Fcomments&post=43127"}],"version-history":[{"count":1,"href":"https:\/\/radiojehona.mk\/index.php?rest_route=\/wp\/v2\/posts\/43127\/revisions"}],"predecessor-version":[{"id":43128,"href":"https:\/\/radiojehona.mk\/index.php?rest_route=\/wp\/v2\/posts\/43127\/revisions\/43128"}],"wp:featuredmedia":[{"embeddable":true,"href":"https:\/\/radiojehona.mk\/index.php?rest_route=\/wp\/v2\/media\/41985"}],"wp:attachment":[{"href":"https:\/\/radiojehona.mk\/index.php?rest_route=%2Fwp%2Fv2%2Fmedia&parent=43127"}],"wp:term":[{"taxonomy":"category","embeddable":true,"href":"https:\/\/radiojehona.mk\/index.php?rest_route=%2Fwp%2Fv2%2Fcategories&post=43127"},{"taxonomy":"post_tag","embeddable":true,"href":"https:\/\/radiojehona.mk\/index.php?rest_route=%2Fwp%2Fv2%2Ftags&post=43127"}],"curies":[{"name":"wp","href":"https:\/\/api.w.org\/{rel}","templated":true}]}}